{"id":336120,"date":"2026-08-29T05:40:21","date_gmt":"2026-08-29T05:40:21","guid":{"rendered":"https:\/\/www.europesays.com\/fi\/336120\/"},"modified":"2026-08-29T05:40:21","modified_gmt":"2026-08-29T05:40:21","slug":"voiko-prinssi-harry-saada-tahtonsa-lapi-sisaministeriolta-yllattava-veto","status":"publish","type":"post","link":"https:\/\/www.europesays.com\/fi\/336120\/","title":{"rendered":"Voiko prinssi Harry saada tahtonsa l\u00e4pi? Sis\u00e4ministeri\u00f6lt\u00e4 yll\u00e4tt\u00e4v\u00e4 veto"},"content":{"rendered":"<p>Sussexien herttuapari aloittaa nyt uuden el\u00e4m\u00e4n Britanniassa.<\/p>\n<p><img decoding=\"async\" class=\"image image-show image-preview\" src=\"https:\/\/www.europesays.com\/fi\/wp-content\/uploads\/2026\/08\/2ab190f58657a9ce86b273843f67558b40c35a7e36b0ae0f17b6d3a518f2644f.jpg\" alt=\"\"\/><img decoding=\"async\" class=\"image image-show\" src=\"https:\/\/www.europesays.com\/fi\/wp-content\/uploads\/2026\/08\/1787982021_171_2ab190f58657a9ce86b273843f67558b40c35a7e36b0ae0f17b6d3a518f2644f.jpg\" alt=\"\"\/><\/p>\n<p>Saako prinssi Harry Britanniassa korkeimman luokan suojelun? Sis\u00e4ministeri\u00f6 selvitt\u00e4\u00e4 uudelleen perheen tilannetta. AOP<\/p>\n<p class=\"paragraph\">Prinssi <strong>Harry<\/strong> ja herttuatar <strong>Meghan<\/strong> saapuivat keskiviikkona lastensa kanssa Britanniaan. <a href=\"https:\/\/www.mirror.co.uk\/news\/royals\/prince-harry-meghan-security-convoy-37600997\" target=\"_blank\" rel=\"noopener nofollow\">Mirrorin<\/a> julkaisemissa kuvissa Sussexin perhett\u00e4 kuljetetaan Birminghamin lentokent\u00e4lt\u00e4 mustan Mercedes benz -pakettiauton ja kahden Range Roverin saattueessa. Lehden mukaan heid\u00e4n yksityinen turvatiimins\u00e4 oli perhett\u00e4 vastassa kent\u00e4ll\u00e4.<\/p>\n<p class=\"paragraph\"><a href=\"https:\/\/www.mirror.co.uk\/news\/royals\/prince-harry-taxpayer-security-review-37601312\" rel=\"noopener nofollow\" target=\"_blank\">Mirrorin<\/a> mukaan prinssi Harryn toivo verovaroin kustannetusta korkeimman luokan suojelusta ei v\u00e4ltt\u00e4m\u00e4tt\u00e4 ole mennytt\u00e4, sill\u00e4 Britannian sis\u00e4ministeri\u00f6 on tilannut uuden selvityksen perheen kokemasta terroriuhasta. Prinssi pyysi turvatoimien uudelleenarvioimista henkil\u00f6kohtaisesti sis\u00e4ministeri <strong>Shabana Mahmoodilta<\/strong> Britanniaan saavuttuaan.<\/p>\n<p class=\"paragraph\">Prinssi kertoi hein\u00e4kuun lopussa sis\u00e4ministeri\u00f6lle aikomuksestaan matkustaa takaisin kotimaahansa, jossa perheen oli m\u00e4\u00e4r\u00e4 viett\u00e4\u00e4 \u201dpidemm\u00e4n aikaa\u201d.<\/p>\n<p class=\"paragraph\">Sussexin herttuapari menetti oikeutensa korkeimman luokan turvapalveluun j\u00e4tetty\u00e4\u00e4n vuonna 2020 kuninkaalliset ty\u00f6teht\u00e4v\u00e4ns\u00e4. Sis\u00e4ministeri\u00f6 ei ole viel\u00e4 tehnyt p\u00e4\u00e4t\u00f6st\u00e4 siit\u00e4, palautuuko t\u00e4m\u00e4 etu perheelle nyt takaisin muuton j\u00e4lkeen.<\/p>\n<p class=\"paragraph\">Viime vuodet perhe on asunut Yhdysvalloissa Kalifornian Montecitossa. Perhe s\u00e4ilytt\u00e4\u00e4 Monteciton kotinsa sek\u00e4 Portugalissa sijaitsevan talonsa. Mediatietojen mukaan perhe muuttaa Lontoon ulkopuolella sijaitsevaan yksityisasuntoon, joka ei ole hovin omistuksessa. BBC:n mukaan uusi koti sijaitsee mahdollisesti Cotswoldsin alueella. Lapset aloittavat brittil\u00e4isess\u00e4 koulussa syyskuussa.<\/p>\n<p class=\"paragraph\">Harry ja Meghan eiv\u00e4t ole lehtitietojen mukaan palaamassa kuninkaallisiin teht\u00e4viin, vaan he jatkavat yksityist\u00e4 yritystoimintaansa Britanniasta k\u00e4sin. Pariskunta on viime vuosina tehnyt muun muassa televisio-ohjelmia ja podcasteja, mink\u00e4 lis\u00e4ksi Meghan py\u00f6ritt\u00e4\u00e4 elintarvikkeisiin keskittyv\u00e4\u00e4 As ever -yrityst\u00e4\u00e4n.<\/p>\n","protected":false},"excerpt":{"rendered":"Sussexien herttuapari aloittaa nyt uuden el\u00e4m\u00e4n Britanniassa. Saako prinssi Harry Britanniassa korkeimman luokan suojelun? Sis\u00e4ministeri\u00f6 selvitt\u00e4\u00e4 uudelleen perheen&hellip;\n","protected":false},"author":2,"featured_media":336121,"comment_status":"","ping_status":"","sticky":false,"template":"","format":"standard","meta":{"footnotes":"","_share_on_mastodon":"0"},"categories":[130],"tags":[35,654,137,33,31,30,653,652,98,32,109,3006],"class_list":["post-336120","post","type-post","status-publish","format-standard","has-post-thumbnail","category-viihde","tag-24h","tag-britannian-kuningashuone","tag-entertainment","tag-fi","tag-finland","tag-finnish","tag-julkkisperheet","tag-kuninkaalliset","tag-perhe","tag-suomi","tag-viihde","tag-yhdistynyt-kuningaskunta"],"share_on_mastodon":{"url":"https:\/\/pubeurope.com\/@fi\/117177196984607293","error":""},"_links":{"self":[{"href":"https:\/\/www.europesays.com\/fi\/wp-json\/wp\/v2\/posts\/336120","targetHints":{"allow":["GET"]}}],"collection":[{"href":"https:\/\/www.europesays.com\/fi\/wp-json\/wp\/v2\/posts"}],"about":[{"href":"https:\/\/www.europesays.com\/fi\/wp-json\/wp\/v2\/types\/post"}],"author":[{"embeddable":true,"href":"https:\/\/www.europesays.com\/fi\/wp-json\/wp\/v2\/users\/2"}],"replies":[{"embeddable":true,"href":"https:\/\/www.europesays.com\/fi\/wp-json\/wp\/v2\/comments?post=336120"}],"version-history":[{"count":0,"href":"https:\/\/www.europesays.com\/fi\/wp-json\/wp\/v2\/posts\/336120\/revisions"}],"wp:featuredmedia":[{"embeddable":true,"href":"https:\/\/www.europesays.com\/fi\/wp-json\/wp\/v2\/media\/336121"}],"wp:attachment":[{"href":"https:\/\/www.europesays.com\/fi\/wp-json\/wp\/v2\/media?parent=336120"}],"wp:term":[{"taxonomy":"category","embeddable":true,"href":"https:\/\/www.europesays.com\/fi\/wp-json\/wp\/v2\/categories?post=336120"},{"taxonomy":"post_tag","embeddable":true,"href":"https:\/\/www.europesays.com\/fi\/wp-json\/wp\/v2\/tags?post=336120"}],"curies":[{"name":"wp","href":"https:\/\/api.w.org\/{rel}","templated":true}]}}