{"id":336150,"date":"2026-08-29T06:13:26","date_gmt":"2026-08-29T06:13:26","guid":{"rendered":"https:\/\/www.europesays.com\/fi\/336150\/"},"modified":"2026-08-29T06:13:26","modified_gmt":"2026-08-29T06:13:26","slug":"seinajoen-jouppilanvuorella-aloitettiin-paljon-keskustelua-kirvoittaneet-hakkuut-etela-pohjanmaa","status":"publish","type":"post","link":"https:\/\/www.europesays.com\/fi\/336150\/","title":{"rendered":"Sein\u00e4joen Jouppilanvuorella aloitettiin paljon keskustelua kirvoittaneet hakkuut | Etel\u00e4-Pohjanmaa"},"content":{"rendered":"<p class=\"aw__sc-1qwuw0s-0 aw__sc-1vg2sqm-0 epAWpq ecELkD yle__article__paragraph\">Suurin osa hakkuista on harvennusta, joka toteutetaan kolmen vuoden aikana lintujen pesint\u00e4aikojen ja talvisen hiihtokauden ulkopuolella.<\/p>\n<p><img decoding=\"async\" alt=\"Mets\u00e4ss\u00e4 harvennus hakkuun reunalla maassa makaa pinoissa katkottuja salkoja, edess\u00e4 k\u00e4velypolku.\" src=\"https:\/\/www.europesays.com\/fi\/wp-content\/uploads\/2026\/08\/1787902750.jpeg\" class=\"aw__sc-dklauk-0 LPzKX\"\/><\/p>\n<p>Avaa kuvien katselu<\/p>\n<p>Lenkki- ja luontopolun vieress\u00e4 kaadetut puut odottavat poisvienti\u00e4. Kuva: Arto Loukasm\u00e4ki \/ Yle<\/p>\n<p class=\"aw__sc-1qwuw0s-0 aw__sc-ngllmo-0 epAWpq fzYpjk yle__article__paragraph\">Sein\u00e4joen Jouppilanvuoren maastossa on aloitettu hakkuut. Suunnitellut avohakkuut aiheuttivat vuosi sitten kev\u00e4\u00e4ll\u00e4 vilkkaan keskustelun niiden tarpeellisuudesta. Keskustelujen j\u00e4lkeen suunnitelmiin tehtiin muutoksia.<\/p>\n<p class=\"aw__sc-1qwuw0s-0 aw__sc-ngllmo-0 epAWpq fzYpjk yle__article__paragraph\">Nyt suurin osa hakkuista on harvennushakkuita, jotka tehd\u00e4\u00e4n mets\u00e4koneella. Avohakkuukohteeksi j\u00e4i laskettelurinteen takana oleva pieni alue.<\/p>\n<p class=\"aw__sc-1qwuw0s-0 aw__sc-ngllmo-0 epAWpq fzYpjk yle__article__paragraph\">\u2013 Hakkuut toteutetaan kolmen vuoden aikana lintujen pesint\u00e4aikojen ja hiihtokauden ulkopuolella, kertoo Sein\u00e4joen kaupungin puutarhuri <strong class=\"aw__sc-ngllmo-2 gdRrun yle__article__strong\">Kari Hirvensalo<\/strong>.<\/p>\n<p><img decoding=\"async\" alt=\"Mets\u00e4kone korjaa puita mets\u00e4ss\u00e4, etualalla pinottuna kaadettuja tukkeja, taustalla havupuita.\" src=\"https:\/\/www.europesays.com\/fi\/wp-content\/uploads\/2026\/08\/1787903506.jpeg\" loading=\"lazy\" class=\"aw__sc-dklauk-0 LPzKX\"\/><\/p>\n<p>Avaa kuvien katselu<\/p>\n<p>Harvennukset tehd\u00e4\u00e4n motolla melko nopeasti, kun lintujen pesint\u00e4 ja hiihtokausi ovat ohi. Kuva: Arto Loukasm\u00e4ki \/ Yle<\/p>\n<p class=\"aw__sc-1qwuw0s-0 aw__sc-ngllmo-0 epAWpq fzYpjk yle__article__paragraph\">Sein\u00e4joen Jouppilanvuoren alueen liikunta- ja luontopaikkoja on rakennettu ja kunnostettu parinkymmenen vuoden aikana aktiivisesti. Ensimm\u00e4iset tiedot hakkuista ja varsinkin luontokohteiden l\u00e4heisyyteen suunnitelluista avohakkuista j\u00e4rkyttiv\u00e4t kaupunkilaisia runsas vuosi sitten.<\/p>\n<p class=\"aw__sc-1qwuw0s-0 aw__sc-ngllmo-0 epAWpq fzYpjk yle__article__paragraph\">Kun osa avohakkuista peruttiin, pahimmilta uhkakuvilta v\u00e4ltyttiin.<\/p>\n<p class=\"aw__sc-1qwuw0s-0 aw__sc-ngllmo-0 epAWpq fzYpjk yle__article__paragraph\">Lakeuden latu ja polku -yhdistyksen toiminnanjohtaja <strong class=\"aw__sc-ngllmo-2 gdRrun yle__article__strong\">Esko Vieri<\/strong> on ollut yhten\u00e4 taustavaikuttajana luontoliikkujien puolella. Ensimm\u00e4iset n\u00e4kym\u00e4t hakkuista eiv\u00e4t saaneet t\u00e4ytt\u00e4 tyrm\u00e4yst\u00e4.<\/p>\n<p class=\"aw__sc-1qwuw0s-0 aw__sc-ngllmo-0 epAWpq fzYpjk yle__article__paragraph\">\u2013 T\u00e4m\u00e4 ei tuhoa silm\u00e4n iloa kovin hirve\u00e4sti ja kai t\u00e4h\u00e4n ihmisen silm\u00e4 tottuu, vaikka joka puu ei olekaan en\u00e4\u00e4 pystyss\u00e4, sanoo Vieri.<\/p>\n<p><img decoding=\"async\" alt=\"Kaksi miest\u00e4 seisoo mets\u00e4ss\u00e4 kaadettujen puiden ja pystypuiden keskell\u00e4, taustalla n\u00e4kyy j\u00e4rvi.\" src=\"https:\/\/www.europesays.com\/fi\/wp-content\/uploads\/2026\/08\/1787903939.jpeg\" loading=\"lazy\" class=\"aw__sc-dklauk-0 LPzKX\"\/><\/p>\n<p>Avaa kuvien katselu<\/p>\n<p>Esko Vieri ja Kari Hirvensalo olivat katsomassa ensimm\u00e4isi\u00e4 avohakkuun\u00e4kymi\u00e4 l\u00e4hell\u00e4 Kyrk\u00f6sj\u00e4rve\u00e4. Kuva: Arto Loukasm\u00e4ki \/ Yle<\/p>\n<p class=\"aw__sc-1qwuw0s-0 aw__sc-ngllmo-0 epAWpq fzYpjk yle__article__paragraph\">Nyt luonnossa liikkujat ja lenkkeilij\u00e4t aistivat hakkuualueiden l\u00e4heisyydess\u00e4 voimakkaan pihkan tuoksun. Se kuitenkin katoaa siin\u00e4 vaiheessa, kun kaadetut puut kuljetetaan pois.<\/p>\n<p class=\"aw__sc-1qwuw0s-0 aw__sc-ngllmo-0 epAWpq fzYpjk yle__article__paragraph\">\u2013 Sen j\u00e4lkeen t\u00e4t\u00e4 hakkuuta ei paljon n\u00e4y. Toki hakkuuj\u00e4tteit\u00e4 ja risuja sinne j\u00e4\u00e4, mutta toisaalta ne lahoavat ja tuovat ravinnetta maastoon, sanoo Hirvensalo.<\/p>\n<p><img decoding=\"async\" alt=\"Mets\u00e4ss\u00e4 maassa makaa useita kaadettuja havupuiden runkoja, taustalla seisovia puita ja vihre\u00e4\u00e4 aluskasvillisuutta.\" src=\"https:\/\/www.europesays.com\/fi\/wp-content\/uploads\/2026\/08\/1787903001.jpeg\" loading=\"lazy\" class=\"aw__sc-dklauk-0 LPzKX\"\/><\/p>\n<p>Avaa kuvien katselu<\/p>\n<p>Pihka tuoksuu hakkuualueilla varsinkin l\u00e4mpim\u00e4ll\u00e4 ja aurinkoisella s\u00e4\u00e4ll\u00e4. Kuva: Arto Loukasm\u00e4ki \/ Yle<\/p>\n<p class=\"aw__sc-1qwuw0s-0 aw__sc-ngllmo-0 epAWpq fzYpjk yle__article__paragraph\">Hakkuut ovat pitk\u00e4j\u00e4nteist\u00e4 ty\u00f6t\u00e4, jonka lopputulos huomataan vasta vuosien kuluttua.<\/p>\n<p class=\"aw__sc-1qwuw0s-0 aw__sc-ngllmo-0 epAWpq fzYpjk yle__article__paragraph\">\u2013 Vasta seuraavan sukupolven aikana selvi\u00e4\u00e4, ovatko he tyytyv\u00e4isi\u00e4 vai ei, tuumaa Hirvensalo.<\/p>\n<p class=\"aw__sc-1qwuw0s-0 aw__sc-ngllmo-0 epAWpq fzYpjk yle__article__paragraph\">\u2013 Toivon, ett\u00e4 ainakin t\u00e4rkeimpien luontokohteiden ymp\u00e4rill\u00e4 olisi pieni, noin kymmenen metri\u00e4 leve\u00e4 suoja-alue, johon ei koskettaisi. Se olisi sellaista luonnonmukaisuutta, sanoo Vieri.<\/p>\n<p class=\"aw__sc-1qwuw0s-0 aw__sc-ngllmo-0 epAWpq fzYpjk yle__article__paragraph\">Esko Vierille ja Kari Hirvensalolle Jouppilanvuoren alue on t\u00e4rke\u00e4 ja tuttu. Vieri on ollut mukana rakentamassa alueen monia laavuja. H\u00e4nelle ennallistaminen ja yll\u00e4pito ovat asioita, jotka pit\u00e4\u00e4 huomioida my\u00f6s tulevaisuudessa.<\/p>\n<p class=\"aw__sc-1qwuw0s-0 aw__sc-ngllmo-0 epAWpq fzYpjk yle__article__paragraph\">\u2013 Toivon, ett\u00e4 reitit ovat hyv\u00e4ss\u00e4 kunnossa. Huonokuntoiset kohteet, esimerkiksi pitkospuut, t\u00e4ytyy kunnostaa niin, ettei lahonneen lankun pett\u00e4ess\u00e4 kenellek\u00e4\u00e4n k\u00e4y hassusti.<\/p>\n","protected":false},"excerpt":{"rendered":"Suurin osa hakkuista on harvennusta, joka toteutetaan kolmen vuoden aikana lintujen pesint\u00e4aikojen ja talvisen hiihtokauden ulkopuolella. Avaa kuvien&hellip;\n","protected":false},"author":2,"featured_media":336151,"comment_status":"","ping_status":"","sticky":false,"template":"","format":"standard","meta":{"footnotes":"","_share_on_mastodon":"0"},"categories":[117],"tags":[27325,1377,33,31,30,1960,72,2419,2251,476,8420,118,680,32,119,477],"class_list":["post-336150","post","type-post","status-publish","format-standard","has-post-thumbnail","category-luonto","tag-avohakkuut","tag-etela-pohjanmaa","tag-fi","tag-finland","tag-finnish","tag-hakkuut","tag-luonto","tag-metsakoneet","tag-metsateollisuus","tag-nature","tag-puut","tag-science","tag-seinajoki","tag-suomi","tag-tiede","tag-wildlife"],"share_on_mastodon":{"url":"https:\/\/pubeurope.com\/@fi\/117177327007977087","error":""},"_links":{"self":[{"href":"https:\/\/www.europesays.com\/fi\/wp-json\/wp\/v2\/posts\/336150","targetHints":{"allow":["GET"]}}],"collection":[{"href":"https:\/\/www.europesays.com\/fi\/wp-json\/wp\/v2\/posts"}],"about":[{"href":"https:\/\/www.europesays.com\/fi\/wp-json\/wp\/v2\/types\/post"}],"author":[{"embeddable":true,"href":"https:\/\/www.europesays.com\/fi\/wp-json\/wp\/v2\/users\/2"}],"replies":[{"embeddable":true,"href":"https:\/\/www.europesays.com\/fi\/wp-json\/wp\/v2\/comments?post=336150"}],"version-history":[{"count":0,"href":"https:\/\/www.europesays.com\/fi\/wp-json\/wp\/v2\/posts\/336150\/revisions"}],"wp:featuredmedia":[{"embeddable":true,"href":"https:\/\/www.europesays.com\/fi\/wp-json\/wp\/v2\/media\/336151"}],"wp:attachment":[{"href":"https:\/\/www.europesays.com\/fi\/wp-json\/wp\/v2\/media?parent=336150"}],"wp:term":[{"taxonomy":"category","embeddable":true,"href":"https:\/\/www.europesays.com\/fi\/wp-json\/wp\/v2\/categories?post=336150"},{"taxonomy":"post_tag","embeddable":true,"href":"https:\/\/www.europesays.com\/fi\/wp-json\/wp\/v2\/tags?post=336150"}],"curies":[{"name":"wp","href":"https:\/\/api.w.org\/{rel}","templated":true}]}}