{"id":336152,"date":"2026-08-29T06:29:17","date_gmt":"2026-08-29T06:29:17","guid":{"rendered":"https:\/\/www.europesays.com\/fi\/336152\/"},"modified":"2026-08-29T06:29:17","modified_gmt":"2026-08-29T06:29:17","slug":"janus-hanski-rauha-maaseudulla-ja-uusi-hirsitalo-kuhmoisissa","status":"publish","type":"post","link":"https:\/\/www.europesays.com\/fi\/336152\/","title":{"rendered":"Janus Hanski: Rauha maaseudulla ja uusi hirsitalo Kuhmoisissa"},"content":{"rendered":"<p>\n            (220626) &#8212; Kuhmoinen, June 22, 2026 \u2013 Janus Hanski poses for the camera during his interview for Seiska at their home in Kuhmoinen, Finland, 22. June 2026. (Matti Matikainen\/Aller Media)<br \/>\n            Matti Matikainen\n        <\/p>\n<p class=\"subtitle \">Kuhmoisiin nousseen hirsitalon rakentamista varjosti salamanisku, joka tuhosi aiemmin samalla tontilla sijainneen Januksen ja Sariannan pikkum\u00f6kin.<\/p>\n<p class=\"article-content article-content-width !bg-background\">Muusikko-n\u00e4yttelij\u00e4 , 57, laskeutuu porrask\u00e4yt\u00e4v\u00e4\u00e4 pitkin alakertaan Kuhmoisissa komeilevassa hirsitalossaan.<\/p>\n<p class=\"font-weight-bold m-font-weight-bold article-content article-content-width !bg-background\">Katso video: Janus Hanski esittelee miesluolansa:<\/p>\n<p class=\"article-content article-content-width !bg-background\">Kellarikerroksen kruunaa rennolla otteella sisustettu musiikkistudio, joka tarjoaa talon is\u00e4nn\u00e4lle mahdollisuudet niin musiikin tekemiseen kuin \u00e4\u00e4nikirjojenkin lukemiseen.<\/p>\n<p class=\"article-content article-content-width !bg-background\">\u2013 T\u00e4m\u00e4 on oma miesluolani, johon vet\u00e4ydyin usein viett\u00e4m\u00e4\u00e4n aikaa. T\u00e4\u00e4ll\u00e4 on mahtavat puitteet tehd\u00e4 t\u00f6it\u00e4, mutta my\u00f6s nauttia musiikista ja katsella elokuvia. T\u00e4nne voi tulla keskell\u00e4 y\u00f6t\u00e4kin ja laittaa vehkeet t\u00e4ysille, jos ei saa unen p\u00e4\u00e4st\u00e4 kiinni, Janus myh\u00e4ilee.<\/p>\n<p>                <img decoding=\"async\" src=\"https:\/\/www.europesays.com\/fi\/wp-content\/uploads\/2026\/08\/2226228.webp\" width=\"576\" height=\"322\" alt=\"Hirsitalon alakerrassa sijaitseva miesluola on Janus Hanskin valtakuntaa. \u2013 T\u00e4m\u00e4 on paikka, jossa mies viihtyy, muusikko myh\u00e4ilee.\" loading=\"lazy\" \/>            <\/p>\n<p>\n            Hirsitalon alakerrassa sijaitseva miesluola on Janus Hanskin valtakuntaa. \u2013 T\u00e4m\u00e4 on paikka, jossa mies viihtyy, muusikko myh\u00e4ilee.<br \/>\n            Matti Matikainen\n        <\/p>\n<p class=\"article-content article-content-width !bg-background\">Studion seinill\u00e4 komeilee neon-mainoksia, kitaroita ja vanhoja keikkajulisteita. Niist\u00e4 v\u00e4littyy Vinti\u00f6t-sketsisarjasta aikanaan tunnetuksi tulleen Januksen rakkaus niin  kuin rockabilly- ja countrymusiikkia kohtaan.<\/p>\n<p class=\"article-content article-content-width !bg-background\">\u2013 Ei minulla Helsingin kodeissani ole ollut t\u00e4llaista koskaan. Olen asunut kaupungin keskustassa kerrostaloissa, ettei ole ollut oikein tilaakaan.<\/p>\n<p>        <a itemprop=\"url\" href=\"https:\/\/www.seiska.fi\/kotimaa\/vintiot-tahdet-silloin-ja-nyt-nain-sketsisarjan-kuoliaaksinaurattajat-ovat-muuttuneet\/1171364\" rel=\"nofollow noopener\" target=\"_blank\"><\/p>\n<p class=\"section-date\">\n        <strong class=\"article-section\" data-section=\"kotimaa\"><br \/>\n            kotimaa<br \/>\n        <\/strong><br \/>\n        23.10.2023 22:32\n    <\/p>\n<p>Vinti\u00f6t-t\u00e4hdet silloin ja nyt \u2013 n\u00e4in sketsisarjan kuoliaaksinaurattajat ovat muuttuneet\n    <\/p>\n<p itemprop=\"description\" class=\"subtitle \">\n    Vinti\u00f6t on yksi suomalaisen sketsiviihteen varhaisia merkkipaaluja. 1990-luvun puoliv\u00e4lin kuoliaaksinaurattajat ovat nyt viidenkympin, joku kuudenkin kympin ylitt\u00e4neit\u00e4 taiteen ammattilaisia.\n<\/p>\n<p>        <\/a><\/p>\n<p>                <img decoding=\"async\" src=\"https:\/\/www.europesays.com\/fi\/wp-content\/uploads\/2026\/08\/2226232.webp\" width=\"576\" height=\"720\" alt=\"Miesluolasta l\u00f6ytyy studionurkkaus, jossa onnistuu niin musiikkihommat kuin \u00e4\u00e4nikirjojen lukeminen.\" loading=\"lazy\" \/>            <\/p>\n<p>\n            Miesluolasta l\u00f6ytyy studionurkkaus, jossa onnistuu niin musiikkihommat kuin \u00e4\u00e4nikirjojen lukeminen.<br \/>\n            Matti Matikainen\n        <\/p>\n<p class=\"article-content article-content-width !bg-background\">Studiotila mahdollistui Januksen karistettua Helsingin p\u00f6lyt jaloistaan ja rakennettua pitk\u00e4aikaisen puolisonsa  suvun kotimaisemiin Kuhmoisten Harmoisiin uuden hirsitalon, joka valmistui loppuvuodesta 2023. Rakentaminen kesti nelisen vuotta. Neli\u00f6it\u00e4 keltaisessa pytingiss\u00e4 on parisataa.<\/p>\n<p class=\"article-content article-content-width !bg-background\">\u2013 Kaikki ovat luulleet, ett\u00e4 olemme remontoineet vanhaa taloa. Mutta t\u00e4m\u00e4 on t\u00e4ysin uusi, itse suunniteltu hengitt\u00e4v\u00e4 hirsitalo, jonka olemme toteuttaneet perinnetyyliin, Janus huomauttaa.<\/p>\n<p>                <img decoding=\"async\" src=\"https:\/\/www.europesays.com\/fi\/wp-content\/uploads\/2026\/08\/2226236.webp\" width=\"576\" height=\"322\" alt=\"Noin 200-neli\u00f6isess\u00e4 hirsitalossa on kolmen metrin huonekorkeus, mik\u00e4 tuo sis\u00e4tiloihin avaruuden tuntua.\" loading=\"lazy\" \/>            <\/p>\n<p>\n            Noin 200-neli\u00f6isess\u00e4 hirsitalossa on kolmen metrin huonekorkeus, mik\u00e4 tuo sis\u00e4tiloihin avaruuden tuntua.<br \/>\n            Matti Matikainen\n        <\/p>\n<p>Holvisauna vangitsee katseita<\/p>\n<p class=\"article-content article-content-width !bg-background\">N\u00e4ytt\u00e4vyytt\u00e4 ei puutu my\u00f6sk\u00e4\u00e4n pihalle pystytetyst\u00e4 holvisaunasta. Kyseess\u00e4 on Virosta tuotu moduulisauna, joka muistuttaa vanhaa perunakellaria ruohokattoineen.<\/p>\n<p class=\"article-content article-content-width !bg-background\">\u2013 Se tuo mieleen hobitti-majan, Janus hymyilee.<\/p>\n<p>                <img decoding=\"async\" src=\"https:\/\/www.europesays.com\/fi\/wp-content\/uploads\/2026\/08\/2226247.webp\" width=\"576\" height=\"322\" alt=\"Pihalla katseita vangitsee Virosta hankittu holvisauna.\" loading=\"lazy\" \/>            <\/p>\n<p>\n            Pihalla katseita vangitsee Virosta hankittu holvisauna.<br \/>\n            Matti Matikainen\n        <\/p>\n<p class=\"article-content article-content-width !bg-background\">Samalla tontilla seisoi aiemmin Januksen ja Sariannan k\u00e4yt\u00f6ss\u00e4 ollut pikkum\u00f6kki, joka tuhoutui salamaniskussa kes\u00e4ll\u00e4 2023. Janus oli tuolloin valmistautumassa keikkaansa Kuhmoisten kyl\u00e4ll\u00e4, johon h\u00e4n sai tiedon tragediasta Sariannalta.<\/p>\n<p class=\"article-content article-content-width !bg-background\">\u2013 Keikka meni sen j\u00e4lkeen sekasortoisissa fiiliksiss\u00e4, eik\u00e4 oloa helpottaneet keikkapaikalle kantautuneet paloautojen \u00e4\u00e4net, Janus huokaa.<\/p>\n<p>                <img decoding=\"async\" src=\"https:\/\/www.europesays.com\/fi\/wp-content\/uploads\/2026\/08\/2226252.webp\" width=\"576\" height=\"322\" alt=\"Talonrakentaminen haastoi, mutta Januksen ja Sariannan sopu s\u00e4ilyi l\u00e4pi urakan. Ulkoverhous odottaa viel\u00e4 loppuunsaattamistaan.\" loading=\"lazy\" \/>            <\/p>\n<p>\n            Talonrakentaminen haastoi, mutta Januksen ja Sariannan sopu s\u00e4ilyi l\u00e4pi urakan. Ulkoverhous odottaa viel\u00e4 loppuunsaattamistaan.<br \/>\n            Matti Matikainen\n        <\/p>\n<p class=\"article-content article-content-width !bg-background\">Sariannan \u00e4iti oli tapahtumahetkell\u00e4 istumassa m\u00f6kin kuistilla, josta paikalla olleet sukulaispojat k\u00e4viv\u00e4t hakemassa h\u00e4net turvaan viime hetkill\u00e4.<\/p>\n<p class=\"article-content article-content-width !bg-background\">\u2013 Oli tuuria matkassa, ettei k\u00e4ynyt sen pahemmin. Tulen lieskat alkoivat ly\u00f6d\u00e4 nopeasti. Ensin oli alkanut sataa rakeita, sitten kuului hirve\u00e4 r\u00e4s\u00e4hdys ja pamahdus.<\/p>\n<p>        <a itemprop=\"url\" href=\"https:\/\/www.seiska.fi\/katso\/janus-hanski-totuus-vintiot-tahtien-valeista\/2157633\" rel=\"nofollow noopener\" target=\"_blank\"><\/p>\n<p>\nJanus Hanski Vinti\u00f6ist\u00e4:\n<\/p>\n<p class=\"section-date\">\n        <strong class=\"article-section\" data-section=\"katso\"><br \/>\n            katso<br \/>\n        <\/strong><br \/>\n        24.5. 09:15\n    <\/p>\n<p>Janus Hanski: Totuus Vinti\u00f6t-t\u00e4htien v\u00e4leist\u00e4!\n    <\/p>\n<p itemprop=\"description\" class=\"subtitle \">\n    Vinti\u00f6t-t\u00e4hden puoliso katsoo nyt 30 vuotta vanhaa sketsisarjaa huvittuneena.\n<\/p>\n<p>        <\/a><\/p>\n<p>K\u00e4det mullassa<\/p>\n<p class=\"article-content article-content-width !bg-background\">Taloprojekti oli tuolloin loppusuoralla. M\u00f6kin tuhoutumisen my\u00f6t\u00e4 Janukselta ja Sariannalta meni tukikohta alta, mink\u00e4 takia he joutuivat luovimaan rakennust\u00f6iden keskell\u00e4. He asuivat alkuajat alakerrassa ennen kuin p\u00e4\u00e4siv\u00e4t muuttamaan yl\u00e4kertaan, jossa makuuhuonetilat, olohuone ja keitti\u00f6 sijaitsevat.<\/p>\n<p class=\"article-content article-content-width !bg-background\">\u2013 Onneksi olemme molemmat juurevia ihmisi\u00e4. Rakentamisen aikana on oppinut, ett\u00e4 kaikessa on hirve\u00e4 homma. Mit\u00e4\u00e4n ei tapahdu itsest\u00e4\u00e4n, vaan on saanut laittaa k\u00e4det multaan, Janus kuvaa.<\/p>\n<p>                <img decoding=\"async\" src=\"https:\/\/www.europesays.com\/fi\/wp-content\/uploads\/2026\/08\/2226260.webp\" width=\"576\" height=\"322\" alt=\"Januksen ja Sariannan kes\u00e4paratiisi sijaitsee l\u00e4hisaaressa keskell\u00e4 j\u00e4rvi-idylli\u00e4, johon pari suhauttaa mantereelta moottoriveneell\u00e4 aika alta yksik\u00f6n.\" loading=\"lazy\" \/>            <\/p>\n<p>\n            Januksen ja Sariannan kes\u00e4paratiisi sijaitsee l\u00e4hisaaressa keskell\u00e4 j\u00e4rvi-idylli\u00e4, johon pari suhauttaa mantereelta moottoriveneell\u00e4 aika alta yksik\u00f6n.<br \/>\n            Matti Matikainen\n        <\/p>\n<p class=\"article-content article-content-width !bg-background\">Vastoink\u00e4ymisist\u00e4 huolimatta taloprojekti ei ole kirist\u00e4nyt pariskunnan v\u00e4lej\u00e4, vaan Janus painottaa rakastavaisten vet\u00e4neen samaa k\u00f6ytt\u00e4.<\/p>\n<p class=\"article-content article-content-width !bg-background\">\u2013 Emme ole ottaneet paineita mist\u00e4\u00e4n, vaan edenneet rauhassa askel askeleelta.<\/p>\n<p class=\"article-content article-content-width !bg-background\">Stressaamista on v\u00e4hent\u00e4nyt muutto maaseudulle, mik\u00e4 on tuonut el\u00e4m\u00e4\u00e4n rauhaa entisest\u00e4\u00e4n. Alkoholin ex-Vinti\u00f6 j\u00e4tti taakseen jo yli 25 vuotta sitten.<\/p>\n<p class=\"article-content article-content-width !bg-background\">\u2013 Vauhtivuodet ovat taaksej\u00e4\u00e4nytt\u00e4 aikaa. Nautin nyky\u00e4\u00e4n enemm\u00e4n luonnon rauhasta kuin hektisest\u00e4 kaupunkilaisel\u00e4m\u00e4st\u00e4. T\u00e4\u00e4ll\u00e4 ei kuulu ratikoiden kolina ja melu. Ainoastaan vesisateen ropina, Janus hymyilee.<\/p>\n<p>        <a itemprop=\"url\" href=\"https:\/\/www.seiska.fi\/vain-seiskassa\/janus-hanski-paljastaa-rakastui-poikansa-ylioppilasjuhlissa\/2157317\" rel=\"nofollow noopener\" target=\"_blank\"><\/p>\n<p>\nJanus Hanski:\n<\/p>\n<p class=\"section-date\">\n        <strong class=\"article-section\" data-section=\"vain seiskassa\"><br \/>\n            vain seiskassa<br \/>\n        <\/strong><br \/>\n        24.5. 19:00\n    <\/p>\n<p>Janus Hanski paljastaa: Rakastui poikansa ylioppilasjuhlissa!\n    <\/p>\n<p itemprop=\"description\" class=\"subtitle \">\n    Januksen ja Sariannan rakkaus roihahti vasta vuosia ensikohtaamisesta.\n<\/p>\n<p>        <\/a><\/p>\n<p>                <img decoding=\"async\" src=\"https:\/\/www.europesays.com\/fi\/wp-content\/uploads\/2026\/08\/2226262.webp\" width=\"576\" height=\"322\" alt=\"M\u00f6kill\u00e4 Januksen ja Sariannan kelpaa rentoutua kauniina kes\u00e4p\u00e4ivin\u00e4.\" loading=\"lazy\" \/>            <\/p>\n<p>\n            M\u00f6kill\u00e4 Januksen ja Sariannan kelpaa rentoutua kauniina kes\u00e4p\u00e4ivin\u00e4.<br \/>\n            Matti Matikainen\n        <\/p>\n<p>Lapsenlapsi tuonut iloa<\/p>\n<p class=\"article-content article-content-width !bg-background\">Uusien kotiseutujen lis\u00e4ksi iloa Januksen el\u00e4m\u00e4\u00e4n on tuonut kev\u00e4\u00e4ll\u00e4 syntynyt ensimm\u00e4inen lapsenlapsi, t\u00e4m\u00e4n pojan esikoispoika. Tuoreen tulokkaan my\u00f6t\u00e4 Janus on saanut totutella isois\u00e4n tai tuttavallisemmin vaarin rooliin.<\/p>\n<p class=\"article-content article-content-width !bg-background\">\u2013 Kyll\u00e4h\u00e4n lapsenlapsi on ollut suuri ilo. J\u00e4nnitt\u00e4v\u00e4kin asia. Ei auta muuta kuin toivoa parasta ja katsoa, kuinka oma poika p\u00e4rj\u00e4\u00e4 is\u00e4n\u00e4, Janus myh\u00e4ilee.<\/p>\n<p class=\"article-content article-content-width !bg-background\">Janusta ei tulevat vaipanvaihtovelvollisuudet pelota.<\/p>\n<p class=\"article-content article-content-width !bg-background\">\u2013 Ne hoituvat varmasti, jos osuu kohdalle, Janus virnist\u00e4\u00e4.<\/p>\n<p class=\"article-content article-content-width !bg-background\">Oppia Janus naurahtaa saaneensa kasvaessaan kolmen pikkusiskon isoveljen\u00e4. Pikkusiskoista Anna ja Pinja ovat tulleet tutuksi musiikkimaailmasta.<\/p>\n<p class=\"article-content article-content-width !bg-background\">\u2013 Totuin jo nuorena vaihtamaan heid\u00e4n vaippojaan ja katsomaan heid\u00e4n per\u00e4\u00e4ns\u00e4.<\/p>\n<p>                <img decoding=\"async\" src=\"https:\/\/www.europesays.com\/fi\/wp-content\/uploads\/2026\/08\/2226268.webp\" width=\"576\" height=\"720\" alt=\"M\u00f6kkisaarta ymp\u00e4r\u00f6i puhdasvetinen j\u00e4rvi.\" loading=\"lazy\" \/>            <\/p>\n<p>\n            M\u00f6kkisaarta ymp\u00e4r\u00f6i puhdasvetinen j\u00e4rvi.<br \/>\n            Matti Matikainen\n        <\/p>\n<p class=\"article-content article-content-width !bg-background\">Lapsenlapsi on ollut Januksen mieless\u00e4 uuden kodin suunnittelussa, jonka yl\u00e4kerta odottaa remontoimista.<\/p>\n<p class=\"article-content article-content-width !bg-background\">\u2013 Vintille saisi rakennettua oman huoneen pojalle. Samanlaisen kuin oma vaarini rakensi minulle aikanaan lapsuudenm\u00f6kille Porvooseen.<\/p>\n<p class=\"article-content article-content-width !bg-background\">Hirsitalon lis\u00e4ksi puuhaa riitt\u00e4\u00e4 Sariannan suvun m\u00f6kkisaaressa, joka sijaitsee lyhyen venematkan p\u00e4\u00e4ss\u00e4. Paikka toimii parin kes\u00e4nviettopaikkana Kuhmoisissa.<\/p>\n<p class=\"article-content article-content-width !bg-background\">\u2013 Se on maanp\u00e4\u00e4llinen paratiisimme. Niin kaunis paikka, Sarianna tunnustaa.<\/p>\n<p class=\"article-content article-content-width !bg-background\">Januksen mukaan parasta saaressa on rentoutuminen.<\/p>\n<p class=\"article-content article-content-width !bg-background\">\u2013 Saunotaan, uidaan tai sitten vain heitt\u00e4ydyt\u00e4\u00e4n puutarhakeinuun. Nauttien maisemista.<\/p>\n<p class=\"article-content article-content-width !bg-background\">Maalaisel\u00e4m\u00e4n my\u00f6t\u00e4 Janus on p\u00e4\u00e4ssyt verest\u00e4m\u00e4\u00e4n lapsuuden partioaikojaan.<\/p>\n<p class=\"article-content article-content-width !bg-background\">\u2013 Olen innostunut mets\u00e4styksest\u00e4. Olen hankkinut mets\u00e4stysluvan, jotta p\u00e4\u00e4sen syksyn tullen mukaan peura- ja kaurismets\u00e4lle, Janus mainitsee.<\/p>\n","protected":false},"excerpt":{"rendered":"(220626) &#8212; Kuhmoinen, June 22, 2026 \u2013 Janus Hanski poses for the camera during his interview for Seiska&hellip;\n","protected":false},"author":2,"featured_media":336153,"comment_status":"","ping_status":"","sticky":false,"template":"","format":"standard","meta":{"footnotes":"","_share_on_mastodon":"0"},"categories":[136],"tags":[542,3260,407,137,33,31,30,7655,9021,408,1233,7526,35471,32,10374,109,4473],"class_list":["post-336152","post","type-post","status-publish","format-standard","has-post-thumbnail","category-julkkikset","tag-asuminen","tag-asunto","tag-celebrities","tag-entertainment","tag-fi","tag-finland","tag-finnish","tag-hirsitalo","tag-janus-hanski","tag-julkkikset","tag-koti","tag-kuhmoinen","tag-sarianna-hanski","tag-suomi","tag-talo","tag-viihde","tag-vintiot"],"share_on_mastodon":{"url":"https:\/\/pubeurope.com\/@fi\/117177390167516946","error":""},"_links":{"self":[{"href":"https:\/\/www.europesays.com\/fi\/wp-json\/wp\/v2\/posts\/336152","targetHints":{"allow":["GET"]}}],"collection":[{"href":"https:\/\/www.europesays.com\/fi\/wp-json\/wp\/v2\/posts"}],"about":[{"href":"https:\/\/www.europesays.com\/fi\/wp-json\/wp\/v2\/types\/post"}],"author":[{"embeddable":true,"href":"https:\/\/www.europesays.com\/fi\/wp-json\/wp\/v2\/users\/2"}],"replies":[{"embeddable":true,"href":"https:\/\/www.europesays.com\/fi\/wp-json\/wp\/v2\/comments?post=336152"}],"version-history":[{"count":0,"href":"https:\/\/www.europesays.com\/fi\/wp-json\/wp\/v2\/posts\/336152\/revisions"}],"wp:featuredmedia":[{"embeddable":true,"href":"https:\/\/www.europesays.com\/fi\/wp-json\/wp\/v2\/media\/336153"}],"wp:attachment":[{"href":"https:\/\/www.europesays.com\/fi\/wp-json\/wp\/v2\/media?parent=336152"}],"wp:term":[{"taxonomy":"category","embeddable":true,"href":"https:\/\/www.europesays.com\/fi\/wp-json\/wp\/v2\/categories?post=336152"},{"taxonomy":"post_tag","embeddable":true,"href":"https:\/\/www.europesays.com\/fi\/wp-json\/wp\/v2\/tags?post=336152"}],"curies":[{"name":"wp","href":"https:\/\/api.w.org\/{rel}","templated":true}]}}