{"id":336170,"date":"2026-08-29T06:58:12","date_gmt":"2026-08-29T06:58:12","guid":{"rendered":"https:\/\/www.europesays.com\/fi\/336170\/"},"modified":"2026-08-29T06:58:12","modified_gmt":"2026-08-29T06:58:12","slug":"sabina-sarkka-opetteli-selviytyjat-kisaan-katalan-taidon-ei-ehka-sovi-hyviin-kaytostapoihin","status":"publish","type":"post","link":"https:\/\/www.europesays.com\/fi\/336170\/","title":{"rendered":"Sabina S\u00e4rkk\u00e4 opetteli Selviytyj\u00e4t-kisaan katalan taidon &#8211; Ei ehk\u00e4 sovi hyviin k\u00e4yt\u00f6stapoihin"},"content":{"rendered":"<p><a href=\"https:\/\/www.suomi24.fi\/viihde\/l\/sabina-sarkka-joutui-oppimaan-katalan-taidon-ennen-selviytyjia-mun-laheiset-sanoi-etta-ma-en-6183-1.webp\" rel=\"nofollow noopener\" target=\"_blank\"><img decoding=\"async\" src=\"https:\/\/www.europesays.com\/fi\/wp-content\/uploads\/2026\/08\/sabina-sarkka-joutui-oppimaan-katalan-taidon-ennen-selviytyjia-mun-laheiset-sanoi-etta-ma-en-6183-1..webp\" alt=\"Selviytyj\u00e4t Suomi\" loading=\"lazy\"\/><\/a>Sabina S\u00e4rkk\u00e4, kuva: K. Kurki<\/p>\n<p>Selviytyj\u00e4t Suomi starttaa sunnuntaina tv:ss\u00e4. Nyt vuorossa on jo 10. kausi. Juhlavuoden kunniaksi tiedossa on Revanssi-kausi.<\/p>\n<p>16 aikaisempien kausien kilpailijaa kisaa Malesian tropiikissa. Jokainen osallistuja on peliss\u00e4 toista kertaa. Yksi kisaajista on <strong>Sabina S\u00e4rkk\u00e4<\/strong>, 37.<\/p>\n<p>Kauneuskilpailuista alun perin tunnetuksi tullut S\u00e4rkk\u00e4 oli mukana Selviytyjien 4. kaudella, joka kuvattiin Pohjolassa. H\u00e4n uskoo olevansa enemm\u00e4n kotonaan trooppisessa ilmastossa.<\/p>\n<p>T\u00e4m\u00e4 vaate kannatti ottaa mukaan<\/p>\n<p>Suomi24 Viihde p\u00e4\u00e4si haastattelemaan S\u00e4rkk\u00e4\u00e4. Miksi l\u00e4hdit uudelleen mukaan?<\/p>\n<p>\u200b-Viime kaudella olin Pohjolassa ja itse ehk\u00e4 koen tuon tropiikin enemm\u00e4n l\u00e4hell\u00e4 syd\u00e4nt\u00e4. Selviytyminen kuuluu muutenkin tropiikkiin, niin musta tuntuu, ett\u00e4 mulle j\u00e4i sen takia yksi kokemus testaamatta, niin sen takia l\u00e4hdin uudestaan.<\/p>\n<p>Kaikilla kisaajilla on kertynyt kokemusta askeettisista oloista. Oliko joku tavara tai vaate, mink\u00e4 nyt tajusit ottaa mukaan?<\/p>\n<p>-Kyll\u00e4 m\u00e4 aika hyvin mietin vaatteet. M\u00e4 j\u00e4rkeilin ja mietin kaikki kankaat ja kaikki tommoset. Siell\u00e4 on pienesti trooppisia myrskyj\u00e4 oli \u00f6isin, niin niihin ei silleen voi varautua. Kyll\u00e4 m\u00e4 sanoisin, ett\u00e4 olin aika tyytyv\u00e4inen niihin, mit\u00e4 valitsin. En halunnut ottaa mit\u00e4\u00e4n trikoita tai semmosia liian kireit\u00e4.<\/p>\n<p>-M\u00e4 olin tosi tyytyv\u00e4inen, ett\u00e4 m\u00e4 otin v\u00e4h\u00e4n isommat reisitaskuhousut ja ehk\u00e4 my\u00f6s sit\u00e4 varten, ett\u00e4 jos l\u00f6yt\u00e4\u00e4 jotain sellaista, mit\u00e4 pit\u00e4\u00e4 piilottaa, niin&#8230;, S\u00e4rkk\u00e4 paljastaa ilkikurisesti.<\/p>\n<p><a href=\"https:\/\/www.suomi24.fi\/viihde\/l\/sabina-sarkka-opetteli-selviytyjat-kisaan-katalan-taidon-ei-ehka-sovi-hyviin-kaytostapoihin-6183-1.webp\" rel=\"nofollow noopener\" target=\"_blank\"><img decoding=\"async\" src=\"https:\/\/www.europesays.com\/fi\/wp-content\/uploads\/2026\/08\/sabina-sarkka-opetteli-selviytyjat-kisaan-katalan-taidon-ei-ehka-sovi-hyviin-kaytostapoihin-6183-1.w.webp\" alt=\"Selviytyj\u00e4t Suomi\" loading=\"lazy\"\/><\/a>Sabina S\u00e4rkk\u00e4 poseeraa. Kuva: K. KurkiKatalan taidon treenaamista<\/p>\n<p>\u200bValmistauduitko ennakkoon tulevaan rupeamaan?<\/p>\n<p>-V\u00e4h\u00e4n henkist\u00e4 valmistautumista oli. Mun l\u00e4heiset sanoi, ett\u00e4 m\u00e4 en osaa valehdella, niin v\u00e4h\u00e4n harjoittelin ja otin selv\u00e4\u00e4, ett\u00e4 miten valehdellaan tai miten luetaan valehtelua, S\u00e4rkk\u00e4 paljastaa katalan taidon opettelusta.<\/p>\n<p>S\u00e4rkk\u00e4 jatkaa.<\/p>\n<p>-Oon joogamimmi, ja periaatteessa treenaan vaan hot-saleissa, niin on kest\u00e4vyytt\u00e4 kuumuudessa. Se ei ole mulle ongelma. Olen aika urheilullinen, niin ehk\u00e4 m\u00e4 siihen keskityin, ett\u00e4 mulla on kest\u00e4vyytt\u00e4.<\/p>\n<p>Selviytyj\u00e4t on yll\u00e4tt\u00e4v\u00e4 formaatti ja siit\u00e4 on S\u00e4rk\u00e4ll\u00e4kin sananen sanottavana.<\/p>\n<p>\u200b-T\u00e4ytyy sanoa, ett\u00e4 tuo on ehk\u00e4 yksi hankalimpia TV-formaatteja, se on aikamoinen soppa ylip\u00e4\u00e4t\u00e4ns\u00e4.<\/p>\n<p><a href=\"https:\/\/www.suomi24.fi\/viihde\/l\/sabina-sarkka-opetteli-selviytyjat-kisaan-katalan-taidon-ei-ehka-sovi-hyviin-kaytostapoihin-6183-2.webp\" rel=\"nofollow noopener\" target=\"_blank\"><img decoding=\"async\" src=\"https:\/\/www.europesays.com\/fi\/wp-content\/uploads\/2026\/08\/sabina-sarkka-opetteli-selviytyjat-kisaan-katalan-taidon-ei-ehka-sovi-hyviin-kaytostapoihin-6183-2.w.webp\" alt=\"Selviytyj\u00e4t Suomi\" loading=\"lazy\"\/><\/a><\/p>\n<p>Selvityj\u00e4t Revanssi -kisaajat yhteiskuvassa. Kuva: Jaakko Kahilaniemi, Nelonen<br \/>Selviytyj\u00e4t Suomi &#8211; revanssikausi tutuilla tyypeill\u00e4<\/p>\n<p>Selviytyj\u00e4t revanssissa kilpailevat S\u00e4rk\u00e4n lis\u00e4ksi <strong>Ville L\u00e5ng, Juhana Helmenkalastaja, Alma H\u00e4t\u00f6nen, Kasperi Kauppinen, Kerttu Rissanen, Jon-Jon Geitel, Heikki Sorsa, Heidi Suomi, Tommi Manninen, Roope Rannisto, Pinja Sanaksenaho, Emmi Suuronen, Eino Heiskanen, Vivi Wahlstr\u00f6m <\/strong>ja <strong>Linnea Vihonen<\/strong>.<\/p>\n<p>Lue my\u00f6s: <a href=\"https:\/\/www.suomi24.fi\/viihde\/hyvasti-feikit-hiustenpidennykset-kerttu-rissanen-hurmaa-uudella-hiustyylilla\" rel=\"noopener noreferrer nofollow\" target=\"_blank\">Hyv\u00e4sti feikit hiustenpidennykset &#8211; Kerttu Rissanen hurmaa uudella hiustyylill\u00e4<\/a><\/p>\n<p>Selviytyj\u00e4t Suomi su klo 19.30 Nelonen<\/p>\n<p><a href=\"https:\/\/www.telsu.fi\/selviytyjat-suomi?ref=s24_article\" rel=\"noopener noreferrer nofollow\" target=\"_blank\">Katso tv-ohjelma-ajat Telsu.fi<\/a><\/p>\n","protected":false},"excerpt":{"rendered":"Sabina S\u00e4rkk\u00e4, kuva: K. Kurki Selviytyj\u00e4t Suomi starttaa sunnuntaina tv:ss\u00e4. Nyt vuorossa on jo 10. kausi. Juhlavuoden kunniaksi&hellip;\n","protected":false},"author":2,"featured_media":336171,"comment_status":"","ping_status":"","sticky":false,"template":"","format":"standard","meta":{"footnotes":"","_share_on_mastodon":"0"},"categories":[133],"tags":[137,33,31,30,32,206,156,109],"class_list":["post-336170","post","type-post","status-publish","format-standard","has-post-thumbnail","category-televisiot","tag-entertainment","tag-fi","tag-finland","tag-finnish","tag-suomi","tag-televisiot","tag-tv","tag-viihde"],"share_on_mastodon":{"url":"https:\/\/pubeurope.com\/@fi\/117177503954475070","error":""},"_links":{"self":[{"href":"https:\/\/www.europesays.com\/fi\/wp-json\/wp\/v2\/posts\/336170","targetHints":{"allow":["GET"]}}],"collection":[{"href":"https:\/\/www.europesays.com\/fi\/wp-json\/wp\/v2\/posts"}],"about":[{"href":"https:\/\/www.europesays.com\/fi\/wp-json\/wp\/v2\/types\/post"}],"author":[{"embeddable":true,"href":"https:\/\/www.europesays.com\/fi\/wp-json\/wp\/v2\/users\/2"}],"replies":[{"embeddable":true,"href":"https:\/\/www.europesays.com\/fi\/wp-json\/wp\/v2\/comments?post=336170"}],"version-history":[{"count":0,"href":"https:\/\/www.europesays.com\/fi\/wp-json\/wp\/v2\/posts\/336170\/revisions"}],"wp:featuredmedia":[{"embeddable":true,"href":"https:\/\/www.europesays.com\/fi\/wp-json\/wp\/v2\/media\/336171"}],"wp:attachment":[{"href":"https:\/\/www.europesays.com\/fi\/wp-json\/wp\/v2\/media?parent=336170"}],"wp:term":[{"taxonomy":"category","embeddable":true,"href":"https:\/\/www.europesays.com\/fi\/wp-json\/wp\/v2\/categories?post=336170"},{"taxonomy":"post_tag","embeddable":true,"href":"https:\/\/www.europesays.com\/fi\/wp-json\/wp\/v2\/tags?post=336170"}],"curies":[{"name":"wp","href":"https:\/\/api.w.org\/{rel}","templated":true}]}}