{"id":336178,"date":"2026-08-29T07:07:13","date_gmt":"2026-08-29T07:07:13","guid":{"rendered":"https:\/\/www.europesays.com\/fi\/336178\/"},"modified":"2026-08-29T07:07:13","modified_gmt":"2026-08-29T07:07:13","slug":"norjan-kruununprinsessa-mokasi-kevaalla-onko-oppinut-uskollisuuden-tarkeyden","status":"publish","type":"post","link":"https:\/\/www.europesays.com\/fi\/336178\/","title":{"rendered":"Norjan kruununprinsessa mokasi kev\u00e4\u00e4ll\u00e4 \u2013 Onko oppinut uskollisuuden t\u00e4rkeyden?"},"content":{"rendered":"<p>Norjassa on uusi kruununprinsessa: 22-vuotias Ingrid Alexandra.<\/p>\n<p class=\"paragraph\">Norjan kuningas <a href=\"https:\/\/www.iltalehti.fi\/henkilot\/Harald V\" class=\"article-link-person-page\" rel=\"nofollow noopener\" target=\"_blank\">Harald<\/a> kuoli varhain perjantaiaamuna. Siit\u00e4 seurasi kuninkaallisen perheen ja koko kansan surun lis\u00e4ksi merkitt\u00e4vi\u00e4 muutoksia. Haraldin pojasta <a href=\"https:\/\/www.iltalehti.fi\/henkilot\/Haakon Magnus\" class=\"article-link-person-page\" rel=\"nofollow noopener\" target=\"_blank\">Haakonista<\/a> tuli kuningas ja h\u00e4nen puolisostaan <a href=\"https:\/\/www.iltalehti.fi\/henkilot\/Mette-Marit\" class=\"article-link-person-page\" rel=\"nofollow noopener\" target=\"_blank\">Mette-Maritista<\/a> kuningatar. Parin tytt\u00e4ren el\u00e4m\u00e4\u00e4n tuli my\u00f6s muutos, joka n\u00e4kyi p\u00e4iv\u00e4n kulussa saman tien.<\/p>\n<p class=\"paragraph\"><a href=\"https:\/\/www.iltalehti.fi\/henkilot\/Ingrid Alexandra\" class=\"article-link-person-page\" rel=\"nofollow noopener\" target=\"_blank\">Ingrid Alexandra<\/a>, 22, on nyt kruununprinsessa. Heti perjantaina h\u00e4n oli is\u00e4ns\u00e4 Haakonin kanssa kuninkaanlinnassa tapaamassa Norjan hallituksen j\u00e4seni\u00e4. Tapaaminen oli vain tunteja Haraldin kuoleman j\u00e4lkeen.<\/p>\n<p><img decoding=\"async\" class=\"image image-show image-preview\" src=\"https:\/\/www.europesays.com\/fi\/wp-content\/uploads\/2026\/08\/e6e20d334f42badf9aa6f5bc1462754685d38be2b7db5b5a166a334654471969.jpg\" alt=\"\"\/><img decoding=\"async\" class=\"image image-show\" src=\"https:\/\/www.europesays.com\/fi\/wp-content\/uploads\/2026\/08\/1787987233_469_e6e20d334f42badf9aa6f5bc1462754685d38be2b7db5b5a166a334654471969.jpg\" alt=\"\"\/><\/p>\n<p>Haakon ja Ingrid Alexandra tapasivat Norjan hallitusta perjantaina.  AOP<\/p>\n<p class=\"paragraph\">Vuonna 1990 voimaan tulleen lakimuutoksen mukaan kruununperimysj\u00e4rjestyksess\u00e4 etusijalla on nyky\u00e4\u00e4n vanhin lapsi sukupuolesta riippumatta. Muutos ei kuitenkaan vaikuttanut Haakonin asemaan vaan koskee seuraavaa sukupolvea \u2013 eli Ingrid Alexandraa.<\/p>\n<p>Kruununprinsessa Ingrid Alexandra perjantaina hallitusta tapaamassa kuninkaanlinnalla.  AOP<\/p>\n<p class=\"paragraph\">Haakon tulee vannomaan virallisen valansa tiistaina Norjan parlamentissa. My\u00f6s Ingrid Alexandra tekee kruununprinsessana kirjallisen valan, aivan kuten Haakon teki t\u00e4ytetty\u00e4\u00e4n 18 vuotta. T\u00e4m\u00e4 siksi, ett\u00e4 kruununprinsessa voi tarvittaessa toimia hallitsijan sijaisena, <a href=\"https:\/\/www.townandcountrymag.com\/society\/tradition\/a73553173\/norway-crown-princess-ingrid-alexandra-first-appearance-king-harald-death-2026\/\" target=\"_blank\" rel=\"noopener nofollow\">Town &amp; Country<\/a> raportoi.<\/p>\n<p class=\"paragraph\">Kruununprinsessan asema on Norjassa suorastaan uudenlainen. Norjassa on nimitt\u00e4in viimeksi ollut naiskuninkaallinen vallassa 1400-luvulla, raportoi <a href=\"https:\/\/www.bbc.com\/news\/articles\/cp841114eg6o\" target=\"_blank\" rel=\"noopener nofollow\">BBC<\/a>.<\/p>\n<p>Kev\u00e4\u00e4n avautuminen<\/p>\n<p class=\"paragraph\">Helmikuussa Ingrid Alexandran <a href=\"https:\/\/www.iltalehti.fi\/kuninkaalliset\/96a0c1ef-0085-4db2-b594-695401d2cdc5\" rel=\"nofollow noopener\" target=\"_blank\">suorasanainen Instagram-kirjoitus<\/a> her\u00e4tti n\u00e4r\u00e4\u00e4 Norjassa. Julkaisussaan h\u00e4n hy\u00f6kk\u00e4si norjalaismediaa vastaan. H\u00e4n julkaisi p\u00e4ivityksens\u00e4 yksityisell\u00e4 Instagram-tilill\u00e4\u00e4n, jossa h\u00e4nell\u00e4 on noin 800 seuraajaa.<\/p>\n<p class=\"paragraph\">\u2013 T\u00e4m\u00e4 teksti ei luultavasti l\u00e4p\u00e4ise \u201dVG-testi\u00e4\u201d. Se olisi revitty palasiksi ja k\u00e4ytetty minua vastaan, Ingrid Alexandra kirjoitti.<\/p>\n<p class=\"paragraph\">VG:ll\u00e4 h\u00e4n viittasi norjalaiseen iltap\u00e4iv\u00e4lehteen.<\/p>\n<p class=\"paragraph\">\u2013 T\u00e4m\u00e4 ei k\u00e4sittele mit\u00e4\u00e4n tietty\u00e4 asiaa, ei Mariusta, ei \u00e4iti\u00e4 tai is\u00e4\u00e4 tai Magnusta. T\u00e4m\u00e4 k\u00e4sittelee henkil\u00f6kohtaisia hy\u00f6kk\u00e4yksi\u00e4. Ne voivat koskea kaikkia. Mutta usein ne koskevat meit\u00e4. Valitsin julkaista tekstini t\u00e4\u00e4ll\u00e4. Sill\u00e4 tulen aivan hulluksi. Milloin t\u00e4m\u00e4 riitt\u00e4\u00e4? On t\u00e4rke\u00e4\u00e4 olla esitt\u00e4m\u00e4tt\u00e4 v\u00e4itteit\u00e4, joille ei ole perusteita, Ingrid Alexandra kirjoitti, <a href=\"https:\/\/www.nrk.no\/norge\/ingrid-alexandra-pa-lukket-instagram-konto_-_nar-er-det-nok__-1.17757109\" target=\"_blank\" rel=\"noopener nofollow\">NRK<\/a>:n mukaan.<\/p>\n<p class=\"paragraph\">Norjan hovi ei suostunut kommentoimaan Ingrid Alexandran p\u00e4ivityst\u00e4 NRK:lle.<\/p>\n<p>Asiantuntija tuomitsi<\/p>\n<p class=\"paragraph\"><a href=\"https:\/\/www.nettavisen.no\/kjendis\/reagerer-pa-prinsessens-instagram-utspill-ikke-vist-lojalitet-mot-kongehuset\/s\/5-95-2869059\" target=\"_blank\" rel=\"noopener nofollow\">Nettavisenin<\/a> kuninkaallisasiantuntija, dosentti <strong>Elin \u00d8rjas\u00e6te<\/strong> ymm\u00e4rsi tuolloin Ingrid Alexandran turhautumisen, mutta prinsessan toimintaa <a href=\"https:\/\/www.iltalehti.fi\/kuninkaalliset\/d8991b3d-f1cc-430b-babc-e41083d4d447\" rel=\"nofollow noopener\" target=\"_blank\">h\u00e4n ei hyv\u00e4ksynyt<\/a>.<\/p>\n<p class=\"paragraph\">\u2013 Tuo on sympaattista inhimillisest\u00e4 n\u00e4k\u00f6kulmasta. Samalla se kuitenkin osoittaa, ettei h\u00e4n viel\u00e4 ymm\u00e4rr\u00e4 rooliaan kuninkaallisena. Ja h\u00e4nen ei olisi miss\u00e4\u00e4n olosuhteissa pit\u00e4nyt tehd\u00e4 sit\u00e4. Kuninkaallisen perheen on puhuttava yhdell\u00e4 \u00e4\u00e4nell\u00e4 t\u00e4ss\u00e4 tapauksessa, \u00d8rjas\u00e6te sanoi.<\/p>\n<p class=\"paragraph\">\u00d8rjas\u00e6ten mukaan prinsessalla on kaksoisrooli: h\u00e4n on kovista rikoksista syytetyn <a href=\"https:\/\/www.iltalehti.fi\/henkilot\/Marius\" class=\"article-link-person-page\" rel=\"nofollow noopener\" target=\"_blank\">Mariuksen<\/a> sisar, mutta h\u00e4nen ensisijainen teht\u00e4v\u00e4ns\u00e4 on kuitenkin olla uskollinen monarkialle.<\/p>\n<p class=\"paragraph\">\u2013 T\u00e4ss\u00e4 yhteydess\u00e4 h\u00e4n ei ole osoittanut uskollisuutta kuninkaallista perhett\u00e4 kohtaan instituutiona, \u00d8rjas\u00e6te sanoo.<\/p>\n<p class=\"paragraph\">\u00d8rjas\u00e6ten mukaan prinsessan on t\u00e4ytynyt tiet\u00e4\u00e4, ett\u00e4 h\u00e4nen p\u00e4ivityksens\u00e4 levi\u00e4\u00e4.<\/p>\n<p class=\"paragraph\">\u2013 Tietenkin, tai sitten h\u00e4n on tyhm\u00e4. En usko, ett\u00e4 h\u00e4n on.<\/p>\n<p>Prinssi Sverre Magnus, kuningatar Mette-Marit, kruununprinsessa Ingrid Alexandra, kuningas Haakon. T\u00e4m\u00e4 kuva on kuitenkin otettu ennen vallan vaihtumista.  AOP<\/p>\n<p>Tukea kollegoilta<\/p>\n<p class=\"paragraph\"><a href=\"https:\/\/people.com\/crown-princess-ingrid-alexandra-norway-first-appearance-heir-12071382\" target=\"_blank\" rel=\"noopener nofollow\">People<\/a> raportoi, ett\u00e4 Ingrid Alexandra saa tukea muilta tulevilta kuningattarilta, kuten Belgian prinsessa <a href=\"https:\/\/www.iltalehti.fi\/henkilot\/Elisabeth\" class=\"article-link-person-page\" rel=\"nofollow noopener\" target=\"_blank\">Elisabethilta<\/a> ja Alankomaiden prinsessa <a href=\"https:\/\/www.iltalehti.fi\/henkilot\/Catharina-Amalia\" class=\"article-link-person-page\" rel=\"nofollow noopener\" target=\"_blank\">Catharina-Amalialta<\/a>. Itse asiassa Elisabeth on aiemmin paljastanut, ett\u00e4 heill\u00e4 on yhteinen Whatsapp-ryhm\u00e4.<\/p>\n<p class=\"paragraph\">\u2013 Olemme tunteneet toisemme jo pitk\u00e4\u00e4n ja tapaamme toisinaan erilaisissa tilaisuuksissa\u201d, prinsessa Elisabeth sanoi <a href=\"https:\/\/people.com\/inside-bond-between-3-future-european-queens-including-whatsapp-group-11986666?taid=6a19df69d6c718000177a5a1&amp;utm_campaign=peoplemagazine&amp;utm_content=new&amp;utm_medium=social&amp;utm_source=twitter.com\" target=\"_blank\" rel=\"noopener nofollow\">haastattelussa<\/a>.<\/p>\n<p class=\"paragraph\">\u2013 Minun sukupolvessani on useita naisia. Samanlainen muutos on n\u00e4ht\u00e4viss\u00e4 my\u00f6s muissa monarkioissa. Olemme kaikki samassa tilanteessa. Se on este, jonka ylit\u00e4mme yhdess\u00e4, h\u00e4n lis\u00e4si.<\/p>\n<p>Kriisien taustaa<\/p>\n<p class=\"paragraph\">Haakonilla ja Mette-Maritilla on kruununprinsessa Ingrid Alexandran lis\u00e4ksi poika, prinssi <a href=\"https:\/\/www.iltalehti.fi\/henkilot\/Sverre Magnus\" class=\"article-link-person-page\" rel=\"nofollow noopener\" target=\"_blank\">Sverre Magnus<\/a>.<\/p>\n<p class=\"paragraph\">Perheeseen kuuluu my\u00f6s niin sanottu bonusprinssi, vankilatuomiotaan istuva Mette-Maritin poika aiemmasta suhteesta, Marius Borg H\u00f8iby.<\/p>\n<p class=\"paragraph\">Mette-Marit on ollut negatiivisessa julkisuudessa my\u00f6s sen takia, ett\u00e4 h\u00e4nell\u00e4 oli yhteyksi\u00e4 pedofiilipohatta <a href=\"https:\/\/www.iltalehti.fi\/henkilot\/Jeffrey Epstein\" class=\"article-link-person-page\" rel=\"nofollow noopener\" target=\"_blank\">Jeffrey Epsteiniin<\/a>.<\/p>\n<p class=\"paragraph\">Mette-Maritin terveys petti t\u00e4n\u00e4 vuonna, ja h\u00e4n toipuu paraikaa keuhkonsiirrosta.<\/p>\n<p>Haakon ja Mette-Marit ovat nyt kuningas ja kuningatar. Kuningatar toipuu paraikaa keuhkojensiirrosta. AOP<\/p>\n<p>Takaisin kotiin Australiasta<\/p>\n<p class=\"paragraph\">Ingrid Alexandra palasi \u00e4itins\u00e4 sairauden takia Sydneyn yliopistosta opiskelemasta <a href=\"https:\/\/www.iltalehti.fi\/kuninkaalliset\/1199df02-40fa-431a-afd8-38407f650b9d\" rel=\"nofollow noopener\" target=\"_blank\">takaisin Norjaan<\/a>. Kes\u00e4kuussa hovi ilmoitti, ett\u00e4 Ingrid Alexandra hyv\u00e4ksyttiin vaihto-oppilaaksi Oslon yliopistoon. H\u00e4nen kerrottiin aloittavan vaihto-opiskelijana yhteiskunnallisessa tiedekunnassa syksyll\u00e4 yliopistojen v\u00e4lisell\u00e4 vaihtosopimuksella.<\/p>\n<p>Kuninkaallistuntija arvioi, ett\u00e4 kruununprinsessa saattaa nyt ottaa kuningattaria n\u00e4kyv\u00e4mm\u00e4n roolin. AOP<\/p>\n<p>Kruununprinsessan vahva rooli<\/p>\n<p class=\"paragraph\">\u2013 On aika ep\u00e4todenn\u00e4k\u00f6ist\u00e4, ett\u00e4 Mette-Maritia tullaan miss\u00e4\u00e4n n\u00e4kem\u00e4\u00e4n terveyden takia. Vaikka h\u00e4n paranisikin, h\u00e4nen kansansuosionsa aika hyvin romahti kohujen aikana vuoden sis\u00e4ll\u00e4. Kyll\u00e4 Haakon on aika yksin siin\u00e4.<\/p>\n<p class=\"paragraph\">N\u00e4in <a href=\"https:\/\/www.iltalehti.fi\/kuninkaalliset\/a8534f14-37e9-4372-b27c-14b697991324\" rel=\"nofollow noopener\" target=\"_blank\">arvioi kuninkaalliskirjailija<\/a> <strong>Satu Jaatinen<\/strong>.<\/p>\n<p class=\"paragraph\">Jaatinen uskoo my\u00f6s, ett\u00e4 kuningatar <a href=\"https:\/\/www.iltalehti.fi\/henkilot\/Sonja\" class=\"article-link-person-page\" rel=\"nofollow noopener\" target=\"_blank\">Sonja<\/a> vet\u00e4ytyy nyt leskeytens\u00e4 taakse. Sen sijaan h\u00e4n uskoo, ett\u00e4 Haakonin ja Mette-Maritin j\u00e4lkikasvu on nyt enemm\u00e4n esill\u00e4. Samoilla linjoilla on my\u00f6s kuninkaallisasiantuntija ja kirjailija <strong>Sanna-Mari Hovi<\/strong>.<\/p>\n<p class=\"paragraph\">\u2013 Veikkaisin, ett\u00e4 Ingrid Alexandra tulee entist\u00e4 enemm\u00e4n osallistumaan kuningashuoneen teht\u00e4viin ja h\u00e4nen \u00e4itins\u00e4 j\u00e4\u00e4 hieman taka-alalle my\u00f6s ihan terveydentilansa vuoksi, Hovi uskoo.<\/p>\n<p><script async src=\"https:\/\/platform.twitter.com\/widgets.js\" charset=\"utf-8\"><\/script><\/p>\n","protected":false},"excerpt":{"rendered":"Norjassa on uusi kruununprinsessa: 22-vuotias Ingrid Alexandra. Norjan kuningas Harald kuoli varhain perjantaiaamuna. Siit\u00e4 seurasi kuninkaallisen perheen ja&hellip;\n","protected":false},"author":2,"featured_media":336179,"comment_status":"","ping_status":"","sticky":false,"template":"","format":"standard","meta":{"footnotes":"","_share_on_mastodon":"0"},"categories":[14],"tags":[35,22,23,26,27,33,31,30,17,101,653,652,99,24,25,28,29,15,18,21,98,32,19,20,56,16,59,60,61],"class_list":["post-336178","post","type-post","status-publish","format-standard","has-post-thumbnail","category-ulkomaat","tag-24h","tag-breaking-news","tag-breakingnews","tag-featured-news","tag-featurednews","tag-fi","tag-finland","tag-finnish","tag-headlines","tag-ihmissuhteet","tag-julkkisperheet","tag-kuninkaalliset","tag-lapset","tag-latest-news","tag-latestnews","tag-main-news","tag-mainnews","tag-news","tag-otsikot","tag-paauutiset","tag-perhe","tag-suomi","tag-top-stories","tag-topstories","tag-ulkomaat","tag-uutiset","tag-world","tag-world-news","tag-worldnews"],"share_on_mastodon":{"url":"https:\/\/pubeurope.com\/@fi\/117177539742585724","error":""},"_links":{"self":[{"href":"https:\/\/www.europesays.com\/fi\/wp-json\/wp\/v2\/posts\/336178","targetHints":{"allow":["GET"]}}],"collection":[{"href":"https:\/\/www.europesays.com\/fi\/wp-json\/wp\/v2\/posts"}],"about":[{"href":"https:\/\/www.europesays.com\/fi\/wp-json\/wp\/v2\/types\/post"}],"author":[{"embeddable":true,"href":"https:\/\/www.europesays.com\/fi\/wp-json\/wp\/v2\/users\/2"}],"replies":[{"embeddable":true,"href":"https:\/\/www.europesays.com\/fi\/wp-json\/wp\/v2\/comments?post=336178"}],"version-history":[{"count":0,"href":"https:\/\/www.europesays.com\/fi\/wp-json\/wp\/v2\/posts\/336178\/revisions"}],"wp:featuredmedia":[{"embeddable":true,"href":"https:\/\/www.europesays.com\/fi\/wp-json\/wp\/v2\/media\/336179"}],"wp:attachment":[{"href":"https:\/\/www.europesays.com\/fi\/wp-json\/wp\/v2\/media?parent=336178"}],"wp:term":[{"taxonomy":"category","embeddable":true,"href":"https:\/\/www.europesays.com\/fi\/wp-json\/wp\/v2\/categories?post=336178"},{"taxonomy":"post_tag","embeddable":true,"href":"https:\/\/www.europesays.com\/fi\/wp-json\/wp\/v2\/tags?post=336178"}],"curies":[{"name":"wp","href":"https:\/\/api.w.org\/{rel}","templated":true}]}}