{"id":336196,"date":"2026-08-29T07:36:10","date_gmt":"2026-08-29T07:36:10","guid":{"rendered":"https:\/\/www.europesays.com\/fi\/336196\/"},"modified":"2026-08-29T07:36:10","modified_gmt":"2026-08-29T07:36:10","slug":"ala-enaa-heita-vessanponttoon-hammentava-muutos-vessapaperissa","status":"publish","type":"post","link":"https:\/\/www.europesays.com\/fi\/336196\/","title":{"rendered":"\u00c4l\u00e4 en\u00e4\u00e4 heit\u00e4 vessanp\u00f6ntt\u00f6\u00f6n \u2013 H\u00e4mment\u00e4v\u00e4 muutos vessapaperissa"},"content":{"rendered":"<p>Lotus Soft Embon vessapaperirulla n\u00e4ytt\u00e4\u00e4 ihan samalta kuin ennen, mutta keskeinen asia on muuttunut. <\/p>\n<p class=\"paragraph\">Kuinkahan moni huomaa n\u00e4in minimaalista muutosta? pohtii <strong>Heidi Lehtim\u00e4ki<\/strong>. H\u00e4n ei olisi huomannut muutosta v\u00e4ltt\u00e4m\u00e4tt\u00e4 itsek\u00e4\u00e4n, ellei h\u00e4nen 8-vuotias lapsensa olisi ollut tarkkaavainen ja ilmoittanut \u00e4idilleen asiasta.<\/p>\n<p class=\"paragraph\">Nimitt\u00e4in Lotus Soft Embo -vessapaperirullan tuubit, jotka ennen neuvottiin heitt\u00e4m\u00e4\u00e4n vessanp\u00f6ntt\u00f6\u00f6n, on nyt kierr\u00e4tett\u00e4v\u00e4. Vessasta alas huuhtominen on kielletty.<\/p>\n<p class=\"paragraph\">H\u00e4mment\u00e4v\u00e4\u00e4 muutoksessa on se, ett\u00e4 rulla n\u00e4ytt\u00e4\u00e4 samalta kuin aiemminkin.<\/p>\n<p class=\"paragraph\">\u2013 Aloin mietti\u00e4, ett\u00e4 kuinkahan moni on jo lent\u00e4nyt p\u00f6ntt\u00f6\u00f6n vahingossa. Tuubi on valkoinen ja teksti lukee samalla fontilla kuin aiemmin. Olisivat muuttaneet vaikka fontin punaiseksi tai hylsyn tavalliseksi ruskeaksi, Heidi sanoo.<\/p>\n<p class=\"paragraph\">\u2013 En tied\u00e4, yritt\u00e4v\u00e4tk\u00f6 he nyt saada putkimiehille lis\u00e4\u00e4 hommaa, kun tekiv\u00e4t t\u00e4llaisen minimuutoksen. Jos n\u00e4in humoristisesti yritt\u00e4\u00e4 ajatella.<\/p>\n<p>\u201dSyyn\u00e4 huuhtohylsyjen vaikeutunut saatavuus\u201d<\/p>\n<p class=\"paragraph\">Essity Finlandin kaupallinen johtaja <strong>Paula Karhunen<\/strong> vastaa Iltalehdelle s\u00e4hk\u00f6postitse. Essity valmistaa Lotus Soft Embo -tuotteet.<\/p>\n<p class=\"paragraph\">\u2013 Olemme syksyn aikana siirtym\u00e4ss\u00e4 pois huuhdottavasta hylsyst\u00e4 Lotus Soft Embon kohdalla. Syyn\u00e4 t\u00e4h\u00e4n on huuhtohylsyjen vaikeutunut saatavuus. Tekem\u00e4mme tutkimuksen mukaan my\u00f6s vain 26 prosenttia Lotus Soft Embon kuluttajista huuhtoo hylsyn, ja t\u00e4rkeint\u00e4 suomalaisille vastaajille olikin hylsyn kierr\u00e4tett\u00e4vyys, ei huuhtoutuvuus.<\/p>\n<p class=\"paragraph\">Jatkossa Lotus Soft Embon hylsyn voi kierr\u00e4tt\u00e4\u00e4 pahvij\u00e4tteen tavoin. Karhunen kertoo, ett\u00e4 hein\u00e4kuun lopusta alkaen Lotus Soft Emboa on valmistettu valkoisella hylsyll\u00e4, jossa lukee: \u201dKierr\u00e4t\u00e4, \u00e4l\u00e4 huuhdo.\u201d<\/p>\n<p class=\"paragraph\">\u2013 T\u00e4m\u00e4 valkoinen hylsy on kuitenkin viel\u00e4 huuhdottava, mutta haluamme viesti\u00e4 muutoksesta hylsyss\u00e4 jo nyt. Siirtym\u00e4vaiheen j\u00e4lkeen Lotus Soft Embon hylsy muuttuu tavalliseksi, harmaaksi hylsyksi loppusyksyn aikana, ja sit\u00e4 ei en\u00e4\u00e4 saa huuhtoa. Silloin hylsyss\u00e4 tulee my\u00f6s lukemaan, ett\u00e4 hylsy ei ole huuhdottava.<\/p>\n<p>Muutos on hyv\u00e4<\/p>\n<p class=\"paragraph\">Vesilaitosyhdistyksen toimitusjohtaja <strong>Riku Vahala<\/strong> sanoo, ett\u00e4 jos t\u00e4llainen muutos on tullut tai on tulossa, muutos on hyv\u00e4.<\/p>\n<p class=\"paragraph\">\u2013 On ylip\u00e4\u00e4t\u00e4\u00e4n tyhm\u00e4\u00e4, ett\u00e4 ihmisi\u00e4 on opetettu laittamaan se hylsy p\u00f6ntt\u00f6\u00f6n. Jo silloin, kun muutos ehk\u00e4 parikymment\u00e4 vuotta sitten tuli, me olimme yksimielisi\u00e4 siit\u00e4, ett\u00e4 se ei ole viisasta.<\/p>\n<p class=\"paragraph\">J\u00e4tevedenpuhdistamon kuormituksen lis\u00e4ksi hylsyjen p\u00f6ntt\u00f6\u00f6n heitt\u00e4misell\u00e4 on oleellinen riski tukkeutumisesta.<\/p>\n<p class=\"paragraph\">\u2013 Vaikka hylsy olisi biohajoava eik\u00e4 aiheuttaisi mit\u00e4\u00e4n ongelmia, on kuitenkin paljon ihmisi\u00e4, jotka eiv\u00e4t v\u00e4ltt\u00e4m\u00e4tt\u00e4 joka kerta tarkista sit\u00e4, ett\u00e4 onko hylsy sellainen, jonka saa heitt\u00e4\u00e4 p\u00f6ntt\u00f6\u00f6n vai sellainen, jota ei saa heitt\u00e4\u00e4. Varsinkin lapset, eih\u00e4n lapset ymm\u00e4rr\u00e4 t\u00e4llaista.<\/p>\n<p class=\"paragraph\">Jos heitett\u00e4v\u00e4t ja kierr\u00e4tett\u00e4v\u00e4t hylsyt n\u00e4ytt\u00e4v\u00e4t samalta, Vahala korostaa, ett\u00e4 sekaannuksen mahdollisuus on varsin suuri. Selvemp\u00e4\u00e4 olisi, jos hylsy olisi selke\u00e4sti pahvia eik\u00e4 sit\u00e4 miss\u00e4\u00e4n oloissa heitett\u00e4isi p\u00f6ntt\u00f6\u00f6n.<\/p>\n","protected":false},"excerpt":{"rendered":"Lotus Soft Embon vessapaperirulla n\u00e4ytt\u00e4\u00e4 ihan samalta kuin ennen, mutta keskeinen asia on muuttunut. Kuinkahan moni huomaa n\u00e4in&hellip;\n","protected":false},"author":2,"featured_media":336197,"comment_status":"","ping_status":"","sticky":false,"template":"","format":"standard","meta":{"footnotes":"","_share_on_mastodon":"0"},"categories":[5],"tags":[35,22,23,26,27,33,31,30,17,99,24,25,72,28,29,15,18,21,98,32,19,20,16,534,709],"class_list":["post-336196","post","type-post","status-publish","format-standard","has-post-thumbnail","category-otsikot","tag-24h","tag-breaking-news","tag-breakingnews","tag-featured-news","tag-featurednews","tag-fi","tag-finland","tag-finnish","tag-headlines","tag-lapset","tag-latest-news","tag-latestnews","tag-luonto","tag-main-news","tag-mainnews","tag-news","tag-otsikot","tag-paauutiset","tag-perhe","tag-suomi","tag-top-stories","tag-topstories","tag-uutiset","tag-ymparisto-ja-luonto","tag-ymparistoasiat"],"share_on_mastodon":{"url":"","error":""},"_links":{"self":[{"href":"https:\/\/www.europesays.com\/fi\/wp-json\/wp\/v2\/posts\/336196","targetHints":{"allow":["GET"]}}],"collection":[{"href":"https:\/\/www.europesays.com\/fi\/wp-json\/wp\/v2\/posts"}],"about":[{"href":"https:\/\/www.europesays.com\/fi\/wp-json\/wp\/v2\/types\/post"}],"author":[{"embeddable":true,"href":"https:\/\/www.europesays.com\/fi\/wp-json\/wp\/v2\/users\/2"}],"replies":[{"embeddable":true,"href":"https:\/\/www.europesays.com\/fi\/wp-json\/wp\/v2\/comments?post=336196"}],"version-history":[{"count":0,"href":"https:\/\/www.europesays.com\/fi\/wp-json\/wp\/v2\/posts\/336196\/revisions"}],"wp:featuredmedia":[{"embeddable":true,"href":"https:\/\/www.europesays.com\/fi\/wp-json\/wp\/v2\/media\/336197"}],"wp:attachment":[{"href":"https:\/\/www.europesays.com\/fi\/wp-json\/wp\/v2\/media?parent=336196"}],"wp:term":[{"taxonomy":"category","embeddable":true,"href":"https:\/\/www.europesays.com\/fi\/wp-json\/wp\/v2\/categories?post=336196"},{"taxonomy":"post_tag","embeddable":true,"href":"https:\/\/www.europesays.com\/fi\/wp-json\/wp\/v2\/tags?post=336196"}],"curies":[{"name":"wp","href":"https:\/\/api.w.org\/{rel}","templated":true}]}}