{"id":336200,"date":"2026-08-29T07:39:08","date_gmt":"2026-08-29T07:39:08","guid":{"rendered":"https:\/\/www.europesays.com\/fi\/336200\/"},"modified":"2026-08-29T07:39:08","modified_gmt":"2026-08-29T07:39:08","slug":"fyysikko-anne-lhuillier-oli-17-vuotta-tyoyhteisonsa-ainoa-nainen-nyt-han-on-fysiikan-rokkistara-ja-nobel-voittaja-ulkomaat","status":"publish","type":"post","link":"https:\/\/www.europesays.com\/fi\/336200\/","title":{"rendered":"Fyysikko Anne L&#8217;Huillier oli 17 vuotta ty\u00f6yhteis\u00f6ns\u00e4 ainoa nainen \u2013 nyt h\u00e4n on fysiikan rokkistara ja Nobel-voittaja | Ulkomaat"},"content":{"rendered":"<ul class=\"aw__sc-1yb43iq-0 gFXHv yle__article__list yle__article__list--ul\">\n<li class=\"aw__sc-1yb43iq-1 gVAzbt\">Fyysikot Anne L&#8217;Huillier, Pierre Agostin ja Ferenc Krausz saivat Nobel-palkinnon 2023.<\/li>\n<li class=\"aw__sc-1yb43iq-1 gVAzbt\">L&#8217;Huillier on vasta viides nainen, joka on saanut fysiikan Nobel-palkinnon. H\u00e4n toivoo kannustavansa naisia tieteen pariin.<\/li>\n<li class=\"aw__sc-1yb43iq-1 gVAzbt\">Tutkimuksella voi tulevaisuudessa olla sovellutuksia elektroniikassa ja l\u00e4\u00e4ketieteess\u00e4.<\/li>\n<\/ul>\n<p class=\"aw__sc-1qwuw0s-0 aw__sc-ngllmo-0 epAWpq fzYpjk yle__article__paragraph\">P\u00e4\u00e4t k\u00e4\u00e4ntyv\u00e4t tamperelaishotellin aulassa tyylikk\u00e4\u00e4sti harmaantuneen naisen per\u00e4\u00e4n. Ihan joka p\u00e4iv\u00e4 fysiikan Nobel-palkinnon voittajaa ei t\u00e4\u00e4ll\u00e4 n\u00e4e.<\/p>\n<p class=\"aw__sc-1qwuw0s-0 aw__sc-ngllmo-0 epAWpq fzYpjk yle__article__paragraph\">Rokkistara on <strong class=\"aw__sc-ngllmo-2 gdRrun yle__article__strong\">Anne L\u2019Huillier.<\/strong> H\u00e4n sai <a class=\"aw__sc-ngllmo-1 bTDnwX yle__article__link\" href=\"https:\/\/yle.fi\/a\/74-20053062\" role=\"link\" rel=\"nofollow noopener\" target=\"_blank\">tieteen suurimman palkinnon<\/a> 2023.<\/p>\n<p class=\"aw__sc-1qwuw0s-0 aw__sc-ngllmo-0 epAWpq fzYpjk yle__article__paragraph\">H\u00e4n kertoo suosion olleen viime vuosina niin suurta, ett\u00e4 se on v\u00e4hent\u00e4nyt oikeiden t\u00f6iden tekemist\u00e4. Suomeen h\u00e4net on tuonut Euroopan optiikan seuran vuosittainen tapahtuma.<\/p>\n<p class=\"aw__sc-1qwuw0s-0 aw__sc-ngllmo-0 epAWpq fzYpjk yle__article__paragraph\">L\u2019Huillierin ty\u00f6kaluna on tajuntaa r\u00e4j\u00e4ytt\u00e4v\u00e4n lyhyt aika, attosekunti. Sekuntiin mahtuu 1\u00a0000\u00a0000\u00a0000\u00a0000\u00a0000\u00a0000 attosekuntia, miljardi miljardia.<\/p>\n<p class=\"aw__sc-1qwuw0s-0 aw__sc-ngllmo-0 epAWpq fzYpjk yle__article__paragraph\">Mittakaavaa avannee se, ett\u00e4 maailmankaikkeuden synnyst\u00e4 on kulunut yht\u00e4 monta sekuntia.<\/p>\n<p class=\"aw__sc-1qwuw0s-0 aw__sc-ngllmo-0 epAWpq fzYpjk yle__article__paragraph\">L&#8217;Huillier havaitsi 1980-luvulla, ett\u00e4 infrapunalaservalon l\u00e4hett\u00e4minen jalokaasun l\u00e4pi synnytt\u00e4\u00e4 v\u00e4rin erilaisia s\u00e4vyj\u00e4, kun laser ja kaasun atomit vaikuttavat toisiinsa. Jotkin elektronit saavat siit\u00e4 ylim\u00e4\u00e4r\u00e4ist\u00e4 energiaa, joka s\u00e4teilee valona.<\/p>\n<p class=\"aw__sc-1qwuw0s-0 aw__sc-ngllmo-0 epAWpq fzYpjk yle__article__paragraph\">T\u00e4m\u00e4 loi pohjan <strong class=\"aw__sc-ngllmo-2 gdRrun yle__article__strong\">Pierre Agostinin<\/strong> ja <strong class=\"aw__sc-ngllmo-2 gdRrun yle__article__strong\">Ferenc Krauszin<\/strong> tutkimuksille. He osoittivat tahoillaan, ett\u00e4 eritt\u00e4in lyhyiden valopulssien luominen on mahdollista \u2013 joitakin satoja attosekunteja.<\/p>\n<p class=\"aw__sc-1qwuw0s-0 aw__sc-ngllmo-0 epAWpq fzYpjk yle__article__paragraph\">\u2013 Niit\u00e4 voi k\u00e4ytt\u00e4\u00e4 kuten ultranopeaa kameraa, kun kuvataan hyvin nopeaa liikett\u00e4. Kiitos n\u00e4iden pulssien voimme seurata erityisesti elektronien nopeaa liikett\u00e4, L\u2019Huillier sanoo Ylen haastattelussa.<\/p>\n<p class=\"aw__sc-1qwuw0s-0 aw__sc-ngllmo-0 epAWpq fzYpjk yle__article__paragraph\">T\u00e4m\u00e4 on tuttua koulun kemian tunnilta: atomi koostuu ytimest\u00e4, jossa on protoneja ja neutroneja, sek\u00e4 sit\u00e4 ymp\u00e4r\u00f6ivist\u00e4 elektroneista.<\/p>\n<p class=\"aw__sc-1qwuw0s-0 aw__sc-ngllmo-0 epAWpq fzYpjk yle__article__paragraph\">Havainnostaan kolmikko palkittiin Nobelin palkinnolla kolme vuotta sitten, liki 40 vuotta L\u2019Huillierin oivallusten j\u00e4lkeen.<\/p>\n<p class=\"aw__sc-1qwuw0s-0 aw__sc-ngllmo-0 epAWpq fzYpjk yle__article__paragraph\">H\u00e4n muistaa hyvin Nobel-komitean puhelinsoiton.<\/p>\n<p class=\"aw__sc-1qwuw0s-0 aw__sc-ngllmo-0 epAWpq fzYpjk yle__article__paragraph\">\u2013 Olin tietysti hyvin iloinen ja ylpe\u00e4. Tuolloin luulin, ett\u00e4 ty\u00f6mme saattaisi johtaa Nobel-palkintoon vaikkakin my\u00f6hemmin. Nobel-palkitun ty\u00f6n pit\u00e4\u00e4 hy\u00f6dytt\u00e4\u00e4 ihmiskuntaa, emmek\u00e4 olleet viel\u00e4 siin\u00e4 vaiheessa.<\/p>\n<p class=\"aw__sc-1qwuw0s-0 aw__sc-ngllmo-0 epAWpq fzYpjk yle__article__paragraph\">L\u2019Huillier p\u00e4\u00e4si kuitenkin itsens\u00e4 <strong class=\"aw__sc-ngllmo-2 gdRrun yle__article__strong\">Marie Curien<\/strong> jalanj\u00e4lkiin. Curie sai fysiikan Nobelin palkinnon 1903 yhdess\u00e4 miehens\u00e4 <strong class=\"aw__sc-ngllmo-2 gdRrun yle__article__strong\">Pierre Curien<\/strong> kanssa ja my\u00f6hemmin viel\u00e4 yksin kemian palkinnon.<\/p>\n<p class=\"aw__sc-1qwuw0s-0 aw__sc-ngllmo-0 epAWpq fzYpjk yle__article__paragraph\">Fysiikka on tieteenalana ollut kovin miesvaltaista. L\u2019Huillier on vasta viides palkinnon saanut nainen.<\/p>\n<p class=\"aw__sc-1qwuw0s-0 aw__sc-ngllmo-0 epAWpq fzYpjk yle__article__paragraph\">\u2013 Se on hieman surullista, pit\u00e4isi olla enemm\u00e4n. Toivon, ett\u00e4 esimerkkini kannustaa naisia tieteen pariin ja voittamaan palkinnon, h\u00e4n sanoo.<\/p>\n<p class=\"aw__sc-1qwuw0s-0 aw__sc-ngllmo-0 epAWpq fzYpjk yle__article__paragraph\">L\u2018Huillierin ty\u00f6uran alku oli eritt\u00e4in miesvoittoinen. H\u00e4n oli ensimm\u00e4iset 17 vuotta ty\u00f6yhteis\u00f6n ainoa nainen.<\/p>\n<p class=\"aw__sc-1qwuw0s-0 aw__sc-ngllmo-0 epAWpq fzYpjk yle__article__paragraph\"><strong class=\"aw__sc-ngllmo-2 gdRrun yle__article__strong\">N\u00e4in viides Nobel-palkittu naisfyysikko Anne L&#8217;Huillier kommentoi sukupuolen vaikutusta ty\u00f6h\u00f6ns\u00e4:<\/strong><\/p>\n<p class=\"aw__sc-1qwuw0s-0 aw__sc-ngllmo-0 epAWpq fzYpjk yle__article__paragraph\">Asiat ovat menneet parempaan suuntaan. Nyky\u00e4\u00e4n L\u2019Huillierin ty\u00f6kavereista naisia on noin kolmannes.<\/p>\n<p class=\"aw__sc-1qwuw0s-0 aw__sc-ngllmo-0 epAWpq fzYpjk yle__article__paragraph\">\u2013 On hyvin t\u00e4rke\u00e4t\u00e4, ett\u00e4 naiset tuntevat itsens\u00e4 tervetulleiksi tieteess\u00e4. Tutkimusryhm\u00e4 toimii paljon paremmin, jos se on monimuotoinen, h\u00e4n sanoo.<\/p>\n<p>Nobelisti ep\u00e4ili kykyj\u00e4\u00e4n pitk\u00e4\u00e4n<\/p>\n<p class=\"aw__sc-1qwuw0s-0 aw__sc-ngllmo-0 epAWpq fzYpjk yle__article__paragraph\">L\u2019Huillier syntyi Pariisissa 1958. H\u00e4n on kahden maan kansalainen, Ruotsin ja Ranskan.<\/p>\n<p class=\"aw__sc-1qwuw0s-0 aw__sc-ngllmo-0 epAWpq fzYpjk yle__article__paragraph\">Lapsena h\u00e4n urheili paljon, mutta fysiikka ja matematiikka kiinnostivat jo.<\/p>\n<p class=\"aw__sc-1qwuw0s-0 aw__sc-ngllmo-0 epAWpq fzYpjk yle__article__paragraph\">Perheen esimerkki veti tieteen pariin. Is\u00e4 oli insin\u00f6\u00f6ri ja \u00e4idinis\u00e4 opetti radioelektroniikkaa.<\/p>\n<p class=\"aw__sc-1qwuw0s-0 aw__sc-ngllmo-0 epAWpq fzYpjk yle__article__paragraph\">\u2013 Ep\u00e4ilin kykyj\u00e4ni pitk\u00e4n aikaa. Pidin opettamisesta ja ajattelin opiskella niin pitk\u00e4lle kuin kykenen.<\/p>\n<p class=\"aw__sc-1qwuw0s-0 aw__sc-ngllmo-0 epAWpq fzYpjk yle__article__paragraph\">Opiskelujen loppuvaiheessa L\u2019Huillier oli harjoittelussa ranskalaisessa tutkimuslaitoksessa, josta h\u00e4nelle tarjottiin v\u00e4it\u00f6stutkijan paikkaa. Se johti tieteen huipulle.<\/p>\n<p class=\"aw__sc-1qwuw0s-0 aw__sc-ngllmo-0 epAWpq fzYpjk yle__article__paragraph\">Nuoria L\u2019Huillier kannustaa uskomaan itseens\u00e4. Itse h\u00e4n oli liiankin huolestunut teini.<\/p>\n<p class=\"aw__sc-1qwuw0s-0 aw__sc-ngllmo-0 epAWpq fzYpjk yle__article__paragraph\">\u2013 Tapaan sanoa, ett\u00e4 toteuttakaa unelmianne. Niin olen sanonut esimerkiksi omille lapsilleni.<\/p>\n<p class=\"aw__sc-1qwuw0s-0 aw__sc-ngllmo-0 epAWpq fzYpjk yle__article__paragraph\">Viime vuosina tieteen vastustaminen on lis\u00e4\u00e4ntynyt maailmalla, ei v\u00e4hiten Atlantin toisella puolella. Nobelistista kehitys on hyvin pelottavaa, ja siksi h\u00e4n pit\u00e4\u00e4 tieteen viestin levitt\u00e4mist\u00e4 entist\u00e4 t\u00e4rke\u00e4mp\u00e4n\u00e4.<\/p>\n<p class=\"aw__sc-1qwuw0s-0 aw__sc-ngllmo-0 epAWpq fzYpjk yle__article__paragraph\">\u2013 Olen ehk\u00e4 optimisti, mutta uskon, ett\u00e4 tiede auttaa meit\u00e4 ilmasto-ongelmien selvitt\u00e4misess\u00e4. On hyvin t\u00e4rke\u00e4\u00e4, ett\u00e4 tiedett\u00e4 kunnioitetaan.<\/p>\n<p>Attosekunnin tutkimus tuo hy\u00f6tyj\u00e4 tulevaisuuteen<\/p>\n<p class=\"aw__sc-1qwuw0s-0 aw__sc-ngllmo-0 epAWpq fzYpjk yle__article__paragraph\">Ent\u00e4 mit\u00e4 hy\u00f6ty\u00e4 on siit\u00e4, ett\u00e4 tied\u00e4mme nyt entist\u00e4 enemm\u00e4n elektronien liikkeist\u00e4?<\/p>\n<p class=\"aw__sc-1qwuw0s-0 aw__sc-ngllmo-0 epAWpq fzYpjk yle__article__paragraph\">Kolme vuotta sitten arvovaltainen Nobel-raati arvioi, ett\u00e4 voittajakolmikon ty\u00f6ll\u00e4 on jatkossa sovellutuksia monilla eri aloilla.<\/p>\n<p class=\"aw__sc-1qwuw0s-0 aw__sc-ngllmo-0 epAWpq fzYpjk yle__article__paragraph\">Esimerkiksi elektroniikassa on t\u00e4rke\u00e4\u00e4 ymm\u00e4rt\u00e4\u00e4 ja hallita sit\u00e4, miten elektronit k\u00e4ytt\u00e4ytyv\u00e4t materiaalissa, komitea sanoi. Attosekuntipulsseja voidaan k\u00e4ytt\u00e4\u00e4 my\u00f6s molekyylien tunnistamiseen vaikkapa l\u00e4\u00e4ketieteellisess\u00e4 diagnostiikassa.<\/p>\n<p class=\"aw__sc-1qwuw0s-0 aw__sc-ngllmo-0 epAWpq fzYpjk yle__article__paragraph\">\u2013 Jokin arkiel\u00e4m\u00e4\u00e4n liittyv\u00e4 sovellutus olisi mahtava. Nyt on olemassa yhteys kvanttitieteeseen, mik\u00e4 on hyvin mielenkiintoista. Paljon on viel\u00e4 teht\u00e4v\u00e4\u00e4, L\u2019Huillier itse arvioi.<\/p>\n<p class=\"aw__sc-1qwuw0s-0 aw__sc-ngllmo-0 epAWpq fzYpjk yle__article__paragraph\">H\u00e4n aikoo j\u00e4\u00e4d\u00e4 el\u00e4kkeelle vuoden kuluttua. Viestikapula on siirtym\u00e4ss\u00e4 jo nuoremmille tutkijoille.<\/p>\n<p class=\"aw__sc-1qwuw0s-0 aw__sc-ngllmo-0 epAWpq fzYpjk yle__article__paragraph\">Tutkimus ei kuitenkaan lopu. Ty\u00f6n alla on my\u00f6s kirja tutkijoille attosekunneista, siit\u00e4 fysiikan erikoisalasta, mihin h\u00e4n on vihkiytynyt nelj\u00e4nkymmenen vuoden ajan. Sellaista ei viel\u00e4 ole kukaan kirjoittanut.<\/p>\n<p class=\"aw__sc-1qwuw0s-0 aw__sc-ngllmo-0 epAWpq fzYpjk yle__article__paragraph\">Nobel-voittajaa pyydet\u00e4\u00e4n edelleen moneen paikkaan puhumaan. Rokkistaralle riitt\u00e4\u00e4 kysynt\u00e4\u00e4.<\/p>\n<p class=\"aw__sc-1qwuw0s-0 aw__sc-ngllmo-0 epAWpq fzYpjk yle__article__paragraph\">\u2013 En aio kadota mustaan aukkoon.<\/p>\n","protected":false},"excerpt":{"rendered":"Fyysikot Anne L&#8217;Huillier, Pierre Agostin ja Ferenc Krausz saivat Nobel-palkinnon 2023. L&#8217;Huillier on vasta viides nainen, joka on&hellip;\n","protected":false},"author":2,"featured_media":336201,"comment_status":"","ping_status":"","sticky":false,"template":"","format":"standard","meta":{"footnotes":"","_share_on_mastodon":"0"},"categories":[115],"tags":[41671,33,31,30,455,1270,454,118,32,119,56],"class_list":["post-336200","post","type-post","status-publish","format-standard","has-post-thumbnail","category-fysiikka","tag-atomit","tag-fi","tag-finland","tag-finnish","tag-fysiikka","tag-nobelin-palkinnot","tag-physics","tag-science","tag-suomi","tag-tiede","tag-ulkomaat"],"share_on_mastodon":{"url":"https:\/\/pubeurope.com\/@fi\/117177664570443983","error":""},"_links":{"self":[{"href":"https:\/\/www.europesays.com\/fi\/wp-json\/wp\/v2\/posts\/336200","targetHints":{"allow":["GET"]}}],"collection":[{"href":"https:\/\/www.europesays.com\/fi\/wp-json\/wp\/v2\/posts"}],"about":[{"href":"https:\/\/www.europesays.com\/fi\/wp-json\/wp\/v2\/types\/post"}],"author":[{"embeddable":true,"href":"https:\/\/www.europesays.com\/fi\/wp-json\/wp\/v2\/users\/2"}],"replies":[{"embeddable":true,"href":"https:\/\/www.europesays.com\/fi\/wp-json\/wp\/v2\/comments?post=336200"}],"version-history":[{"count":0,"href":"https:\/\/www.europesays.com\/fi\/wp-json\/wp\/v2\/posts\/336200\/revisions"}],"wp:featuredmedia":[{"embeddable":true,"href":"https:\/\/www.europesays.com\/fi\/wp-json\/wp\/v2\/media\/336201"}],"wp:attachment":[{"href":"https:\/\/www.europesays.com\/fi\/wp-json\/wp\/v2\/media?parent=336200"}],"wp:term":[{"taxonomy":"category","embeddable":true,"href":"https:\/\/www.europesays.com\/fi\/wp-json\/wp\/v2\/categories?post=336200"},{"taxonomy":"post_tag","embeddable":true,"href":"https:\/\/www.europesays.com\/fi\/wp-json\/wp\/v2\/tags?post=336200"}],"curies":[{"name":"wp","href":"https:\/\/api.w.org\/{rel}","templated":true}]}}