{"id":33621,"date":"2025-09-13T08:46:10","date_gmt":"2025-09-13T08:46:10","guid":{"rendered":"https:\/\/www.europesays.com\/fi\/33621\/"},"modified":"2025-09-13T08:46:10","modified_gmt":"2025-09-13T08:46:10","slug":"tama-vain-elamaa-kohtaus-saa-kaikki-nauramaan","status":"publish","type":"post","link":"https:\/\/www.europesays.com\/fi\/33621\/","title":{"rendered":"T\u00e4m\u00e4 Vain el\u00e4m\u00e4\u00e4 -kohtaus saa kaikki nauramaan"},"content":{"rendered":"<p>Vain el\u00e4m\u00e4\u00e4 py\u00f6rii jo kuudettatoista kauttaan. Huomenna perjantaina on vuorossa K\u00e4\u00e4rij\u00e4n p\u00e4iv\u00e4. Tuolloin muut artistit siis esitt\u00e4v\u00e4t h\u00e4nen kappaleitaan.<\/p>\n<p>Vain el\u00e4m\u00e4\u00e4 -tuotanto on nyt julkaissut klipin, joka saa kaikki nauramaan. Siin\u00e4 esitell\u00e4\u00e4n K\u00e4\u00e4rij\u00e4n kuvauksissa p\u00e4\u00e4st\u00e4mi\u00e4 naurunpurkauksia.<\/p>\n<p>Harvalla on n\u00e4in tarttuva ja mukaansa tempaava \u00e4\u00e4ni kuin K\u00e4\u00e4rij\u00e4ll\u00e4 on.<\/p>\n<p>Joku voisi kutsua sit\u00e4 konekiv\u00e4\u00e4rinauruksikin!<\/p>\n<p>Lue my\u00f6s: <a href=\"https:\/\/www.como.fi\/uutiset\/vain-elamaa-kaarija-ja-behm-valit-poikki\/\" title=\"Vain el\u00e4m\u00e4\u00e4 -K\u00e4\u00e4rij\u00e4 ja Behm: V\u00e4lit poikki!\" class=\"underline-custom !font-montserrat !font-bold !underline-offset-4 !decoration-4 !decoration-red-600 !text-md\" rel=\"nofollow noopener\" target=\"_blank\">Vain el\u00e4m\u00e4\u00e4 -K\u00e4\u00e4rij\u00e4 ja Behm: V\u00e4lit poikki!<\/a><\/p>\n<p>Lue my\u00f6s: <a href=\"https:\/\/www.como.fi\/uutiset\/hymy-kaarija-osti-hulppean-kodin-taman-verran-okyhima-maksoi-ja-tallainen-se-on\/\" title=\"Hymy: K\u00e4\u00e4rij\u00e4 osti hulppean kodin \u2013 t\u00e4m\u00e4n verran \u00f6kyhima maksoi ja t\u00e4llainen se on\" class=\"underline-custom !font-montserrat !font-bold !underline-offset-4 !decoration-4 !decoration-red-600 !text-md\" rel=\"nofollow noopener\" target=\"_blank\">Hymy: K\u00e4\u00e4rij\u00e4 osti hulppean kodin \u2013 t\u00e4m\u00e4n verran \u00f6kyhima maksoi ja t\u00e4llainen se on<\/a><\/p>\n<p>Katso alta \u2013 ja t\u00e4ll\u00e4 on naurutakuu. Alkaa itse\u00e4kin hekotuttaa, sill\u00e4 nauru tarttuu.<\/p>\n<p>Katso klippi alta tai <a href=\"https:\/\/www.instagram.com\/p\/DOakgbGEqrW\/\" target=\"_blank\" rel=\"noreferrer noopener nofollow\">t\u00e4st\u00e4.<\/a><\/p>\n<p>Lue my\u00f6s: <a href=\"https:\/\/www.como.fi\/tilaa-comon-uutiskirje\/\" title=\"Tilaa Comon uutiskirje ja tied\u00e4t mist\u00e4 kahvitauolla puhutaan! Nappaa kotimaan tv-vinkit ja puheenaiheet suoraan s\u00e4hk\u00f6postiin t\u00e4st\u00e4.\" class=\"underline-custom !font-montserrat !font-bold !underline-offset-4 !decoration-4 !decoration-red-600 !text-md\" rel=\"nofollow noopener\" target=\"_blank\">Tilaa Comon uutiskirje ja tied\u00e4t mist\u00e4 kahvitauolla puhutaan! Nappaa kotimaan tv-vinkit ja puheenaiheet suoraan s\u00e4hk\u00f6postiin t\u00e4st\u00e4.<\/a><\/p>\n<p>\t\t\t<script async src=\"\/\/www.instagram.com\/embed.js\"><\/script><\/p>\n","protected":false},"excerpt":{"rendered":"Vain el\u00e4m\u00e4\u00e4 py\u00f6rii jo kuudettatoista kauttaan. Huomenna perjantaina on vuorossa K\u00e4\u00e4rij\u00e4n p\u00e4iv\u00e4. Tuolloin muut artistit siis esitt\u00e4v\u00e4t h\u00e4nen&hellip;\n","protected":false},"author":2,"featured_media":33622,"comment_status":"","ping_status":"","sticky":false,"template":"","format":"standard","meta":{"footnotes":""},"categories":[133],"tags":[137,33,31,30,6428,32,206,156,109],"class_list":{"0":"post-33621","1":"post","2":"type-post","3":"status-publish","4":"format-standard","5":"has-post-thumbnail","7":"category-televisiot","8":"tag-entertainment","9":"tag-fi","10":"tag-finland","11":"tag-finnish","12":"tag-ku00e4u00e4riju00e4","13":"tag-suomi","14":"tag-televisiot","15":"tag-tv","16":"tag-viihde"},"share_on_mastodon":{"url":"","error":""},"_links":{"self":[{"href":"https:\/\/www.europesays.com\/fi\/wp-json\/wp\/v2\/posts\/33621","targetHints":{"allow":["GET"]}}],"collection":[{"href":"https:\/\/www.europesays.com\/fi\/wp-json\/wp\/v2\/posts"}],"about":[{"href":"https:\/\/www.europesays.com\/fi\/wp-json\/wp\/v2\/types\/post"}],"author":[{"embeddable":true,"href":"https:\/\/www.europesays.com\/fi\/wp-json\/wp\/v2\/users\/2"}],"replies":[{"embeddable":true,"href":"https:\/\/www.europesays.com\/fi\/wp-json\/wp\/v2\/comments?post=33621"}],"version-history":[{"count":0,"href":"https:\/\/www.europesays.com\/fi\/wp-json\/wp\/v2\/posts\/33621\/revisions"}],"wp:featuredmedia":[{"embeddable":true,"href":"https:\/\/www.europesays.com\/fi\/wp-json\/wp\/v2\/media\/33622"}],"wp:attachment":[{"href":"https:\/\/www.europesays.com\/fi\/wp-json\/wp\/v2\/media?parent=33621"}],"wp:term":[{"taxonomy":"category","embeddable":true,"href":"https:\/\/www.europesays.com\/fi\/wp-json\/wp\/v2\/categories?post=33621"},{"taxonomy":"post_tag","embeddable":true,"href":"https:\/\/www.europesays.com\/fi\/wp-json\/wp\/v2\/tags?post=33621"}],"curies":[{"name":"wp","href":"https:\/\/api.w.org\/{rel}","templated":true}]}}