{"id":336210,"date":"2026-08-29T07:59:21","date_gmt":"2026-08-29T07:59:21","guid":{"rendered":"https:\/\/www.europesays.com\/fi\/336210\/"},"modified":"2026-08-29T07:59:21","modified_gmt":"2026-08-29T07:59:21","slug":"ruotsalainen-karkkibrandi-bubs-avasi-myymalan-helsinkiin-ihmiset-jonottivat-tuntikaupalla-liikkeen-avautumista-kotimaa","status":"publish","type":"post","link":"https:\/\/www.europesays.com\/fi\/336210\/","title":{"rendered":"Ruotsalainen karkkibr\u00e4ndi Bubs avasi myym\u00e4l\u00e4n Helsinkiin \u2013 ihmiset jonottivat tuntikaupalla liikkeen avautumista | Kotimaa"},"content":{"rendered":"<p class=\"aw__sc-1qwuw0s-0 aw__sc-1vg2sqm-0 epAWpq ecELkD yle__article__paragraph\">Satoja ihmisi\u00e4 ker\u00e4\u00e4ntyi Helsingin keskustaan avatun myym\u00e4l\u00e4n ulkopuolelle jonottamaan irtokarkkeja.<\/p>\n<p><img decoding=\"async\" alt=\"Ihmisi\u00e4 jonottaa kadulla liikkeen edess\u00e4, jonka ikkunassa lukee \u201dBUBS\u201d vaaleanpunaisin kirjaimin.\" src=\"https:\/\/www.europesays.com\/fi\/wp-content\/uploads\/2026\/08\/1787988006.jpeg\" class=\"aw__sc-dklauk-0 LPzKX\"\/><\/p>\n<p>Avaa kuvien katselu<\/p>\n<p>Jonottajia Bubs-myym\u00e4l\u00e4n ulkopuolella Helsingiss\u00e4. Kuva: Berislav Jurisic \/ Yle<\/p>\n<p>10:14\u2022P\u00e4ivitetty 10:58<\/p>\n<p class=\"aw__sc-1qwuw0s-0 aw__sc-ngllmo-0 epAWpq fzYpjk yle__article__paragraph\">Sosiaalisen median kautta tunnetuksi tulleen ruotsalaisen karkkibr\u00e4ndi Bubsin myym\u00e4l\u00e4n avajaisiin kertyi pitk\u00e4 jono lauantaiaamuna Helsingiss\u00e4.<\/p>\n<p class=\"aw__sc-1qwuw0s-0 aw__sc-ngllmo-0 epAWpq fzYpjk yle__article__paragraph\">Arviolta satoja ihmisi\u00e4 jonotti liikkeen avautumista Makkarataloon Helsingin keskustassa.<\/p>\n<p class=\"aw__sc-1qwuw0s-0 aw__sc-ngllmo-0 epAWpq fzYpjk yle__article__paragraph\">Ensimm\u00e4iset jonottajat olivat tulleet l\u00e4hes 200 metrin pituiseksi venyneeseen jonoon patjan kanssa jo eilen illalla.<\/p>\n<p class=\"aw__sc-1qwuw0s-0 aw__sc-ngllmo-0 epAWpq fzYpjk yle__article__paragraph\">P\u00e4\u00e4osa jonottajista oli teini- tai esiteinik\u00e4isi\u00e4 nuoria.<\/p>\n<p class=\"aw__sc-1qwuw0s-0 aw__sc-ngllmo-0 epAWpq fzYpjk yle__article__paragraph\">Rastaan mukaan suurin osa kertoi sy\u00f6neens\u00e4 Bubs-myym\u00e4l\u00e4n karkkeja jo aiemminkin.<\/p>\n<p class=\"aw__sc-1qwuw0s-0 aw__sc-ngllmo-0 epAWpq fzYpjk yle__article__paragraph\">\u2013 Ne on pehmeit\u00e4, makeita ja vegaanisia, sanoo paikalle kuuden aikaan jonottamaan tullut <strong class=\"aw__sc-ngllmo-2 gdRrun yle__article__strong\">Emilia Valtonen<\/strong>.<\/p>\n<p class=\"aw__sc-1qwuw0s-0 aw__sc-ngllmo-0 epAWpq fzYpjk yle__article__paragraph\">\u2013 Rakastan niiden karkkeja ja mulla on t\u00e4n\u00e4\u00e4n syntt\u00e4rit, niin halusin tulla t\u00e4nne, sanoo my\u00f6s kuuden aikaan paikalle tullut <strong class=\"aw__sc-ngllmo-2 gdRrun yle__article__strong\">Wolf Harrington<\/strong>.<\/p>\n<p><img decoding=\"async\" alt=\"Ihmisjoukko seisoo jonossa liikerakennuksen edess\u00e4, julkisivussa n\u00e4kyy Sports Direct -liikkeen kyltit.\" src=\"https:\/\/www.europesays.com\/fi\/wp-content\/uploads\/2026\/08\/1787988657.jpeg\" loading=\"lazy\" class=\"aw__sc-dklauk-0 LPzKX\"\/><\/p>\n<p>Avaa kuvien katselu<\/p>\n<p>Ensimm\u00e4iset jonottajat saapuivat paikalle jo edellisiltana. Kuva: Berislav Jurisic<\/p>\n<p class=\"aw__sc-1qwuw0s-0 aw__sc-ngllmo-0 epAWpq fzYpjk yle__article__paragraph\">Ruotsalaisista makeisista on tullut sosiaalisen median ansiosta trendi ymp\u00e4ri maailmaa. Swedish candy eli ruotsalaiset karkit on tunnettu br\u00e4ndi erityisesti Yhdysvalloissa ja Aasiassa.<\/p>\n<p class=\"aw__sc-1qwuw0s-0 aw__sc-ngllmo-0 epAWpq fzYpjk yle__article__paragraph\">Bubs-hype alkoi pari vuotta sitten New Yorkin Manhattanilta, makeismerkin omistavan Orkla Snacs Ruotsin toimitusjohtaja <strong class=\"aw__sc-ngllmo-2 gdRrun yle__article__strong\">Patrick Axzell<\/strong> <a class=\"aw__sc-ngllmo-1 bTDnwX yle__article__link\" href=\"https:\/\/yle.fi\/a\/74-20199318\" role=\"link\" rel=\"nofollow noopener\" target=\"_blank\">on kertonut aiemmin<\/a>.<\/p>\n<p class=\"aw__sc-1qwuw0s-0 aw__sc-ngllmo-0 epAWpq fzYpjk yle__article__paragraph\">Parin sosiaalisen median vaikuttajan postaus Manhattanin-myym\u00e4l\u00e4st\u00e4 meni viraaliksi. Sen j\u00e4lkeen yleis\u00f6n kiinnostus ruotsalaiskarkkeja kohtaan on jatkanut kasvuaan.<\/p>\n<p class=\"aw__sc-1qwuw0s-0 aw__sc-ngllmo-0 epAWpq fzYpjk yle__article__paragraph\">\u2013 Saa kaikkia ilmaisia lahjoja ja t\u00e4\u00e4ll\u00e4 on hyv\u00e4 fiilis, sanoo aiemminkin liikkeiden avajaisissa k\u00e4ynyt <strong class=\"aw__sc-ngllmo-2 gdRrun yle__article__strong\">Ella Ikonen<\/strong>.<\/p>\n<p><img decoding=\"async\" alt=\"DJ soittaa musiikkia ulkoilmatapahtumassa vaaleanpunaisen p\u00f6yd\u00e4n \u00e4\u00e4ress\u00e4, ymp\u00e4rill\u00e4 ilmapalloja ja ihmisjoukko.\" src=\"https:\/\/www.europesays.com\/fi\/wp-content\/uploads\/2026\/08\/1787988621.jpeg\" loading=\"lazy\" class=\"aw__sc-dklauk-0 LPzKX\"\/><\/p>\n<p>Avaa kuvien katselu<\/p>\n<p>DJ soitti musiikkia karkkikaupan ulkopuolella. Kuva: Berislav Jurisic<\/p>\n<p class=\"aw__sc-1qwuw0s-0 aw__sc-ngllmo-0 epAWpq fzYpjk yle__article__paragraph\">Uutinen p\u00e4ivittyy&#8230;<\/p>\n","protected":false},"excerpt":{"rendered":"Satoja ihmisi\u00e4 ker\u00e4\u00e4ntyi Helsingin keskustaan avatun myym\u00e4l\u00e4n ulkopuolelle jonottamaan irtokarkkeja. Avaa kuvien katselu Jonottajia Bubs-myym\u00e4l\u00e4n ulkopuolella Helsingiss\u00e4. Kuva:&hellip;\n","protected":false},"author":2,"featured_media":336211,"comment_status":"","ping_status":"","sticky":false,"template":"","format":"standard","meta":{"footnotes":"","_share_on_mastodon":"0"},"categories":[76],"tags":[79,77,1371,33,31,30,104,14506,71,16407,32,78],"class_list":["post-336210","post","type-post","status-publish","format-standard","has-post-thumbnail","category-talous","tag-business","tag-economy","tag-elintarvikkeet","tag-fi","tag-finland","tag-finnish","tag-helsinki","tag-irtokarkki","tag-kotimaa","tag-makeiset","tag-suomi","tag-talous"],"share_on_mastodon":{"url":"https:\/\/pubeurope.com\/@fi\/117177743745339745","error":""},"_links":{"self":[{"href":"https:\/\/www.europesays.com\/fi\/wp-json\/wp\/v2\/posts\/336210","targetHints":{"allow":["GET"]}}],"collection":[{"href":"https:\/\/www.europesays.com\/fi\/wp-json\/wp\/v2\/posts"}],"about":[{"href":"https:\/\/www.europesays.com\/fi\/wp-json\/wp\/v2\/types\/post"}],"author":[{"embeddable":true,"href":"https:\/\/www.europesays.com\/fi\/wp-json\/wp\/v2\/users\/2"}],"replies":[{"embeddable":true,"href":"https:\/\/www.europesays.com\/fi\/wp-json\/wp\/v2\/comments?post=336210"}],"version-history":[{"count":0,"href":"https:\/\/www.europesays.com\/fi\/wp-json\/wp\/v2\/posts\/336210\/revisions"}],"wp:featuredmedia":[{"embeddable":true,"href":"https:\/\/www.europesays.com\/fi\/wp-json\/wp\/v2\/media\/336211"}],"wp:attachment":[{"href":"https:\/\/www.europesays.com\/fi\/wp-json\/wp\/v2\/media?parent=336210"}],"wp:term":[{"taxonomy":"category","embeddable":true,"href":"https:\/\/www.europesays.com\/fi\/wp-json\/wp\/v2\/categories?post=336210"},{"taxonomy":"post_tag","embeddable":true,"href":"https:\/\/www.europesays.com\/fi\/wp-json\/wp\/v2\/tags?post=336210"}],"curies":[{"name":"wp","href":"https:\/\/api.w.org\/{rel}","templated":true}]}}