{"id":336224,"date":"2026-08-29T08:17:12","date_gmt":"2026-08-29T08:17:12","guid":{"rendered":"https:\/\/www.europesays.com\/fi\/336224\/"},"modified":"2026-08-29T08:17:12","modified_gmt":"2026-08-29T08:17:12","slug":"illalla-tvssa-vuoden-2019-animaatiohitissa-vilahtaa-tardis-aanina-muun-muassa-riku-nieminen-ja-iina-kuustonen","status":"publish","type":"post","link":"https:\/\/www.europesays.com\/fi\/336224\/","title":{"rendered":"Illalla tv:ss\u00e4: Vuoden 2019 animaatiohitiss\u00e4 vilahtaa TARDIS &#8211; \u00e4\u00e4nin\u00e4 muun muassa Riku Nieminen ja Iina Kuustonen"},"content":{"rendered":"<p class=\"wp-block-paragraph\">Illan tv-ohjelmistossa on Lego elokuva 2 (2019), jonka animaatiossa yhdistyv\u00e4t stop motion -henkinen toteutus ja tietokonegrafiikka. Leffa l\u00f6ytyy my\u00f6s suoratoistopalvelusta Disney Plus.<\/p>\n<p class=\"wp-block-paragraph\">J\u00e4lleen on luvassa vauhtia, huumoria ja yll\u00e4tyksi\u00e4. Lego-maailma joutuu uuden uhan kohteeksi, kun Duplo-avaruusolennot saapuvat aiheuttamaan kaaosta. Lucyn, Batmanin ja muiden yst\u00e4vien joutuessa siepatuiksi Systar System -galaksiin Emmet l\u00e4htee heid\u00e4n per\u00e4\u00e4ns\u00e4. Matkalla h\u00e4n kohtaa mystisen sankarin Rex Dangervestin. Tarinan keski\u00f6ss\u00e4 ovat luovuus, sisarussuhteet ja kasvaminen.<\/p>\n<p class=\"wp-block-paragraph\">Ohjaus: <strong>Mike Mitchell<\/strong>. Suomalaisina \u00e4\u00e4nin\u00e4yttelij\u00f6in\u00e4 muun muassa <strong>Riku Nieminen, Iina Kuustonen, Carl-Kristian Rundman, Tuomas Uusitalo <\/strong>ja <strong>Pete Parkkonen<\/strong>.<\/p>\n<p class=\"wp-block-paragraph\">Elokuvassa on useita viittauksia aikamatkailuun, mukaan lukien palikoista rakennettu Paluu tulevaisuuteen -elokuvan DeLorean, Bill &amp; Ted -leffan puhelinkoppi ja Doctor Whon TARDIS.<\/p>\n<p class=\"wp-block-paragraph\">Rotten Tomatoesin kriitikkomittari on luvussa 85. Lipputuloja leffa ker\u00e4si noin 192 miljoonaa dollaria maailmanlaajuisesti. Se ei p\u00e4rj\u00e4nnyt tuloissa ykk\u00f6sosalle, joka nappasi per\u00e4ti noin 469 miljoonaa dollaria.<\/p>\n<p class=\"wp-block-paragraph\">Tulevat l\u00e4hetykset:<\/p>\n<ul class=\"wp-block-list\">\n<li>La 29.8.2026 klo 16.30, TV5<\/li>\n<\/ul>\n<p>Lue my\u00f6s: <a href=\"https:\/\/www.episodi.fi\/uutiset\/netflixissa-on-nyt-kaikki-4-ekaa-shrek-leffaa-john-lithgow-harmitteli-yhta-asiaa\/\" title=\"Netflixiss\u00e4 on nyt kaikki 4 ekaa Shrek-leffaa \u2013 John Lithgow harmitteli yht\u00e4 asiaa\" class=\"underline-custom !font-heading !font-bold !underline-offset-4 !decoration-4 !decoration-accent !text-md\" rel=\"nofollow noopener\" target=\"_blank\">Netflixiss\u00e4 on nyt kaikki 4 ekaa Shrek-leffaa \u2013 John Lithgow harmitteli yht\u00e4 asiaa<\/a><\/p>\n<p>Lue my\u00f6s: <a href=\"https:\/\/www.episodi.fi\/uutiset\/nyt-skyshowtimessa-rakastettu-animaatiotarina-sai-jatkoa-uutuuselokuvan-muodossa-rotten-tomatoes-luvut-huikeat-90-99\/\" title=\"Nyt SkyShowtimessa: Rakastettu animaatiotarina sai jatkoa uutuuselokuvan muodossa \u2013 Rotten Tomatoes -luvut huikeat 90\/99!\" class=\"underline-custom !font-heading !font-bold !underline-offset-4 !decoration-4 !decoration-accent !text-md\" rel=\"nofollow noopener\" target=\"_blank\">Nyt SkyShowtimessa: Rakastettu animaatiotarina sai jatkoa uutuuselokuvan muodossa \u2013 Rotten Tomatoes -luvut huikeat 90\/99!<\/a><\/p>\n<p>Lue my\u00f6s: <a href=\"https:\/\/www.episodi.fi\/uutiset\/nyt-netflixissa-ricky-gervais-on-kiroileva-kujakissa-uudessa-aikuisten-animaatiosarjassa\/\" title=\"Nyt Netflixiss\u00e4: Ricky Gervais on kiroileva kujakissa uudessa aikuisten animaatiosarjassa\" class=\"underline-custom !font-heading !font-bold !underline-offset-4 !decoration-4 !decoration-accent !text-md\" rel=\"nofollow noopener\" target=\"_blank\">Nyt Netflixiss\u00e4: Ricky Gervais on kiroileva kujakissa uudessa aikuisten animaatiosarjassa<\/a><\/p>\n<p><img loading=\"lazy\" decoding=\"async\" alt=\"Youtube video\" width=\"480\" height=\"360\" data-pin-nopin=\"true\" nopin=\"nopin\" class=\"perfmatters-lazy\" src=\"https:\/\/www.europesays.com\/fi\/wp-content\/uploads\/2026\/08\/1787991432_893_hqdefault.jpg\"\/><\/p>\n<p class=\"wp-block-paragraph\">L\u00e4hde: <a href=\"https:\/\/www.imdb.com\/title\/tt3513498\/\" target=\"_blank\" rel=\"noreferrer noopener nofollow\">IMDb<\/a><\/p>\n","protected":false},"excerpt":{"rendered":"Illan tv-ohjelmistossa on Lego elokuva 2 (2019), jonka animaatiossa yhdistyv\u00e4t stop motion -henkinen toteutus ja tietokonegrafiikka. Leffa l\u00f6ytyy&hellip;\n","protected":false},"author":2,"featured_media":336225,"comment_status":"","ping_status":"","sticky":false,"template":"","format":"standard","meta":{"footnotes":"","_share_on_mastodon":"0"},"categories":[133],"tags":[137,33,31,30,32,206,41242,156,109],"class_list":["post-336224","post","type-post","status-publish","format-standard","has-post-thumbnail","category-televisiot","tag-entertainment","tag-fi","tag-finland","tag-finnish","tag-suomi","tag-televisiot","tag-tv-vinkki","tag-tv","tag-viihde"],"share_on_mastodon":{"url":"https:\/\/pubeurope.com\/@fi\/117177814500608294","error":""},"_links":{"self":[{"href":"https:\/\/www.europesays.com\/fi\/wp-json\/wp\/v2\/posts\/336224","targetHints":{"allow":["GET"]}}],"collection":[{"href":"https:\/\/www.europesays.com\/fi\/wp-json\/wp\/v2\/posts"}],"about":[{"href":"https:\/\/www.europesays.com\/fi\/wp-json\/wp\/v2\/types\/post"}],"author":[{"embeddable":true,"href":"https:\/\/www.europesays.com\/fi\/wp-json\/wp\/v2\/users\/2"}],"replies":[{"embeddable":true,"href":"https:\/\/www.europesays.com\/fi\/wp-json\/wp\/v2\/comments?post=336224"}],"version-history":[{"count":0,"href":"https:\/\/www.europesays.com\/fi\/wp-json\/wp\/v2\/posts\/336224\/revisions"}],"wp:featuredmedia":[{"embeddable":true,"href":"https:\/\/www.europesays.com\/fi\/wp-json\/wp\/v2\/media\/336225"}],"wp:attachment":[{"href":"https:\/\/www.europesays.com\/fi\/wp-json\/wp\/v2\/media?parent=336224"}],"wp:term":[{"taxonomy":"category","embeddable":true,"href":"https:\/\/www.europesays.com\/fi\/wp-json\/wp\/v2\/categories?post=336224"},{"taxonomy":"post_tag","embeddable":true,"href":"https:\/\/www.europesays.com\/fi\/wp-json\/wp\/v2\/tags?post=336224"}],"curies":[{"name":"wp","href":"https:\/\/api.w.org\/{rel}","templated":true}]}}