{"id":336290,"date":"2026-08-29T09:48:13","date_gmt":"2026-08-29T09:48:13","guid":{"rendered":"https:\/\/www.europesays.com\/fi\/336290\/"},"modified":"2026-08-29T09:48:13","modified_gmt":"2026-08-29T09:48:13","slug":"nainen-putosi-parvekkeelta-ja-kuoli-kuopiossa-pohjois-savo","status":"publish","type":"post","link":"https:\/\/www.europesays.com\/fi\/336290\/","title":{"rendered":"Nainen putosi parvekkeelta ja kuoli Kuopiossa | Pohjois-Savo"},"content":{"rendered":"<p class=\"aw__sc-1qwuw0s-0 aw__sc-1vg2sqm-0 epAWpq ecELkD yle__article__paragraph\">Kuopion keskustassa noin 50-vuotias nainen menehtyi pudottuaan parvekkeelta.<\/p>\n<p><img decoding=\"async\" alt=\"Poliisin miekkaleijonan kuva poliisiauton konepelliss\u00e4.\" src=\"https:\/\/www.europesays.com\/fi\/wp-content\/uploads\/2026\/08\/1723808480.jpeg\" class=\"aw__sc-dklauk-0 LPzKX\"\/><\/p>\n<p>Avaa kuvien katselu<\/p>\n<p>Noin 50-vuotias nainen kuoli pudottuaan parvekkeelta Kuopion keskustassa. Poliisi ei ep\u00e4ile asiasssa rikosta. Kuva: Kimmo Gustafsson \/ Yle<\/p>\n<p>11:27\u2022P\u00e4ivitetty 11:37<\/p>\n<p class=\"aw__sc-1qwuw0s-0 aw__sc-ngllmo-0 epAWpq fzYpjk yle__article__paragraph\">Noin 50-vuotias nainen kuoli pudottuaan parvekkeelta Kuopion keskustassa. Tapaus sattui perjantaina kello 23:n aikaan.<\/p>\n<p class=\"aw__sc-1qwuw0s-0 aw__sc-ngllmo-0 epAWpq fzYpjk yle__article__paragraph\">Poliisi ei ep\u00e4ile asiasssa rikosta. Poliisi selvitt\u00e4\u00e4 tapausta kuolemansyyntutkintana.<\/p>\n<p class=\"aw__sc-1qwuw0s-0 aw__sc-ngllmo-0 epAWpq fzYpjk yle__article__paragraph\">It\u00e4-Suomen poliisin mukaan kyse ei ole lasitetusta tai muutoin rikkoutuneesta parvekkeesta. Poliisi ei kommentoi asiaa enemp\u00e4\u00e4.<\/p>\n<p class=\"aw__sc-1qwuw0s-0 aw__sc-ngllmo-0 epAWpq fzYpjk yle__article__paragraph\">Lasikaideparvekkeita on laitettu k\u00e4ytt\u00f6kieltoon useilla paikkakunnilla sen j\u00e4lkeen kun <a class=\"aw__sc-ngllmo-1 bTDnwX yle__article__link\" href=\"https:\/\/yle.fi\/a\/74-20232518\" role=\"link\" rel=\"nofollow noopener\" target=\"_blank\">mies kuoli pudottuaan parvekkeen lasikaiteen l\u00e4pi<\/a> Vantaan Tikkurilassa juhannusaattona.<\/p>\n","protected":false},"excerpt":{"rendered":"Kuopion keskustassa noin 50-vuotias nainen menehtyi pudottuaan parvekkeelta. Avaa kuvien katselu Noin 50-vuotias nainen kuoli pudottuaan parvekkeelta Kuopion&hellip;\n","protected":false},"author":2,"featured_media":336291,"comment_status":"","ping_status":"","sticky":false,"template":"","format":"standard","meta":{"footnotes":"","_share_on_mastodon":"0"},"categories":[5],"tags":[22,23,26,27,33,31,30,17,71,683,1132,24,25,28,29,15,18,21,18237,1136,52,32,19,20,16],"class_list":["post-336290","post","type-post","status-publish","format-standard","has-post-thumbnail","category-otsikot","tag-breaking-news","tag-breakingnews","tag-featured-news","tag-featurednews","tag-fi","tag-finland","tag-finnish","tag-headlines","tag-kotimaa","tag-kuolema","tag-kuopio","tag-latest-news","tag-latestnews","tag-main-news","tag-mainnews","tag-news","tag-otsikot","tag-paauutiset","tag-parveke","tag-pohjois-savo","tag-poliisi","tag-suomi","tag-top-stories","tag-topstories","tag-uutiset"],"share_on_mastodon":{"url":"https:\/\/pubeurope.com\/@fi\/117178172092637429","error":""},"_links":{"self":[{"href":"https:\/\/www.europesays.com\/fi\/wp-json\/wp\/v2\/posts\/336290","targetHints":{"allow":["GET"]}}],"collection":[{"href":"https:\/\/www.europesays.com\/fi\/wp-json\/wp\/v2\/posts"}],"about":[{"href":"https:\/\/www.europesays.com\/fi\/wp-json\/wp\/v2\/types\/post"}],"author":[{"embeddable":true,"href":"https:\/\/www.europesays.com\/fi\/wp-json\/wp\/v2\/users\/2"}],"replies":[{"embeddable":true,"href":"https:\/\/www.europesays.com\/fi\/wp-json\/wp\/v2\/comments?post=336290"}],"version-history":[{"count":0,"href":"https:\/\/www.europesays.com\/fi\/wp-json\/wp\/v2\/posts\/336290\/revisions"}],"wp:featuredmedia":[{"embeddable":true,"href":"https:\/\/www.europesays.com\/fi\/wp-json\/wp\/v2\/media\/336291"}],"wp:attachment":[{"href":"https:\/\/www.europesays.com\/fi\/wp-json\/wp\/v2\/media?parent=336290"}],"wp:term":[{"taxonomy":"category","embeddable":true,"href":"https:\/\/www.europesays.com\/fi\/wp-json\/wp\/v2\/categories?post=336290"},{"taxonomy":"post_tag","embeddable":true,"href":"https:\/\/www.europesays.com\/fi\/wp-json\/wp\/v2\/tags?post=336290"}],"curies":[{"name":"wp","href":"https:\/\/api.w.org\/{rel}","templated":true}]}}