{"id":336342,"date":"2026-08-29T11:18:11","date_gmt":"2026-08-29T11:18:11","guid":{"rendered":"https:\/\/www.europesays.com\/fi\/336342\/"},"modified":"2026-08-29T11:18:11","modified_gmt":"2026-08-29T11:18:11","slug":"jacob-elordi-vuosi-taynna-unelmia-ja-menestysta","status":"publish","type":"post","link":"https:\/\/www.europesays.com\/fi\/336342\/","title":{"rendered":"Jacob Elordi: Vuosi t\u00e4ynn\u00e4 unelmia ja menestyst\u00e4"},"content":{"rendered":"<p>\n            Jacob Elordi<br \/>\n            AOP\n        <\/p>\n<p class=\"subtitle \">Katson haastattelemalla Humiseva harju -t\u00e4hdell\u00e4 on ollut ikimuistoinen ty\u00f6vuosi.<\/p>\n<p class=\"article-content article-content-width !bg-background\">, 29, on<br \/>\ntakanaan uskomaton vuosi.<\/p>\n<p class=\"article-content article-content-width !bg-background\">Ensin h\u00e4n oli Oscar-ehdokkaana nimiroolista  ohjaamassa Frankensteinissa. Seuraavaksi h\u00e4net n\u00e4htiin<br \/>\nhimojen kohteena Humiseva harju -filmatisoinnissa. Sitten h\u00e4n palasi<br \/>\nl\u00e4pimurtorooliinsa HBO Maxin hittisarjan Euphoria p\u00e4\u00e4t\u00f6skaudelle.<\/p>\n<p class=\"article-content article-content-width !bg-background\">Samaan aikaan Elordi on ollut<br \/>\ntaukoamatta yksi vedonly\u00f6jien suurimmista suosikeista seuraavaksi James Bondiksi.<br \/>\nSpekulointi Elordin johtoasemasta 007-kilpajuoksussa vain kiihtyi sen j\u00e4lkeen,<br \/>\nkun australialaissyntyinen t\u00e4hti n\u00e4htiin poistumassa Bond-tuottajien<br \/>\ntoimistolta Lontoossa aiemmin t\u00e4n\u00e4 vuonna.<\/p>\n<p>        <a itemprop=\"url\" href=\"https:\/\/www.seiska.fi\/katso\/onko-tassa-uusi-james-bond\/2055361\" rel=\"nofollow noopener\" target=\"_blank\"><\/p>\n<p>\nP\u00f6hin\u00e4 k\u00e4y kuumana\n<\/p>\n<p class=\"section-date\">\n        <strong class=\"article-section\" data-section=\"katso\"><br \/>\n            katso<br \/>\n        <\/strong><br \/>\n        23.1. 15:45\n    <\/p>\n<p>Onko t\u00e4ss\u00e4 uusi James Bond?\n    <\/p>\n<p itemprop=\"description\" class=\"subtitle \">\n    28-vuotias australialainen on paalupaikalla Bond-kisassa.\n<\/p>\n<p>        <\/a><\/p>\n<p class=\"article-content article-content-width !bg-background\">Kaiken t\u00e4m\u00e4n ohessa Elordi<br \/>\non saanut toteuttaa yhden suurimmista unelmistaan: h\u00e4nell\u00e4 on p\u00e4\u00e4rooli  uudessa elokuvassa The Dog Stars.<\/p>\n<p class=\"article-content article-content-width !bg-background\">\u2013 Se oli unelmien<br \/>\nt\u00e4yttymys. En usko, ett\u00e4 saan koskaan kokea mit\u00e4\u00e4n vastaavaa. Ridley on modernin<br \/>\nelokuvakerronnan pioneeri, Jacob hehkuttaa Katsolle videopuhelun v\u00e4lityksell\u00e4.<\/p>\n<p class=\"article-content article-content-width !bg-background\">Elordin mukaan ty\u00f6skentely<br \/>\n88-vuotiaan Scottin kanssa on energisoivaa ja inspiroivaa.<\/p>\n<p class=\"article-content article-content-width !bg-background\">\u2013 H\u00e4nen energiansa ja innostuksensa<br \/>\non tarttuvaa. Ihmettelin, kuinka h\u00e4n pystyi k\u00e4ynnistym\u00e4\u00e4n joka aamu ja oli heti<br \/>\nintoa t\u00e4ynn\u00e4. Muut ihmiset ik\u00e4\u00e4ntyv\u00e4t, mutta h\u00e4n ei. En ole n\u00e4hnyt vastaavaa.<\/p>\n<p>        <a itemprop=\"url\" href=\"https:\/\/www.seiska.fi\/katso\/arvio-humiseva-harju-pettaa-suurimman-lupauksensa\/2066994\" rel=\"nofollow noopener\" target=\"_blank\"><\/p>\n<p>\nArvio: Humiseva harju\n<\/p>\n<p class=\"section-date\">\n        <strong class=\"article-section\" data-section=\"katso\"><br \/>\n            katso<br \/>\n        <\/strong><br \/>\n        12.2. 10:45\n    <\/p>\n<p>Arvio: Humiseva harju pett\u00e4\u00e4 suurimman lupauksensa\n    <\/p>\n<p itemprop=\"description\" class=\"subtitle \">\n    Humiseva harju saa ensi-iltansa elokuvateattereissa perjantaina 13. helmikuuta 2026.\n<\/p>\n<p>        <\/a><\/p>\n<p>                <img decoding=\"async\" src=\"https:\/\/www.europesays.com\/fi\/wp-content\/uploads\/2026\/08\/2246562.webp\" width=\"576\" height=\"322\" title=\"Jacob Elordi ja Margaret Qualley elokuvassa The Dog Stars.\" alt=\"Jacob Elordi ja Margaret Qualley elokuvassa The Dog Stars.\" loading=\"lazy\" \/>            <\/p>\n<p>\n            Jacob Elordi ja Margaret Qualley elokuvassa The Dog Stars.<br \/>\n            Fabio Lovino\n        <\/p>\n<p>Italia teki vaikutuksen<\/p>\n<p class=\"article-content article-content-width !bg-background\">Jacob esitt\u00e4\u00e4 The Dog Starsissa<br \/>\nlent\u00e4j\u00e4-mekaanikko Higia, joka on menett\u00e4nyt raskaana olleen vaimonsa l\u00e4hes<br \/>\nkoko ihmiskunnan tappaneelle virukselle. Nyt Hig el\u00e4\u00e4 uskollisen koiransa ja kovapintaisen<br \/>\nex-sotilaan kanssa vanhaan lentokonehalliin kyh\u00e4tyss\u00e4 linnoituksessa.<\/p>\n<p class=\"article-content article-content-width !bg-background\">L\u00e4htiess\u00e4\u00e4n etsim\u00e4\u00e4n<br \/>\nmystisen radiol\u00e4hetyksen kohdetta Hig t\u00f6rm\u00e4\u00e4  (The Substance)<br \/>\nesitt\u00e4m\u00e4\u00e4n toiseen selviytyj\u00e4\u00e4n, joka on my\u00f6s leski.<\/p>\n<p class=\"article-content article-content-width !bg-background\">\u2013 K\u00e4sittelin Margaretin<br \/>\nkanssa suruteemaa my\u00f6s kuvausten ulkopuolella. Yritimme tehd\u00e4 siit\u00e4 uskottavampaa<br \/>\nty\u00f6st\u00e4m\u00e4ll\u00e4 teksti\u00e4 kesken\u00e4mme ja saadaksemme siihen realismia.<\/p>\n<p>        <a itemprop=\"url\" href=\"https:\/\/www.seiska.fi\/katso\/jacob-elordin-tieteistrilleri-onnistuu-yhdessa-asiassa\/2245291\" rel=\"nofollow noopener\" target=\"_blank\"><\/p>\n<p>\nJacob Elordin\n<\/p>\n<p class=\"section-date\">\n        <strong class=\"article-section\" data-section=\"katso\"><br \/>\n            katso<br \/>\n        <\/strong><br \/>\n        27.8. 16:15\n    <\/p>\n<p>Jacob Elordin tieteistrilleri onnistuu yhdess\u00e4 asiassa\n    <\/p>\n<p itemprop=\"description\" class=\"subtitle \">\n    The Dog Stars saa ensi-iltansa elokuvateattereissa perjantaina 28. elokuuta 2026.\n<\/p>\n<p>        <\/a><\/p>\n<p>                <img decoding=\"async\" src=\"https:\/\/www.europesays.com\/fi\/wp-content\/uploads\/2026\/08\/2246555.webp\" width=\"576\" height=\"274\" title=\"El\u00e4inrakas Jacob tuli hyvin toimeen nelijalkaisten vastan\u00e4yttelij\u00f6idens\u00e4 kanssa.\" alt=\"Jacob Elordi elokuvassa The Dog Stars.\" loading=\"lazy\" \/>            <\/p>\n<p>\n            El\u00e4inrakas Jacob tuli hyvin toimeen nelijalkaisten vastan\u00e4yttelij\u00f6idens\u00e4 kanssa.<br \/>\n            Fabio Lovino\n        <\/p>\n<p class=\"article-content article-content-width !bg-background\">Jacob kiittelee my\u00f6s<br \/>\nnelijalkaista vastan\u00e4yttelij\u00e4\u00e4ns\u00e4, jonka kanssa h\u00e4nell\u00e4 on useita kohtauksia.<\/p>\n<p class=\"article-content article-content-width !bg-background\">\u2013 Koiria oli itseasiassa<br \/>\nenemm\u00e4n kuin yksi ja ne olivat kaikki hurmaavia. P\u00e4\u00e4dyin lopulta itse palkitsemaan<br \/>\nniit\u00e4 makkaroilla ja muilla herkuilla aina, kun kohtaus oli saatu purkkiin.<\/p>\n<p class=\"article-content article-content-width !bg-background\">Legendaarisen ohjaajan ja<br \/>\nmukavien vastan\u00e4yttelij\u00f6iden lis\u00e4ksi Jacob kiittelee kuvauspaikaksi valikoitunutta<br \/>\nItaliaa.<\/p>\n<p class=\"article-content article-content-width !bg-background\">\u2013 Kuvasimme ulkokohtauksia<br \/>\nDolomiiteilla, joka on yksi maailman kauneimmista vuoristoista. Toisaalta oli<br \/>\np\u00f6kerrytt\u00e4v\u00e4\u00e4 p\u00e4\u00e4st\u00e4 kuvaamaan Cinecitt\u00e0n studioille Roomassa. Minne tahansa siell\u00e4 katsotkin n\u00e4et todisteita valtavasta<br \/>\nelokuvaperinn\u00f6st\u00e4, lavasteita ja proppeja, joita on k\u00e4ytetty elokuvissa. Ne ovat yh\u00e4 siell\u00e4 muistuttamassa Italian<br \/>\nelokuvateollisuuden suurimmista p\u00e4ivist\u00e4.<\/p>\n<p>        <a itemprop=\"url\" href=\"https:\/\/www.seiska.fi\/katso\/maailman-kuuluisin-hirvio-heraa-eloon-netflixin-goottipainajaisessa\/1969627\" rel=\"nofollow noopener\" target=\"_blank\"><\/p>\n<p>\nNetflixin odotettu Frankenstein-elokuva\n<\/p>\n<p class=\"section-date\">\n        <strong class=\"article-section\" data-section=\"katso\"><br \/>\n            katso<br \/>\n        <\/strong><br \/>\n        2.11.2025 15:15\n    <\/p>\n<p>Maailman kuuluisin hirvi\u00f6 her\u00e4\u00e4 eloon Netflixin goottipainajaisessa\n    <\/p>\n<p itemprop=\"description\" class=\"subtitle \">\n    Guillermo del Toro sai viimein ohjata vuosikymmeni\u00e4 kypsyneen unelmaprojektinsa.\n<\/p>\n<p>        <\/a><\/p>\n","protected":false},"excerpt":{"rendered":"Jacob Elordi AOP Katson haastattelemalla Humiseva harju -t\u00e4hdell\u00e4 on ollut ikimuistoinen ty\u00f6vuosi. , 29, on takanaan uskomaton vuosi.&hellip;\n","protected":false},"author":2,"featured_media":336343,"comment_status":"","ping_status":"","sticky":false,"template":"","format":"standard","meta":{"footnotes":"","_share_on_mastodon":"0"},"categories":[136],"tags":[407,41681,39385,137,9906,41680,33,31,30,7244,4828,199,774,1971,408,30100,775,217,5811,3216,32,22119,109],"class_list":["post-336342","post","type-post","status-publish","format-standard","has-post-thumbnail","category-julkkikset","tag-celebrities","tag-cinecitta","tag-dolomiitit","tag-entertainment","tag-euphoria","tag-fellini","tag-fi","tag-finland","tag-finnish","tag-frankenstein","tag-humiseva-harju","tag-italia","tag-jacob-elordi","tag-james-bond","tag-julkkikset","tag-margaret-qualley","tag-margot-robbie","tag-netflix","tag-oscar-ehdokas","tag-ridley-scott","tag-suomi","tag-the-dog-stars","tag-viihde"],"share_on_mastodon":{"url":"https:\/\/pubeurope.com\/@fi\/117178526308542476","error":""},"_links":{"self":[{"href":"https:\/\/www.europesays.com\/fi\/wp-json\/wp\/v2\/posts\/336342","targetHints":{"allow":["GET"]}}],"collection":[{"href":"https:\/\/www.europesays.com\/fi\/wp-json\/wp\/v2\/posts"}],"about":[{"href":"https:\/\/www.europesays.com\/fi\/wp-json\/wp\/v2\/types\/post"}],"author":[{"embeddable":true,"href":"https:\/\/www.europesays.com\/fi\/wp-json\/wp\/v2\/users\/2"}],"replies":[{"embeddable":true,"href":"https:\/\/www.europesays.com\/fi\/wp-json\/wp\/v2\/comments?post=336342"}],"version-history":[{"count":0,"href":"https:\/\/www.europesays.com\/fi\/wp-json\/wp\/v2\/posts\/336342\/revisions"}],"wp:featuredmedia":[{"embeddable":true,"href":"https:\/\/www.europesays.com\/fi\/wp-json\/wp\/v2\/media\/336343"}],"wp:attachment":[{"href":"https:\/\/www.europesays.com\/fi\/wp-json\/wp\/v2\/media?parent=336342"}],"wp:term":[{"taxonomy":"category","embeddable":true,"href":"https:\/\/www.europesays.com\/fi\/wp-json\/wp\/v2\/categories?post=336342"},{"taxonomy":"post_tag","embeddable":true,"href":"https:\/\/www.europesays.com\/fi\/wp-json\/wp\/v2\/tags?post=336342"}],"curies":[{"name":"wp","href":"https:\/\/api.w.org\/{rel}","templated":true}]}}