{"id":336350,"date":"2026-08-29T11:29:15","date_gmt":"2026-08-29T11:29:15","guid":{"rendered":"https:\/\/www.europesays.com\/fi\/336350\/"},"modified":"2026-08-29T11:29:15","modified_gmt":"2026-08-29T11:29:15","slug":"hailuodossa-moottorikelkkailija-ajoi-pellolta-ojaan-ja-loukkaantui-vakavasti-uutissuomalainen","status":"publish","type":"post","link":"https:\/\/www.europesays.com\/fi\/336350\/","title":{"rendered":"Hailuodossa moottorikelkkailija ajoi pellolta ojaan ja loukkaantui vakavasti | Uutissuomalainen"},"content":{"rendered":"<p>Hailuodossa Pohjois-Pohjanmaalla moottorikelkkailija ajoi pellolta ojaan lauantaina viiden aikaan aamuy\u00f6ll\u00e4, tiedottaa Oulun poliisilaitos.<\/p>\n<p>Moottorikelkka kaatui onnettomuudessa ja kuljettaja loukkaantui t\u00e4m\u00e4n hetkisten tietojen mukaan vakavasti, kertoo poliisi.<\/p>\n<p>Alkoholilla ep\u00e4ill\u00e4\u00e4n poliisin mukaan olleen osuutta tilanteessa.<\/p>\n","protected":false},"excerpt":{"rendered":"Hailuodossa Pohjois-Pohjanmaalla moottorikelkkailija ajoi pellolta ojaan lauantaina viiden aikaan aamuy\u00f6ll\u00e4, tiedottaa Oulun poliisilaitos. Moottorikelkka kaatui onnettomuudessa ja kuljettaja&hellip;\n","protected":false},"author":2,"featured_media":336351,"comment_status":"","ping_status":"","sticky":false,"template":"","format":"standard","meta":{"footnotes":"","_share_on_mastodon":"0"},"categories":[76],"tags":[2268,79,77,33,31,30,121,952,14649,54,126,32,78,128],"class_list":["post-336350","post","type-post","status-publish","format-standard","has-post-thumbnail","category-talous","tag-alkoholi","tag-business","tag-economy","tag-fi","tag-finland","tag-finnish","tag-liikenne-ja-kuljetus","tag-oulu","tag-oulun-poliisilaitos","tag-pelastuspalvelut","tag-pohjois-pohjanmaan-maakunta","tag-suomi","tag-talous","tag-tieliikenne"],"share_on_mastodon":{"url":"https:\/\/pubeurope.com\/@fi\/117178568835928306","error":""},"_links":{"self":[{"href":"https:\/\/www.europesays.com\/fi\/wp-json\/wp\/v2\/posts\/336350","targetHints":{"allow":["GET"]}}],"collection":[{"href":"https:\/\/www.europesays.com\/fi\/wp-json\/wp\/v2\/posts"}],"about":[{"href":"https:\/\/www.europesays.com\/fi\/wp-json\/wp\/v2\/types\/post"}],"author":[{"embeddable":true,"href":"https:\/\/www.europesays.com\/fi\/wp-json\/wp\/v2\/users\/2"}],"replies":[{"embeddable":true,"href":"https:\/\/www.europesays.com\/fi\/wp-json\/wp\/v2\/comments?post=336350"}],"version-history":[{"count":0,"href":"https:\/\/www.europesays.com\/fi\/wp-json\/wp\/v2\/posts\/336350\/revisions"}],"wp:featuredmedia":[{"embeddable":true,"href":"https:\/\/www.europesays.com\/fi\/wp-json\/wp\/v2\/media\/336351"}],"wp:attachment":[{"href":"https:\/\/www.europesays.com\/fi\/wp-json\/wp\/v2\/media?parent=336350"}],"wp:term":[{"taxonomy":"category","embeddable":true,"href":"https:\/\/www.europesays.com\/fi\/wp-json\/wp\/v2\/categories?post=336350"},{"taxonomy":"post_tag","embeddable":true,"href":"https:\/\/www.europesays.com\/fi\/wp-json\/wp\/v2\/tags?post=336350"}],"curies":[{"name":"wp","href":"https:\/\/api.w.org\/{rel}","templated":true}]}}