{"id":336376,"date":"2026-08-29T11:58:14","date_gmt":"2026-08-29T11:58:14","guid":{"rendered":"https:\/\/www.europesays.com\/fi\/336376\/"},"modified":"2026-08-29T11:58:14","modified_gmt":"2026-08-29T11:58:14","slug":"riippumaton-venalaismedia-kertoo-venajan-varvaysongelmista-niin-sairaita-ja-sen-ikaisia-etta-tuskin-pysyvat-pystyssa-ulkomaat","status":"publish","type":"post","link":"https:\/\/www.europesays.com\/fi\/336376\/","title":{"rendered":"Riippumaton ven\u00e4l\u00e4ismedia kertoo Ven\u00e4j\u00e4n v\u00e4rv\u00e4ys\u00adongelmista: \u201dNiin sairaita ja sen ik\u00e4isi\u00e4, ett\u00e4 tuskin pysyv\u00e4t pystyss\u00e4\u201d | Ulkomaat"},"content":{"rendered":"<ul class=\"aw__sc-1yb43iq-0 gFXHv yle__article__list yle__article__list--ul\">\n<li class=\"aw__sc-1yb43iq-1 gVAzbt\">Ven\u00e4j\u00e4 v\u00e4rv\u00e4si huhti-kes\u00e4kuussa 93 000 sotilasta. M\u00e4\u00e4r\u00e4 on pienempi kuin viime vuonna.<\/li>\n<\/ul>\n<ul class=\"aw__sc-1yb43iq-0 gFXHv yle__article__list yle__article__list--ul\">\n<li class=\"aw__sc-1yb43iq-1 gVAzbt\">Ven\u00e4l\u00e4isen Verstka-julkaisun mukaan uudet sotilaat ovat usein l\u00e4hes taistelukyvytt\u00f6mi\u00e4.<\/li>\n<li class=\"aw__sc-1yb43iq-1 gVAzbt\">Ven\u00e4j\u00e4ll\u00e4 harkitaan liikekannallepanoa. Tutkija Ilmari K\u00e4ihk\u00f6 pit\u00e4\u00e4 sit\u00e4 ainoana keinona nopeisiin tuloksiin.<\/li>\n<\/ul>\n<p class=\"aw__sc-1qwuw0s-0 aw__sc-ngllmo-0 epAWpq fzYpjk yle__article__paragraph\">Ven\u00e4j\u00e4n armeijan vaikeudet sotilaiden v\u00e4rv\u00e4\u00e4miseksi jatkuivat kev\u00e4\u00e4ll\u00e4 ja alkukes\u00e4st\u00e4.<\/p>\n<p class=\"aw__sc-1qwuw0s-0 aw__sc-ngllmo-0 epAWpq fzYpjk yle__article__paragraph\">Ven\u00e4j\u00e4 v\u00e4rv\u00e4si huhti-kes\u00e4kuussa hy\u00f6kk\u00e4yssotaansa Ukrainassa 93\u00a0000 sotilasta, kertoo saksalaisen ulko- ja turvallisuusasioiden instituutin SWP:n Ven\u00e4j\u00e4-tutkija <strong class=\"aw__sc-ngllmo-2 gdRrun yle__article__strong\">Janis Kluge<\/strong> <a class=\"aw__sc-ngllmo-1 bTDnwX yle__article__link\" href=\"https:\/\/janiskluge.substack.com\/p\/russian-recruitment-stabilizes-at\" role=\"link\" rel=\"nofollow noopener\" target=\"_blank\">Russianomics-<\/a>sivustollaan.<\/p>\n<p class=\"aw__sc-1qwuw0s-0 aw__sc-ngllmo-0 epAWpq fzYpjk yle__article__paragraph\">Luvut ovat per\u00e4isin alueellisista budjettitiedoista. Niiden mukaan sotaan v\u00e4rv\u00e4ttyjen m\u00e4\u00e4r\u00e4 on pienempi kuin samaan aikaan viime vuonna.<\/p>\n<p class=\"aw__sc-1qwuw0s-0 aw__sc-ngllmo-0 epAWpq fzYpjk yle__article__paragraph\">Kun verrataan alkuvuoteen 2026, v\u00e4rv\u00e4ttyjen m\u00e4\u00e4r\u00e4 kasvoi huhti-kes\u00e4kuussa. Samaan aikaan kasvoivat kuitenkin my\u00f6s arviot Ven\u00e4j\u00e4n miehist\u00f6tappioista.<\/p>\n<p class=\"aw__sc-1qwuw0s-0 aw__sc-ngllmo-0 epAWpq fzYpjk yle__article__paragraph\"><strong class=\"aw__sc-ngllmo-2 gdRrun yle__article__strong\">Grafiikka n\u00e4ytt\u00e4\u00e4, miten Ven\u00e4j\u00e4n arvioidut tappiot suhteutuvat uusiin v\u00e4rv\u00e4yksiin:<\/strong><\/p>\n<p class=\"aw__sc-1qwuw0s-0 aw__sc-ngllmo-0 epAWpq fzYpjk yle__article__paragraph\">Janis Kluge painottaa, ett\u00e4 lukujen lis\u00e4ksi merkityst\u00e4 on my\u00f6s sotaan v\u00e4rv\u00e4ttyjen taistelukunnolla.<\/p>\n<p class=\"aw__sc-1qwuw0s-0 aw__sc-ngllmo-0 epAWpq fzYpjk yle__article__paragraph\">Uusien v\u00e4rv\u00e4ysten kunnosta kertoo muun muassa riippumaton ven\u00e4l\u00e4inen verkkojulkaisu <a class=\"aw__sc-ngllmo-1 bTDnwX yle__article__link\" href=\"https:\/\/verstka.media\/how-russian-authorities-are-trying-to-solve-the-shortage-of-contract-soldiers\" role=\"link\" rel=\"nofollow noopener\" target=\"_blank\">Verstka<\/a>.<\/p>\n<p class=\"aw__sc-1qwuw0s-0 aw__sc-ngllmo-0 epAWpq fzYpjk yle__article__paragraph\">Verstkan haastattelemien ven\u00e4l\u00e4issotilaiden mukaan t\u00e4n\u00e4 vuonna rintamalle saapuneet uudet sotilaat ovat p\u00e4\u00e4osin taistelukyvytt\u00f6mi\u00e4.<\/p>\n<p>Nopea raha houkuttelee v\u00e4\u00e4ri\u00e4 ihmisi\u00e4<\/p>\n<p class=\"aw__sc-1qwuw0s-0 aw__sc-ngllmo-0 epAWpq fzYpjk yle__article__paragraph\">Ven\u00e4j\u00e4n lakkauttaman uutiskanavan p\u00e4\u00e4llikk\u00f6 <strong class=\"aw__sc-ngllmo-2 gdRrun yle__article__strong\">Lola Tagaeva<\/strong> perusti Verstka-sivuston vuonna 2022 vastareaktiona sodalle ja lehdist\u00f6nvapauden tuhoamiselle. Sivusto kertoo p\u00e4\u00e4osin sodan vaikutuksista Ven\u00e4j\u00e4n yhteiskuntaan.<\/p>\n<p class=\"aw__sc-1qwuw0s-0 aw__sc-ngllmo-0 epAWpq fzYpjk yle__article__paragraph\">V\u00e4rv\u00e4ystoimiston ty\u00f6ntekij\u00e4 sanoo sivustolle, ett\u00e4 osa v\u00e4rv\u00e4tt\u00e4vist\u00e4 tuodaan toimistoon vankiloista, osa poimitaan kaduilta.<\/p>\n<p class=\"aw__sc-1qwuw0s-0 aw__sc-ngllmo-0 epAWpq fzYpjk yle__article__paragraph\">\u2013 He ovat kirjaimellisesti pummeja ja rikollisia. Lis\u00e4ksi he ovat usein niin sairaita ja sen ik\u00e4isi\u00e4, ett\u00e4 tuskin pysyv\u00e4t pystyss\u00e4, rekrytointitoimiston ty\u00f6ntekij\u00e4 sanoo.<\/p>\n<p class=\"aw__sc-1qwuw0s-0 aw__sc-ngllmo-0 epAWpq fzYpjk yle__article__paragraph\">Yhden Verstkan haastatteleman sotilaan mukaan puolet uusista sopimussotilaista ei pysty kantamaan t\u00e4ytt\u00e4 varustusta.<\/p>\n<p><img decoding=\"async\" alt=\"Iso punainen sotilaiden rekrytointimainos Pietarissa.\" src=\"https:\/\/www.europesays.com\/fi\/wp-content\/uploads\/2026\/08\/1788004692_63_1786019974.jpeg\" loading=\"lazy\" class=\"aw__sc-dklauk-0 LPzKX\"\/><\/p>\n<p>Avaa kuvien katselu<\/p>\n<p>V\u00e4rv\u00e4ysmainos Pietarissa kutsuu liittym\u00e4\u00e4n rintamalle. Kuva on maaliskuulta 2026. Kuva: Artem Priakhin \/ Getty Images<\/p>\n<p class=\"aw__sc-1qwuw0s-0 aw__sc-ngllmo-0 epAWpq fzYpjk yle__article__paragraph\">Rintamalle on v\u00e4rv\u00e4tty my\u00f6s ulkomaalaisia palkkasotilaita, joiden kielitaito on heikko.<\/p>\n<p class=\"aw__sc-1qwuw0s-0 aw__sc-ngllmo-0 epAWpq fzYpjk yle__article__paragraph\">\u2013 Uudet sotilaat eiv\u00e4t selvi\u00e4 yli kuukautta, jos he eiv\u00e4t osaa kommunikoida johdon kanssa, Verstkan haastattelema ven\u00e4l\u00e4inen sopimussotilas sanoo.<\/p>\n<p class=\"aw__sc-1qwuw0s-0 aw__sc-ngllmo-0 epAWpq fzYpjk yle__article__paragraph\">Sotatieteiden dosentti <strong class=\"aw__sc-ngllmo-2 gdRrun yle__article__strong\">Ilmari K\u00e4ihk\u00f6<\/strong> tunnistaa ven\u00e4l\u00e4isjoukkojen laatuongelman.<\/p>\n<p class=\"aw__sc-1qwuw0s-0 aw__sc-ngllmo-0 epAWpq fzYpjk yle__article__paragraph\">\u2013 Ven\u00e4j\u00e4n asevoimiin liittyy edelleen uusia sotilaita, mutta heid\u00e4n laatunsa heikkenee koko ajan, K\u00e4ihk\u00f6 sanoo Ylelle.<\/p>\n<p class=\"aw__sc-1qwuw0s-0 aw__sc-ngllmo-0 epAWpq fzYpjk yle__article__paragraph\">K\u00e4ihk\u00f6 pit\u00e4\u00e4 tilannetta Ven\u00e4j\u00e4lle valtavana ongelmana. Aiemmin v\u00e4rv\u00e4ttyjen m\u00e4\u00e4r\u00e4\u00e4 on saatu lis\u00e4tty\u00e4 bonuksia kasvattamalla. Se k\u00e4y kuitenkin yh\u00e4 vaikeammaksi.<\/p>\n<p class=\"aw__sc-1qwuw0s-0 aw__sc-ngllmo-0 epAWpq fzYpjk yle__article__paragraph\">\u2013 Lis\u00e4ksi nopea raha saattaa motivoida v\u00e4\u00e4r\u00e4nlaisia ihmisi\u00e4, K\u00e4ihk\u00f6 toteaa.<\/p>\n<p>Joukkojen vahvuus vain murto-osa ilmoitetusta<\/p>\n<p class=\"aw__sc-1qwuw0s-0 aw__sc-ngllmo-0 epAWpq fzYpjk yle__article__paragraph\">Miehist\u00f6pulan vuoksi joidenkin ven\u00e4l\u00e4isten osastojen vahvuus on vain 30 tai 40 prosenttia tavoitteesta, Ukrainassa palveleva sotilas kertoo Verstkalle.<\/p>\n<p class=\"aw__sc-1qwuw0s-0 aw__sc-ngllmo-0 epAWpq fzYpjk yle__article__paragraph\">\u2013 Taisteluvalmiita miehi\u00e4 on hy\u00f6kk\u00e4ysosastoissa 15\u201320, kun heit\u00e4 ilmoitetaan olevan 80\u201390. T\u00e4m\u00e4n harhan vuoksi pienille joukko-osastoille annetaan t\u00e4ysin ep\u00e4realistisia teht\u00e4vi\u00e4, sotilas kertoo.<\/p>\n<p class=\"aw__sc-1qwuw0s-0 aw__sc-ngllmo-0 epAWpq fzYpjk yle__article__paragraph\">Uusista v\u00e4rv\u00e4tyist\u00e4 puolet karkaa ensimm\u00e4isen mahdollisuuden ilmaantuessa, er\u00e4s l\u00e4hde kertoo.<\/p>\n<p><img decoding=\"async\" alt=\"N\u00e4kym\u00e4 Kramatorskin ja Dru\u017ekivkan v\u00e4liselt\u00e4 &quot;kuoleman tielt\u00e4&quot; It\u00e4-Ukrainassa 25. hein\u00e4kuuta 2026.\" src=\"https:\/\/www.europesays.com\/fi\/wp-content\/uploads\/2026\/08\/1787742438.jpeg\" loading=\"lazy\" class=\"aw__sc-dklauk-0 LPzKX\"\/><\/p>\n<p>Avaa kuvien katselu<\/p>\n<p>N\u00e4kym\u00e4 Kramatorskin ja Dru\u017ekivkan v\u00e4liselt\u00e4 &#8221;kuoleman tielt\u00e4&#8221; It\u00e4-Ukrainassa 25. hein\u00e4kuuta 2026. Kuva: Maria Senovilla \/ EPA<\/p>\n<p class=\"aw__sc-1qwuw0s-0 aw__sc-ngllmo-0 epAWpq fzYpjk yle__article__paragraph\">Todisteeksi h\u00e4n toimitti Verstkalle listan noin kahdestakymmenest\u00e4 asemansa hiljattain hyl\u00e4nneest\u00e4 sotilaasta.<\/p>\n<p class=\"aw__sc-1qwuw0s-0 aw__sc-ngllmo-0 epAWpq fzYpjk yle__article__paragraph\">\u2013 Olemme pieness\u00e4 kyl\u00e4ss\u00e4 etulinjan l\u00e4heisyydess\u00e4. Uskon, ett\u00e4 vastaavia tapauksia n\u00e4hd\u00e4\u00e4n eri puolilla rintamaa satoja viikossa.<\/p>\n<p class=\"aw__sc-1qwuw0s-0 aw__sc-ngllmo-0 epAWpq fzYpjk yle__article__paragraph\">K\u00e4ihk\u00f6 pit\u00e4\u00e4 v\u00e4itteit\u00e4 uskottavina.<\/p>\n<p class=\"aw__sc-1qwuw0s-0 aw__sc-ngllmo-0 epAWpq fzYpjk yle__article__paragraph\">\u2013 Tied\u00e4mme, ett\u00e4 komentajat kaunistelevat tilannetta raportoidessaan yl\u00f6sp\u00e4in. Jos sotajohto luulee kaiken olevan hyvin, he saattavat m\u00e4\u00e4r\u00e4t\u00e4 teht\u00e4vi\u00e4, joita on mahdotonta suorittaa.<\/p>\n<p>Sotilaat aiempaa turhautuneempia<\/p>\n<p class=\"aw__sc-1qwuw0s-0 aw__sc-ngllmo-0 epAWpq fzYpjk yle__article__paragraph\">Verstkan haastattelemien sopimussotilaiden puheista v\u00e4littyy ep\u00e4toivoa ja turhautumista. Sivuston mukaan samaa ollut ei viel\u00e4 vuoden alussa.<\/p>\n<p class=\"aw__sc-1qwuw0s-0 aw__sc-ngllmo-0 epAWpq fzYpjk yle__article__paragraph\">\u2013 Kaikki ovat hyvin j\u00e4ykki\u00e4 ja \u00e4rtyneit\u00e4. Moni on kielt\u00e4ytynyt kirjallisesti osallistumasta taisteluihin. Heit\u00e4 ei vied\u00e4 sotaoikeuteen, vaan siirret\u00e4\u00e4n muihin yksik\u00f6ihin, er\u00e4s Verstkan haastattelema sopimussotilas sanoo.<\/p>\n<p class=\"aw__sc-1qwuw0s-0 aw__sc-ngllmo-0 epAWpq fzYpjk yle__article__paragraph\">Sotilaiden mukaan aiemmin oli tavallista, ett\u00e4 hy\u00f6kk\u00e4ysteht\u00e4vist\u00e4 kielt\u00e4ytyv\u00e4t tapetaan.<\/p>\n<p><img decoding=\"async\" alt=\"Ven\u00e4j\u00e4n presidentti Vladimir Putin laski seppeleen tuntemattoman sotilaan haudalle Moskovassa 22. hein\u00e4kuuta 2026.\" src=\"https:\/\/www.europesays.com\/fi\/wp-content\/uploads\/2026\/08\/1787742446.jpeg\" loading=\"lazy\" class=\"aw__sc-dklauk-0 LPzKX\"\/><\/p>\n<p>Avaa kuvien katselu<\/p>\n<p>Ven\u00e4j\u00e4n presidentti Vladimir Putin laski seppeleen tuntemattoman sotilaan haudalle Moskovassa 22. hein\u00e4kuuta 2026. Kuva: Russian President official\/APAImages\/Shutterstock\/All Over Press<\/p>\n<p class=\"aw__sc-1qwuw0s-0 aw__sc-ngllmo-0 epAWpq fzYpjk yle__article__paragraph\">K\u00e4ihk\u00f6 pit\u00e4\u00e4 tietoa sotilaiden siirroista mielenkiintoisena.<\/p>\n<p class=\"aw__sc-1qwuw0s-0 aw__sc-ngllmo-0 epAWpq fzYpjk yle__article__paragraph\">\u2013 Jos tiedot pit\u00e4v\u00e4t paikkansa, yksi tulkinta on, ett\u00e4 Ven\u00e4j\u00e4ll\u00e4 ei en\u00e4\u00e4 ole varaa tappaa tai kiduttaa n\u00e4it\u00e4 ihmisi\u00e4.<\/p>\n<p class=\"aw__sc-1qwuw0s-0 aw__sc-ngllmo-0 epAWpq fzYpjk yle__article__paragraph\">K\u00e4ihk\u00f6 muistuttaa, ett\u00e4 Ven\u00e4j\u00e4n hy\u00f6kk\u00e4\u00e4minen perustuu etenemiseen, joka edellytt\u00e4\u00e4 sit\u00e4, ett\u00e4 joukkoja pit\u00e4\u00e4 pysty\u00e4 ty\u00f6nt\u00e4m\u00e4\u00e4n etulinjaan.<\/p>\n<p class=\"aw__sc-1qwuw0s-0 aw__sc-ngllmo-0 epAWpq fzYpjk yle__article__paragraph\">\u2013 Jos niskurointi hyv\u00e4ksytt\u00e4isiin, eteneminen uhkaisi hidastua entuudestaan tai loppua kokonaan.<\/p>\n<p class=\"aw__sc-1qwuw0s-0 aw__sc-ngllmo-0 epAWpq fzYpjk yle__article__paragraph\">Samalla K\u00e4ihk\u00f6 muistuttaa, ett\u00e4 Ven\u00e4j\u00e4n armeijassa on eri kastin ihmisi\u00e4, joita koskevat eri s\u00e4\u00e4nn\u00f6t.<\/p>\n<p>Liikekannallepano edelleen harkinnassa<\/p>\n<p class=\"aw__sc-1qwuw0s-0 aw__sc-ngllmo-0 epAWpq fzYpjk yle__article__paragraph\">Ven\u00e4j\u00e4 pyrkii ratkomaan miehist\u00f6pulaa useilla keinoilla. Yksi niist\u00e4 on mahdollinen liikekannallepano.<\/p>\n<p class=\"aw__sc-1qwuw0s-0 aw__sc-ngllmo-0 epAWpq fzYpjk yle__article__paragraph\"><strong class=\"aw__sc-ngllmo-2 gdRrun yle__article__strong\">Ukrainan presidentti on toistuvasti sanonut pit\u00e4v\u00e4ns\u00e4 liikekannallepanoa varmana:<\/strong><\/p>\n<p>Kuval\u00e4hde: PBC. Editointi: Roni Kuronen<\/p>\n<p class=\"aw__sc-1qwuw0s-0 aw__sc-ngllmo-0 epAWpq fzYpjk yle__article__paragraph\">Verstka kertoo keskustelleensa liikekannallepanosta useiden presidentinhallinnossa ja v\u00e4rv\u00e4ystoimistossa ty\u00f6skentelev\u00e4n tai turvallisuuspalvelu FSB:t\u00e4 l\u00e4hell\u00e4 olevan l\u00e4hteen kanssa.<\/p>\n<p class=\"aw__sc-1qwuw0s-0 aw__sc-ngllmo-0 epAWpq fzYpjk yle__article__paragraph\">L\u00e4hteet kertovat kuulleensa mahdollisesta syksyll\u00e4 toteutettavasta liikekannallepanosta. He kuitenkin korostivat, ettei p\u00e4\u00e4t\u00f6st\u00e4 ole viel\u00e4 tehty.<\/p>\n<p class=\"aw__sc-1qwuw0s-0 aw__sc-ngllmo-0 epAWpq fzYpjk yle__article__paragraph\">\u2013 Liikekannallepanoa harkitaan, sill\u00e4 asiat eiv\u00e4t etene toivotusti. Ei kuitenkaan ole selv\u00e4\u00e4, mit\u00e4 liikekannallepano muuttaisi sen lis\u00e4ksi, ett\u00e4 se aiheuttaisi mielenosoituksia ja tuhoaisi talouden, er\u00e4s l\u00e4hde sanoo.<\/p>\n<p class=\"aw__sc-1qwuw0s-0 aw__sc-ngllmo-0 epAWpq fzYpjk yle__article__paragraph\">Samanaikaisesti Ven\u00e4j\u00e4n valtiolle ty\u00f6skentelev\u00e4 l\u00e4hde kertoo, ett\u00e4 liikekannallepanon valmistelut ovat jo k\u00e4ynniss\u00e4. H\u00e4nen mukaansa sit\u00e4 aiotaan kuitenkin kutsua joksikin muuksi.<\/p>\n<p class=\"aw__sc-1qwuw0s-0 aw__sc-ngllmo-0 epAWpq fzYpjk yle__article__paragraph\">\u2013 Lokakuusta l\u00e4htien armeijalla on kyky vastaanottaa kymmeni\u00e4tuhansia ihmisi\u00e4 harjoitusalueilleen pikakoulutettaviksi ja sijoittaa heit\u00e4 eriss\u00e4 aktiiviseen palvelukseen.<\/p>\n<p class=\"aw__sc-1qwuw0s-0 aw__sc-ngllmo-0 epAWpq fzYpjk yle__article__paragraph\">My\u00f6s Ylen kes\u00e4ll\u00e4 haastattelemat asiantuntijat <a class=\"aw__sc-ngllmo-1 bTDnwX yle__article__link\" href=\"https:\/\/yle.fi\/a\/74-20239583\" role=\"link\" rel=\"nofollow noopener\" target=\"_blank\">ovat arvioineet<\/a>, ett\u00e4 Ven\u00e4j\u00e4ll\u00e4 on havaittavissa merkkej\u00e4 liikekannallepanon valmisteluista.<\/p>\n<p><img decoding=\"async\" alt=\"Kreml ja Pyh\u00e4n Vasilin katedraali kuvattuna 11. hein\u00e4kuuta 2026.\" src=\"https:\/\/www.europesays.com\/fi\/wp-content\/uploads\/2026\/08\/1788004694_391_1787742438.jpeg\" loading=\"lazy\" class=\"aw__sc-dklauk-0 LPzKX\"\/><\/p>\n<p>Avaa kuvien katselu<\/p>\n<p>Kreml ja Pyh\u00e4n Vasilin katedraali kuvattuna 11. hein\u00e4kuuta 2026. Kuva: Feng Kaihua \/ AOP<\/p>\n<p class=\"aw__sc-1qwuw0s-0 aw__sc-ngllmo-0 epAWpq fzYpjk yle__article__paragraph\">Vertskan mukaan monet rintamalla taistelevat ven\u00e4l\u00e4iset pit\u00e4v\u00e4t uutta liikekannallepanoa v\u00e4ltt\u00e4m\u00e4tt\u00f6m\u00e4n\u00e4.<\/p>\n<p class=\"aw__sc-1qwuw0s-0 aw__sc-ngllmo-0 epAWpq fzYpjk yle__article__paragraph\">\u2013 T\u00e4\u00e4ll\u00e4 ei ole riitt\u00e4v\u00e4sti v\u00e4ke\u00e4. Typeryksi\u00e4, jotka ovat valmiita tekem\u00e4\u00e4n t\u00e4t\u00e4 rahan vuoksi, ei en\u00e4\u00e4 ole, er\u00e4s Verstkan haastattelema ven\u00e4l\u00e4issotilas sanoo.<\/p>\n<p class=\"aw__sc-1qwuw0s-0 aw__sc-ngllmo-0 epAWpq fzYpjk yle__article__paragraph\">My\u00f6s Ilmari K\u00e4ihk\u00f6n mukaan liikekannallepano on Ven\u00e4j\u00e4n ainoa keino, jos se haluaa yritt\u00e4\u00e4 saavuttaa nopeita tuloksia.<\/p>\n<p class=\"aw__sc-1qwuw0s-0 aw__sc-ngllmo-0 epAWpq fzYpjk yle__article__paragraph\">\u2013 Toinen vaihtoehto on v\u00e4hent\u00e4\u00e4 hy\u00f6kk\u00e4ystoimia ja pitkitt\u00e4\u00e4 sotaa. Silloin tarve korvata tappioita uusilla sotilailla v\u00e4henisi.<\/p>\n","protected":false},"excerpt":{"rendered":"Ven\u00e4j\u00e4 v\u00e4rv\u00e4si huhti-kes\u00e4kuussa 93 000 sotilasta. M\u00e4\u00e4r\u00e4 on pienempi kuin viime vuonna. Ven\u00e4l\u00e4isen Verstka-julkaisun mukaan uudet sotilaat ovat&hellip;\n","protected":false},"author":2,"featured_media":336377,"comment_status":"","ping_status":"","sticky":false,"template":"","format":"standard","meta":{"footnotes":"","_share_on_mastodon":"0"},"categories":[5],"tags":[22,23,26,27,33,31,30,17,6259,24,25,30736,28,29,15,18,21,32,19,20,1303,56,16,547,987,2257],"class_list":["post-336376","post","type-post","status-publish","format-standard","has-post-thumbnail","category-otsikot","tag-breaking-news","tag-breakingnews","tag-featured-news","tag-featurednews","tag-fi","tag-finland","tag-finnish","tag-headlines","tag-ilmari-kaihko","tag-latest-news","tag-latestnews","tag-liikekannallepano","tag-main-news","tag-mainnews","tag-news","tag-otsikot","tag-paauutiset","tag-suomi","tag-top-stories","tag-topstories","tag-ukraina","tag-ulkomaat","tag-uutiset","tag-venaja","tag-venajan-hyokkays","tag-vladimir-putin"],"share_on_mastodon":{"url":"https:\/\/pubeurope.com\/@fi\/117178683687177022","error":""},"_links":{"self":[{"href":"https:\/\/www.europesays.com\/fi\/wp-json\/wp\/v2\/posts\/336376","targetHints":{"allow":["GET"]}}],"collection":[{"href":"https:\/\/www.europesays.com\/fi\/wp-json\/wp\/v2\/posts"}],"about":[{"href":"https:\/\/www.europesays.com\/fi\/wp-json\/wp\/v2\/types\/post"}],"author":[{"embeddable":true,"href":"https:\/\/www.europesays.com\/fi\/wp-json\/wp\/v2\/users\/2"}],"replies":[{"embeddable":true,"href":"https:\/\/www.europesays.com\/fi\/wp-json\/wp\/v2\/comments?post=336376"}],"version-history":[{"count":0,"href":"https:\/\/www.europesays.com\/fi\/wp-json\/wp\/v2\/posts\/336376\/revisions"}],"wp:featuredmedia":[{"embeddable":true,"href":"https:\/\/www.europesays.com\/fi\/wp-json\/wp\/v2\/media\/336377"}],"wp:attachment":[{"href":"https:\/\/www.europesays.com\/fi\/wp-json\/wp\/v2\/media?parent=336376"}],"wp:term":[{"taxonomy":"category","embeddable":true,"href":"https:\/\/www.europesays.com\/fi\/wp-json\/wp\/v2\/categories?post=336376"},{"taxonomy":"post_tag","embeddable":true,"href":"https:\/\/www.europesays.com\/fi\/wp-json\/wp\/v2\/tags?post=336376"}],"curies":[{"name":"wp","href":"https:\/\/api.w.org\/{rel}","templated":true}]}}