{"id":336386,"date":"2026-08-29T12:22:36","date_gmt":"2026-08-29T12:22:36","guid":{"rendered":"https:\/\/www.europesays.com\/fi\/336386\/"},"modified":"2026-08-29T12:22:36","modified_gmt":"2026-08-29T12:22:36","slug":"kajaani-suunnittelee-toimenpiteita-skoda-irtisanomisten-seurauksena-rahaa-haetaan-irtisanottujen-koulutukseen-kainuu","status":"publish","type":"post","link":"https:\/\/www.europesays.com\/fi\/336386\/","title":{"rendered":"Kajaani suunnittelee toimenpiteit\u00e4 \u0160koda irtisanomisten seurauksena \u2013 rahaa haetaan irtisanottujen koulutukseen | Kainuu"},"content":{"rendered":"<p class=\"aw__sc-1qwuw0s-0 aw__sc-1vg2sqm-0 epAWpq ecELkD yle__article__paragraph\">Maanantaina selvisi, ett\u00e4 \u0160koda Transtech irtisanoo 117 henkil\u00f6\u00e4 ja lomauttaa lis\u00e4ksi henkil\u00f6st\u00f6\u00e4.<\/p>\n<p><img decoding=\"async\" alt=\"\u0160koda Transtech Otanm\u00e4en tehtaan p\u00e4\u00e4luottamusmies Mikko Komulainen oranssi-mustassa ty\u00f6vaatteessa seisoo tehdasalueen portin edess\u00e4, taustalla tehdas.\" src=\"https:\/\/www.europesays.com\/fi\/wp-content\/uploads\/2026\/08\/1787664361.jpeg\" class=\"aw__sc-dklauk-0 LPzKX\"\/><\/p>\n<p>Avaa kuvien katselu<\/p>\n<p>\u0160koda Transtech Otanm\u00e4en tehtaan p\u00e4\u00e4luottamusmies Mikko Komulainen kertoi tiistaina, ett\u00e4 117 ty\u00f6ntekij\u00e4n v\u00e4hennys on merkitt\u00e4v\u00e4. Kuva: Juha Kemppainen \/ Yle<\/p>\n<p class=\"aw__sc-1qwuw0s-0 aw__sc-ngllmo-0 epAWpq fzYpjk yle__article__paragraph\">Kajaanin seudun \u00e4killisen rakennemuutoksen ty\u00f6ryhm\u00e4 kokoontui perjantaina arvioimaan \u0160koda Transtechin irtisanomisten vaikutusta alueeseen.<\/p>\n<p class=\"aw__sc-1qwuw0s-0 aw__sc-ngllmo-0 epAWpq fzYpjk yle__article__paragraph\">Kajaanin kaupunki <a class=\"aw__sc-ngllmo-1 bTDnwX yle__article__link\" href=\"https:\/\/yle.fi\/a\/74-20228119\" role=\"link\" rel=\"nofollow noopener\" target=\"_blank\">asetti ty\u00f6ryhm\u00e4n toukokuussa<\/a>, kun \u0160koda ilmoitti 200 ty\u00f6ntekij\u00e4n irtisanomisuhasta.<\/p>\n<p class=\"aw__sc-1qwuw0s-0 aw__sc-ngllmo-0 epAWpq fzYpjk yle__article__paragraph\">Tiistaina selvisi, ett\u00e4 \u0160koda Transtech irtisanoo 117 henkil\u00f6\u00e4 ja lomauttaa lis\u00e4ksi henkil\u00f6st\u00f6\u00e4. Ty\u00f6ryhm\u00e4n puheenjohtajan <strong class=\"aw__sc-ngllmo-2 gdRrun yle__article__strong\">Raimo Piiraisen<\/strong> mukaan perjantain kokouksessa \u0160kodalla ei ollut tilanteeseen lis\u00e4tt\u00e4v\u00e4\u00e4.<\/p>\n<p class=\"aw__sc-1qwuw0s-0 aw__sc-ngllmo-0 epAWpq fzYpjk yle__article__paragraph\">Piiraisen mukaan kokouksessa k\u00e4ytiin l\u00e4pi t\u00e4m\u00e4n hetken tilannetta ja pohdittiin toimintasuunnitelmaa. Piiraisen mukaan t\u00e4ss\u00e4 vaiheessa on viel\u00e4 vaikea arvioida, miten paljon tarvitaan esimerkiksi lis\u00e4koulutusta, sill\u00e4 tilanne el\u00e4\u00e4 jatkuvasti.<\/p>\n<p class=\"aw__sc-1qwuw0s-0 aw__sc-ngllmo-0 epAWpq fzYpjk yle__article__paragraph\">Irtisanottujen lis\u00e4koulutusta varten tullaan hakemaan lis\u00e4rahoitusta, kun kokonaiskuva selvi\u00e4\u00e4.<\/p>\n<p class=\"aw__sc-1qwuw0s-0 aw__sc-ngllmo-0 epAWpq fzYpjk yle__article__paragraph\">Ty\u00f6ryhm\u00e4 suunnittelee lis\u00e4ksi hakevansa ty\u00f6- ja elinkeinoministeri\u00f6lt\u00e4 \u00e4killisen rakennemuutoksen tukirahaa tukemaan muuttuneessa taloustilanteessa. My\u00f6s Terrafame ja Kainuun hyvinvointialue ovat kertoneet muutosneuvotteluista.<\/p>\n","protected":false},"excerpt":{"rendered":"Maanantaina selvisi, ett\u00e4 \u0160koda Transtech irtisanoo 117 henkil\u00f6\u00e4 ja lomauttaa lis\u00e4ksi henkil\u00f6st\u00f6\u00e4. Avaa kuvien katselu \u0160koda Transtech Otanm\u00e4en&hellip;\n","protected":false},"author":2,"featured_media":336387,"comment_status":"","ping_status":"","sticky":false,"template":"","format":"standard","meta":{"footnotes":"","_share_on_mastodon":"0"},"categories":[76],"tags":[79,77,33,31,30,723,949,5031,41684,16558,32,78,16245,862],"class_list":["post-336386","post","type-post","status-publish","format-standard","has-post-thumbnail","category-talous","tag-business","tag-economy","tag-fi","tag-finland","tag-finnish","tag-kainuu","tag-kajaani","tag-lomautukset-ja-irtisanomiset","tag-rakennemuutos","tag-skoda","tag-suomi","tag-talous","tag-transtech","tag-tyollisyys"],"share_on_mastodon":{"url":"https:\/\/pubeurope.com\/@fi\/117178777651778560","error":""},"_links":{"self":[{"href":"https:\/\/www.europesays.com\/fi\/wp-json\/wp\/v2\/posts\/336386","targetHints":{"allow":["GET"]}}],"collection":[{"href":"https:\/\/www.europesays.com\/fi\/wp-json\/wp\/v2\/posts"}],"about":[{"href":"https:\/\/www.europesays.com\/fi\/wp-json\/wp\/v2\/types\/post"}],"author":[{"embeddable":true,"href":"https:\/\/www.europesays.com\/fi\/wp-json\/wp\/v2\/users\/2"}],"replies":[{"embeddable":true,"href":"https:\/\/www.europesays.com\/fi\/wp-json\/wp\/v2\/comments?post=336386"}],"version-history":[{"count":0,"href":"https:\/\/www.europesays.com\/fi\/wp-json\/wp\/v2\/posts\/336386\/revisions"}],"wp:featuredmedia":[{"embeddable":true,"href":"https:\/\/www.europesays.com\/fi\/wp-json\/wp\/v2\/media\/336387"}],"wp:attachment":[{"href":"https:\/\/www.europesays.com\/fi\/wp-json\/wp\/v2\/media?parent=336386"}],"wp:term":[{"taxonomy":"category","embeddable":true,"href":"https:\/\/www.europesays.com\/fi\/wp-json\/wp\/v2\/categories?post=336386"},{"taxonomy":"post_tag","embeddable":true,"href":"https:\/\/www.europesays.com\/fi\/wp-json\/wp\/v2\/tags?post=336386"}],"curies":[{"name":"wp","href":"https:\/\/api.w.org\/{rel}","templated":true}]}}