{"id":336390,"date":"2026-08-29T12:24:37","date_gmt":"2026-08-29T12:24:37","guid":{"rendered":"https:\/\/www.europesays.com\/fi\/336390\/"},"modified":"2026-08-29T12:24:37","modified_gmt":"2026-08-29T12:24:37","slug":"yksi-ihminen-kuoli-tulipalossa-vaasassa-uutissuomalainen","status":"publish","type":"post","link":"https:\/\/www.europesays.com\/fi\/336390\/","title":{"rendered":"Yksi ihminen kuoli tulipalossa Vaasassa | Uutissuomalainen"},"content":{"rendered":"<p>Yksi ihminen on kuollut kerrostalopalossa Vaasassa, kertoo Pohjanmaan poliisilaitos.<\/p>\n<p>Poliisi sai h\u00e4t\u00e4keskuksen kautta ilmoituksen tulipalosta kerrostalossa Palosaarelle lauantaina kello 5.15. Menehtynyt l\u00f6ydettiin asunnosta, josta tulipalo oli syttynyt. Poliisi sai evakuoitua talon muut asukkaat, jotka eiv\u00e4t tiett\u00e4v\u00e4sti loukkaantuneet.<\/p>\n<p>Poliisi selvitt\u00e4\u00e4 tulipalon syttymissyyt\u00e4 ja tapahtumien kulkua. <\/p>\n","protected":false},"excerpt":{"rendered":"Yksi ihminen on kuollut kerrostalopalossa Vaasassa, kertoo Pohjanmaan poliisilaitos. Poliisi sai h\u00e4t\u00e4keskuksen kautta ilmoituksen tulipalosta kerrostalossa Palosaarelle lauantaina&hellip;\n","protected":false},"author":2,"featured_media":336391,"comment_status":"","ping_status":"","sticky":false,"template":"","format":"standard","meta":{"footnotes":"","_share_on_mastodon":"0"},"categories":[12],"tags":[22,23,26,27,33,31,30,17,2455,683,55,24,25,28,29,15,18,21,122,54,32,19,20,546,16,859],"class_list":["post-336390","post","type-post","status-publish","format-standard","has-post-thumbnail","category-suomi","tag-breaking-news","tag-breakingnews","tag-featured-news","tag-featurednews","tag-fi","tag-finland","tag-finnish","tag-headlines","tag-hengenvaara-ja-loukkaantuminen","tag-kuolema","tag-lainvalvonta","tag-latest-news","tag-latestnews","tag-main-news","tag-mainnews","tag-news","tag-otsikot","tag-paauutiset","tag-pelastaminen","tag-pelastuspalvelut","tag-suomi","tag-top-stories","tag-topstories","tag-turvallisuus","tag-uutiset","tag-vaasa"],"share_on_mastodon":{"url":"https:\/\/pubeurope.com\/@fi\/117178784983414658","error":""},"_links":{"self":[{"href":"https:\/\/www.europesays.com\/fi\/wp-json\/wp\/v2\/posts\/336390","targetHints":{"allow":["GET"]}}],"collection":[{"href":"https:\/\/www.europesays.com\/fi\/wp-json\/wp\/v2\/posts"}],"about":[{"href":"https:\/\/www.europesays.com\/fi\/wp-json\/wp\/v2\/types\/post"}],"author":[{"embeddable":true,"href":"https:\/\/www.europesays.com\/fi\/wp-json\/wp\/v2\/users\/2"}],"replies":[{"embeddable":true,"href":"https:\/\/www.europesays.com\/fi\/wp-json\/wp\/v2\/comments?post=336390"}],"version-history":[{"count":0,"href":"https:\/\/www.europesays.com\/fi\/wp-json\/wp\/v2\/posts\/336390\/revisions"}],"wp:featuredmedia":[{"embeddable":true,"href":"https:\/\/www.europesays.com\/fi\/wp-json\/wp\/v2\/media\/336391"}],"wp:attachment":[{"href":"https:\/\/www.europesays.com\/fi\/wp-json\/wp\/v2\/media?parent=336390"}],"wp:term":[{"taxonomy":"category","embeddable":true,"href":"https:\/\/www.europesays.com\/fi\/wp-json\/wp\/v2\/categories?post=336390"},{"taxonomy":"post_tag","embeddable":true,"href":"https:\/\/www.europesays.com\/fi\/wp-json\/wp\/v2\/tags?post=336390"}],"curies":[{"name":"wp","href":"https:\/\/api.w.org\/{rel}","templated":true}]}}