{"id":336426,"date":"2026-08-29T13:41:08","date_gmt":"2026-08-29T13:41:08","guid":{"rendered":"https:\/\/www.europesays.com\/fi\/336426\/"},"modified":"2026-08-29T13:41:08","modified_gmt":"2026-08-29T13:41:08","slug":"espn-lauri-markkasen-utah-hankki-josh-greenin-urheilu","status":"publish","type":"post","link":"https:\/\/www.europesays.com\/fi\/336426\/","title":{"rendered":"ESPN: Lauri Markkasen Utah hankki Josh Greenin | Urheilu"},"content":{"rendered":"<p>Lauri Markkasen NBA-koripallojoukkue Utah Jazz hankkii pelaajakaupassa australialaisen takamiehen Josh Greenin Minnesota Timberwolvesista, uutisoi <a href=\"https:\/\/www.espn.com\/nba\/story?id=49759209&amp;_slug_=wolves-trade-3-d-wing-josh-green-jazaz\" rel=\"nofollow noopener\" target=\"_blank\">ESPN<\/a>.<\/p>\n<p>Minnesotaan siirtyv\u00e4t Utahista Cody Williams ja John Konchar. Utahille kauppa tarkoittaa luopumista kahden vuoden takaisesta ykk\u00f6skierroksen 10. varauksesta Williamsista. Tilalle joukkue saa Greenin, joka heitti viime kaudella Charlottessa 4,3 pistett\u00e4 ottelua kohti.<\/p>\n<p>194-senttinen ja 25-vuotias Green tunnetaan hyv\u00e4n\u00e4 puolustajana ja tarkkana kolmen pisteen heitt\u00e4j\u00e4n\u00e4, joka upotti viime kaudella kolmosensa 42-prosenttisesti.<\/p>\n<p>Minnesota teki kaupalla tilaa laitahy\u00f6kk\u00e4\u00e4j\u00e4 Jonathan Kumingalle. Joukkueen odotetaan luopuvan John Koncharista.<\/p>\n","protected":false},"excerpt":{"rendered":"Lauri Markkasen NBA-koripallojoukkue Utah Jazz hankkii pelaajakaupassa australialaisen takamiehen Josh Greenin Minnesota Timberwolvesista, uutisoi ESPN. Minnesotaan siirtyv\u00e4t Utahista&hellip;\n","protected":false},"author":2,"featured_media":336427,"comment_status":"","ping_status":"","sticky":false,"template":"","format":"standard","meta":{"footnotes":"","_share_on_mastodon":"0"},"categories":[158],"tags":[33,31,30,1511,763,41,1616,979,159,32,397,140,3536,160],"class_list":["post-336426","post","type-post","status-publish","format-standard","has-post-thumbnail","category-urheilu","tag-fi","tag-finland","tag-finnish","tag-joukkoviestinta","tag-kulttuuri-ja-viihde","tag-liikunta-ja-urheilu","tag-media-viestinta","tag-sahkoinen-media","tag-sports","tag-suomi","tag-taide","tag-tv-ja-elokuvat","tag-tv-kanavat-ja-asemat","tag-urheilu"],"share_on_mastodon":{"url":"https:\/\/pubeurope.com\/@fi\/117179087806229335","error":""},"_links":{"self":[{"href":"https:\/\/www.europesays.com\/fi\/wp-json\/wp\/v2\/posts\/336426","targetHints":{"allow":["GET"]}}],"collection":[{"href":"https:\/\/www.europesays.com\/fi\/wp-json\/wp\/v2\/posts"}],"about":[{"href":"https:\/\/www.europesays.com\/fi\/wp-json\/wp\/v2\/types\/post"}],"author":[{"embeddable":true,"href":"https:\/\/www.europesays.com\/fi\/wp-json\/wp\/v2\/users\/2"}],"replies":[{"embeddable":true,"href":"https:\/\/www.europesays.com\/fi\/wp-json\/wp\/v2\/comments?post=336426"}],"version-history":[{"count":0,"href":"https:\/\/www.europesays.com\/fi\/wp-json\/wp\/v2\/posts\/336426\/revisions"}],"wp:featuredmedia":[{"embeddable":true,"href":"https:\/\/www.europesays.com\/fi\/wp-json\/wp\/v2\/media\/336427"}],"wp:attachment":[{"href":"https:\/\/www.europesays.com\/fi\/wp-json\/wp\/v2\/media?parent=336426"}],"wp:term":[{"taxonomy":"category","embeddable":true,"href":"https:\/\/www.europesays.com\/fi\/wp-json\/wp\/v2\/categories?post=336426"},{"taxonomy":"post_tag","embeddable":true,"href":"https:\/\/www.europesays.com\/fi\/wp-json\/wp\/v2\/tags?post=336426"}],"curies":[{"name":"wp","href":"https:\/\/api.w.org\/{rel}","templated":true}]}}