{"id":336428,"date":"2026-08-29T13:42:15","date_gmt":"2026-08-29T13:42:15","guid":{"rendered":"https:\/\/www.europesays.com\/fi\/336428\/"},"modified":"2026-08-29T13:42:15","modified_gmt":"2026-08-29T13:42:15","slug":"sonja-aiellon-rohkea-tyyli-autonpesu-bikineissa-ja-perhejuhlat-elegantisti","status":"publish","type":"post","link":"https:\/\/www.europesays.com\/fi\/336428\/","title":{"rendered":"Sonja Aiellon rohkea tyyli: Autonpesu bikineiss\u00e4 ja perhejuhlat elegantisti"},"content":{"rendered":"<p>\n            20250820 HELSINKI. Erikoisjoukot-pressi. SONJA AIELLO. KUVA: ATTE KAJOVA<br \/>\n            ATTE KAJOVA\n        <\/p>\n<p class=\"subtitle \">Sonja Aiellon vaatevalinta her\u00e4tti ihmetyst\u00e4.<\/p>\n<p class=\"article-content article-content-width !bg-background\"> t\u00e4ytti hiljattain 27-vuotta ja juhlisti p\u00e4iv\u00e4\u00e4ns\u00e4 jakamalla useita v\u00e4h\u00e4pukeisia kuvia itsest\u00e4\u00e4n pesem\u00e4ss\u00e4 autoa.\u00a0<\/p>\n<p class=\"font-weight-bold m-font-weight-bold article-content article-content-width !bg-background\">Video: Martina Aitolehti kommentoi huhuja ottelusta Sonja Aielloa vastaan.\u00a0<\/p>\n<p>Uusi tyyli rapujuhliin<\/p>\n<p class=\"article-content article-content-width !bg-background\">Kuvissa Sonja kuuraa autoa yll\u00e4\u00e4n bikinialaosa ja pieni, punainen toppi. Mediakasvo ja podcast-juontaja p\u00e4\u00e4tti kuitenkin pukeutua hieman toisin perheens\u00e4 juhliin.<\/p>\n<p class=\"article-content article-content-width !bg-background\">Lauantaina (29.8.) Sonja jakoi hetki\u00e4 perheen rapujuhlista.<\/p>\n<p class=\"article-content article-content-width !bg-background\">\u2013 Totta kai piti hakea \u00e4idille kukkia viel\u00e4 (koska en osallistunut valmisteluihin ja olin v\u00e4h\u00e4n my\u00f6h\u00e4ss\u00e4), Sonja kertoo <a href=\"https:\/\/www.instagram.com\/stories\/sonjaaiello\/3974309728333597055\/?hl=fi\" target=\"_blank\" rel=\"nofollow noopener\">tarinassaan<\/a>.<\/p>\n<p class=\"article-content article-content-width !bg-background\">Seuraavassa Sonjan jakamassa kuvassa n\u00e4kyy n\u00e4ytt\u00e4v\u00e4 kattaus rapujen, piirakan ja rapukaulureiden kanssa. Juhlia varten on my\u00f6s printattu omat lauluvihkot, joista l\u00f6ytyy teemaan sopivia juomalauluja.<\/p>\n<p class=\"article-content article-content-width !bg-background\">Tarinoista ei n\u00e4e Sonjan asua kokonaan, sill\u00e4 rintamusta peitt\u00e4\u00e4 suurikokoinen kauluri, joka suojaa vaatteita rapuja sy\u00f6dess\u00e4. Sonjalla on yll\u00e4\u00e4n valkoinen, pitk\u00e4hihainen paita ja pitk\u00e4, valkoinen hame. Perheelt\u00e4 ei ole j\u00e4\u00e4nyt huomaamatta, ett\u00e4 Sonja oli pukeutunut itselleen kovin ep\u00e4tyypillisell\u00e4 tavalla.<\/p>\n<p>        <a itemprop=\"url\" href=\"https:\/\/www.seiska.fi\/kotimaa\/huhhuh-sonja-aiello-rohkeissa-kuvissa\/2244155\" rel=\"nofollow noopener\" target=\"_blank\"><\/p>\n<p>\nJ\u00f6sses!\n<\/p>\n<p class=\"section-date\">\n        <strong class=\"article-section\" data-section=\"kotimaa\"><br \/>\n            kotimaa<br \/>\n        <\/strong><br \/>\n        25.8. 18:30\n    <\/p>\n<p>Huhhuh! Sonja Aiello rohkeissa kuvissa\n    <\/p>\n<p itemprop=\"description\" class=\"subtitle \">\n    Sonja Aiello juhlisti 27-vuotissyntym\u00e4p\u00e4iv\u00e4\u00e4ns\u00e4 n\u00e4ytt\u00e4v\u00e4ll\u00e4 autopesuteemaisella kuvasarjalla. Kommenttikentt\u00e4 t\u00e4yttyi nopeasti onnitteluista ja ihastelusta.\n<\/p>\n<p>        <\/a><\/p>\n<p>&#8221;Halusin kunnioittaa&#8221;<\/p>\n<p class=\"article-content article-content-width !bg-background\">\u2013 Halusin kunnioittaa ja pukeutua asiaankuuluvasti. Heti sain perheelt\u00e4 kommenttia ett\u00e4 mit\u00e4 sulla on p\u00e4\u00e4ll\u00e4, Sonja kirjoittaa itkuemojin kanssa.<\/p>\n<p class=\"article-content article-content-width !bg-background\">Mediakasvon yksiv\u00e4rinen ja peitt\u00e4v\u00e4 vaate n\u00e4kyy my\u00f6s Sonjan juhlista tekem\u00e4ss\u00e4 Tiktokissa.<\/p>\n<p class=\"article-content article-content-width !bg-background\">\u2013 Ei ollu tissitoppia ei, Sonja viel\u00e4 kirjoittaa tarinassaan.\u00a0<\/p>\n<p class=\"article-content article-content-width !bg-background\">Saa n\u00e4hd\u00e4, innostuuko Sonja en\u00e4\u00e4 uudestaan kokeilemaan peitt\u00e4v\u00e4mp\u00e4\u00e4 tyyli\u00e4, vai oliko perheen palaute selv\u00e4 vihje siit\u00e4, ett\u00e4 vanhassa ja tutussa vara parempi.\u00a0<\/p>\n<p>        <a itemprop=\"url\" href=\"https:\/\/www.seiska.fi\/kotimaa\/sonja-aiello-paljastaa-podcastissa-kauneusoperaationsa-silma-sokaistuu\/2238257\" rel=\"nofollow noopener\" target=\"_blank\"><\/p>\n<p>\nPaljastaa podcastissa kauneusoperaationsa\n<\/p>\n<p class=\"section-date\">\n        <strong class=\"article-section\" data-section=\"kotimaa\"><br \/>\n            kotimaa<br \/>\n        <\/strong><br \/>\n        19.8. 10:13\n    <\/p>\n<p>Sonja Aiello paljastaa podcastissa kauneusoperaationsa: &#8221;Silm\u00e4 sokaistuu&#8221;\n    <\/p>\n<p itemprop=\"description\" class=\"subtitle \">\n    Sonja Aiello kertoo Tabuc\u00e4stiss\u00e4 poikkeuksellisen avoimesti, mit\u00e4 kaikkea h\u00e4nelle on tehty ja mit\u00e4 h\u00e4n aikoo viel\u00e4 tehd\u00e4.\n<\/p>\n<p>        <\/a><\/p>\n<p><script async src=\"\/\/www.instagram.com\/embed.js\"><\/script><\/p>\n","protected":false},"excerpt":{"rendered":"20250820 HELSINKI. Erikoisjoukot-pressi. SONJA AIELLO. KUVA: ATTE KAJOVA ATTE KAJOVA Sonja Aiellon vaatevalinta her\u00e4tti ihmetyst\u00e4. t\u00e4ytti hiljattain 27-vuotta&hellip;\n","protected":false},"author":2,"featured_media":336429,"comment_status":"","ping_status":"","sticky":false,"template":"","format":"standard","meta":{"footnotes":"","_share_on_mastodon":"0"},"categories":[130],"tags":[5888,137,33,31,30,2878,4300,5383,32,109],"class_list":["post-336428","post","type-post","status-publish","format-standard","has-post-thumbnail","category-viihde","tag-bikinit","tag-entertainment","tag-fi","tag-finland","tag-finnish","tag-martina-aitolehti","tag-rapujuhlat","tag-sonja-aiello","tag-suomi","tag-viihde"],"share_on_mastodon":{"url":"https:\/\/pubeurope.com\/@fi\/117179091919388577","error":""},"_links":{"self":[{"href":"https:\/\/www.europesays.com\/fi\/wp-json\/wp\/v2\/posts\/336428","targetHints":{"allow":["GET"]}}],"collection":[{"href":"https:\/\/www.europesays.com\/fi\/wp-json\/wp\/v2\/posts"}],"about":[{"href":"https:\/\/www.europesays.com\/fi\/wp-json\/wp\/v2\/types\/post"}],"author":[{"embeddable":true,"href":"https:\/\/www.europesays.com\/fi\/wp-json\/wp\/v2\/users\/2"}],"replies":[{"embeddable":true,"href":"https:\/\/www.europesays.com\/fi\/wp-json\/wp\/v2\/comments?post=336428"}],"version-history":[{"count":0,"href":"https:\/\/www.europesays.com\/fi\/wp-json\/wp\/v2\/posts\/336428\/revisions"}],"wp:featuredmedia":[{"embeddable":true,"href":"https:\/\/www.europesays.com\/fi\/wp-json\/wp\/v2\/media\/336429"}],"wp:attachment":[{"href":"https:\/\/www.europesays.com\/fi\/wp-json\/wp\/v2\/media?parent=336428"}],"wp:term":[{"taxonomy":"category","embeddable":true,"href":"https:\/\/www.europesays.com\/fi\/wp-json\/wp\/v2\/categories?post=336428"},{"taxonomy":"post_tag","embeddable":true,"href":"https:\/\/www.europesays.com\/fi\/wp-json\/wp\/v2\/tags?post=336428"}],"curies":[{"name":"wp","href":"https:\/\/api.w.org\/{rel}","templated":true}]}}