{"id":336472,"date":"2026-08-29T15:05:15","date_gmt":"2026-08-29T15:05:15","guid":{"rendered":"https:\/\/www.europesays.com\/fi\/336472\/"},"modified":"2026-08-29T15:05:15","modified_gmt":"2026-08-29T15:05:15","slug":"taloussanomat-savolaismiljonaaria-haettu-konkurssiin-savo","status":"publish","type":"post","link":"https:\/\/www.europesays.com\/fi\/336472\/","title":{"rendered":"Taloussanomat: Savolaismiljon\u00e4\u00e4ri\u00e4 haettu konkurssiin | Savo"},"content":{"rendered":"<p>Verottaja on hakenut joroislaisen miljon\u00e4\u00e4rin <strong>Pekka Viljakaisen<\/strong> toiminime\u00e4 konkurssiin, <a href=\"https:\/\/www.is.fi\/taloussanomat\/art-2000012237542.html\" rel=\"nofollow noopener\" target=\"_blank\">Taloussanomat<\/a><a href=\"https:\/\/www.is.fi\/taloussanomat\/art-2000012237542.html\" rel=\"nofollow noopener\" target=\"_blank\"> uutisoi.<\/a><\/p>\n<p>Torstaina vireille tullut hakemus koskee Pekka Viljakaista Viljakainen Forest -toiminimen haltijana. Sill\u00e4 on hakemuksen mukaan verovelkaa 69\u202f000 euroa.<\/p>\n<p>Viljakainen pit\u00e4\u00e4 konkurssihakemusta aiheettomana.<\/p>\n<p>\u2013\u2009Toiminimell\u00e4 ei ole mit\u00e4\u00e4n liiketoimintaa eik\u00e4 yht\u00e4\u00e4n ty\u00f6ntekij\u00e4\u00e4, joten sill\u00e4 ei voi olla verovelkaakaan. Konkurssihakemus poistuu maanantaina, Viljakainen kertoi Taloussanomille perjantaina.<\/p>\n<p><strong class=\"diks-storyline__impact\">Konkurssihakemukset <\/strong>ovat viime vuosina tulleet alun perin it-bisneksess\u00e4 omaisuutensa luoneelle Pekka Viljakaiselle tutuiksi.<\/p>\n<p>H\u00e4nen omistamaansa joroislaishotelli Pihlas Resortia on haettu yrityksen kolmen vuoden taipaleen aikana lukuisia kertoja konkurssiin. Hakemukset ovat johtuneet laskuep\u00e4selvyyksist\u00e4, mutta ne on aina vedetty pois.<\/p>\n<p>Kuluvan vuoden kev\u00e4\u00e4ll\u00e4 tavarantoimittaja Despro Engineering haki Viljakaisen sijoitusyhti\u00f6t\u00e4 Aii Corporationia konkurssiin. Aiemmin yhti\u00f6t\u00e4 olivat hakeneet konkurssiin Verohallinto ja Varkauden kaupungin omistama kiinteist\u00f6- ja rakennuttajayhti\u00f6 Keski-Savon Teollisuuskyl\u00e4 oy. N\u00e4m\u00e4kin hakemukset peruttiin.<\/p>\n<p>\t\t\t\t\t<img class=\"diks-card__image\" src=\"https:\/\/www.europesays.com\/fi\/wp-content\/uploads\/2026\/08\/9284753.jpg\"   loading=\"lazy\" decoding=\"sync\" alt=\"\"\/><\/p>\n<p>\t\t\t\t\t<img class=\"diks-card__image\" src=\"https:\/\/www.europesays.com\/fi\/wp-content\/uploads\/2026\/08\/9284759.jpg\"   loading=\"lazy\" decoding=\"sync\" alt=\"\"\/><\/p>\n<p>\t\t\t\t\t<img class=\"diks-card__image\" src=\"https:\/\/www.europesays.com\/fi\/wp-content\/uploads\/2026\/08\/9284753.jpg\"   loading=\"lazy\" decoding=\"sync\" alt=\"\"\/><\/p>\n","protected":false},"excerpt":{"rendered":"Verottaja on hakenut joroislaisen miljon\u00e4\u00e4rin Pekka Viljakaisen toiminime\u00e4 konkurssiin, Taloussanomat uutisoi. Torstaina vireille tullut hakemus koskee Pekka Viljakaista&hellip;\n","protected":false},"author":2,"featured_media":336473,"comment_status":"","ping_status":"","sticky":false,"template":"","format":"standard","meta":{"footnotes":"","_share_on_mastodon":"0"},"categories":[76],"tags":[79,77,33,31,30,16628,1927,41690,721,32,78],"class_list":["post-336472","post","type-post","status-publish","format-standard","has-post-thumbnail","category-talous","tag-business","tag-economy","tag-fi","tag-finland","tag-finnish","tag-joroinen","tag-konkurssit","tag-pekka-viljakainen","tag-rahoitus","tag-suomi","tag-talous"],"share_on_mastodon":{"url":"https:\/\/pubeurope.com\/@fi\/117179418638161874","error":""},"_links":{"self":[{"href":"https:\/\/www.europesays.com\/fi\/wp-json\/wp\/v2\/posts\/336472","targetHints":{"allow":["GET"]}}],"collection":[{"href":"https:\/\/www.europesays.com\/fi\/wp-json\/wp\/v2\/posts"}],"about":[{"href":"https:\/\/www.europesays.com\/fi\/wp-json\/wp\/v2\/types\/post"}],"author":[{"embeddable":true,"href":"https:\/\/www.europesays.com\/fi\/wp-json\/wp\/v2\/users\/2"}],"replies":[{"embeddable":true,"href":"https:\/\/www.europesays.com\/fi\/wp-json\/wp\/v2\/comments?post=336472"}],"version-history":[{"count":0,"href":"https:\/\/www.europesays.com\/fi\/wp-json\/wp\/v2\/posts\/336472\/revisions"}],"wp:featuredmedia":[{"embeddable":true,"href":"https:\/\/www.europesays.com\/fi\/wp-json\/wp\/v2\/media\/336473"}],"wp:attachment":[{"href":"https:\/\/www.europesays.com\/fi\/wp-json\/wp\/v2\/media?parent=336472"}],"wp:term":[{"taxonomy":"category","embeddable":true,"href":"https:\/\/www.europesays.com\/fi\/wp-json\/wp\/v2\/categories?post=336472"},{"taxonomy":"post_tag","embeddable":true,"href":"https:\/\/www.europesays.com\/fi\/wp-json\/wp\/v2\/tags?post=336472"}],"curies":[{"name":"wp","href":"https:\/\/api.w.org\/{rel}","templated":true}]}}