{"id":336492,"date":"2026-08-29T15:39:14","date_gmt":"2026-08-29T15:39:14","guid":{"rendered":"https:\/\/www.europesays.com\/fi\/336492\/"},"modified":"2026-08-29T15:39:14","modified_gmt":"2026-08-29T15:39:14","slug":"satelliittikuvat-nayttavat-kiina-rakentaa-uutta-etuvartiota-yhdelle-maailman-tarkeimmista-merireiteista","status":"publish","type":"post","link":"https:\/\/www.europesays.com\/fi\/336492\/","title":{"rendered":"Satelliittikuvat n\u00e4ytt\u00e4v\u00e4t: Kiina rakentaa uutta etuvartiota yhdelle maailman t\u00e4rkeimmist\u00e4 merireiteist\u00e4"},"content":{"rendered":"<p>SiteWide ContentPlaceholder<\/p>\n<p>Main ContentPlaceholder<\/p>\n<p>Etel\u00e4-Kiinan meri<\/p>\n<ul tabindex=\"-1\" aria-label=\"Tiivistelm\u00e4\" class=\"list-disc ps-[1.25rem] marker:text-(length:--summary-bullet-point-size) marker:leading-none marker:text-(--summary-bullet-point-color) focus:outline-hidden\">\n<li class=\"nof-ui-body-medium mt-nof-16 w-full first:mt-0\">Kiina rakensi reilussa puolessa vuodessa uuden saaren Paracelsaarille Etel\u00e4-Kiinan merelle.<\/li>\n<li class=\"nof-ui-body-medium mt-nof-16 w-full first:mt-0\">Analyytikkojen arvioiden mukaan Antelope Reefille nousee sotilastukikohta yhdelle maailman t\u00e4rkeimmist\u00e4 merireiteist\u00e4.<\/li>\n<li class=\"nof-ui-body-medium mt-nof-16 w-full first:mt-0\">UPI:n tutkija Jyrki Kallio arvioi saaren olevan viesti Vietnamille ja Yhdysvalloille.<\/li>\n<li class=\"nof-ui-body-medium mt-nof-16 w-full first:mt-0\">Uusi tukikohta vahvistaa Kiinan hallintaa pohjoisella Etel\u00e4-Kiinan merell\u00e4.<\/li>\n<\/ul>\n<p><img decoding=\"async\" src=\"https:\/\/www.europesays.com\/fi\/wp-content\/uploads\/2026\/08\/1788017954_447_468.jpg\" alt=\"\" class=\"_Img_1rerz_1\" style=\"aspect-ratio:1080\/1080\" loading=\"eager\"\/><\/p>\n<p class=\"article-body mb-(--paragraph-margin-b) px-nof-16\">Kiina on saanut kaikessa hiljaisuudessa valmiiksi ensimm\u00e4isen vaiheen saarenrakennusty\u00f6t kiistellyill\u00e4 Paracelsaarilla Etel\u00e4-Kiinan merell\u00e4. Asia selvi\u00e4\u00e4 satelliittikuvista ja siit\u00e4 kertovat my\u00f6s muun muassa <a class=\"underline underline-offset-[0.12em] [text-decoration-thickness:var(--generic-link-underline-thickness)] [text-decoration-color:var(--generic-link-underline-color)] [text-decoration-skip-ink:var(--generic-link-underline-skip-ink)] break-words\" href=\"https:\/\/www.reuters.com\/world\/china\/china-completes-first-stage-work-disputed-south-china-sea-reef-images-show-2026-08-19\/\" rel=\"nofollow noopener\" target=\"_blank\">Reuters<\/a> sek\u00e4 <a class=\"underline underline-offset-[0.12em] [text-decoration-thickness:var(--generic-link-underline-thickness)] [text-decoration-color:var(--generic-link-underline-color)] [text-decoration-skip-ink:var(--generic-link-underline-skip-ink)] break-words\" href=\"https:\/\/understandingwar.org\/research\/china-taiwan\/china-taiwan-update-august-21-2026\/\" rel=\"nofollow noopener\" target=\"_blank\">Institute for the Study of War<\/a> (ISW).<\/p>\n","protected":false},"excerpt":{"rendered":"SiteWide ContentPlaceholder Main ContentPlaceholder Etel\u00e4-Kiinan meri Kiina rakensi reilussa puolessa vuodessa uuden saaren Paracelsaarille Etel\u00e4-Kiinan merelle. Analyytikkojen arvioiden&hellip;\n","protected":false},"author":2,"featured_media":336493,"comment_status":"","ping_status":"","sticky":false,"template":"","format":"standard","meta":{"footnotes":"","_share_on_mastodon":"0"},"categories":[114],"tags":[453,33,31,30,46,118,452,32,119],"class_list":["post-336492","post","type-post","status-publish","format-standard","has-post-thumbnail","category-avaruus","tag-avaruus","tag-fi","tag-finland","tag-finnish","tag-helsingin-sanomat","tag-science","tag-space","tag-suomi","tag-tiede"],"share_on_mastodon":{"url":"https:\/\/pubeurope.com\/@fi\/117179552437971698","error":""},"_links":{"self":[{"href":"https:\/\/www.europesays.com\/fi\/wp-json\/wp\/v2\/posts\/336492","targetHints":{"allow":["GET"]}}],"collection":[{"href":"https:\/\/www.europesays.com\/fi\/wp-json\/wp\/v2\/posts"}],"about":[{"href":"https:\/\/www.europesays.com\/fi\/wp-json\/wp\/v2\/types\/post"}],"author":[{"embeddable":true,"href":"https:\/\/www.europesays.com\/fi\/wp-json\/wp\/v2\/users\/2"}],"replies":[{"embeddable":true,"href":"https:\/\/www.europesays.com\/fi\/wp-json\/wp\/v2\/comments?post=336492"}],"version-history":[{"count":0,"href":"https:\/\/www.europesays.com\/fi\/wp-json\/wp\/v2\/posts\/336492\/revisions"}],"wp:featuredmedia":[{"embeddable":true,"href":"https:\/\/www.europesays.com\/fi\/wp-json\/wp\/v2\/media\/336493"}],"wp:attachment":[{"href":"https:\/\/www.europesays.com\/fi\/wp-json\/wp\/v2\/media?parent=336492"}],"wp:term":[{"taxonomy":"category","embeddable":true,"href":"https:\/\/www.europesays.com\/fi\/wp-json\/wp\/v2\/categories?post=336492"},{"taxonomy":"post_tag","embeddable":true,"href":"https:\/\/www.europesays.com\/fi\/wp-json\/wp\/v2\/tags?post=336492"}],"curies":[{"name":"wp","href":"https:\/\/api.w.org\/{rel}","templated":true}]}}