{"id":336510,"date":"2026-08-29T16:06:11","date_gmt":"2026-08-29T16:06:11","guid":{"rendered":"https:\/\/www.europesays.com\/fi\/336510\/"},"modified":"2026-08-29T16:06:11","modified_gmt":"2026-08-29T16:06:11","slug":"heureka-jarjestaa-syyslomalla-avaruus-ja-tiedeleireja-lapsille-paikalliset","status":"publish","type":"post","link":"https:\/\/www.europesays.com\/fi\/336510\/","title":{"rendered":"Heureka j\u00e4rjest\u00e4\u00e4 syyslomalla avaruus- ja tiedeleirej\u00e4 lapsille | Paikalliset"},"content":{"rendered":"<p>Tiedekeskus Heurekassa j\u00e4rjestet\u00e4\u00e4n kahden p\u00e4iv\u00e4n tiede- ja avaruusleirej\u00e4 alakouluik\u00e4isille lapsille syyslomaviikolla.<\/p>\n<p>Maksulliset suomenkieliset leirit on suunnattu 2014\u20132019 syntyneille, ja ne pidet\u00e4\u00e4n 12.\u201313. lokakuuta sek\u00e4 15.\u201316. lokakuuta kello 10\u201315.<\/p>\n<p>Leiril\u00e4iset voivat viett\u00e4\u00e4 aikaa Heurekan n\u00e4yttelyiss\u00e4 my\u00f6s leirip\u00e4iv\u00e4n j\u00e4lkeen kello 18 saakka.<\/p>\n<p>Tiedeleireill\u00e4 lapset voivat tehd\u00e4 muun muassa kemian kokeita, tutustua \u00e4\u00e4nen fysiikkaan ja koodaamiseen sek\u00e4 tutkia illuusioita ja veden kiertoa. Avaruusleireill\u00e4 ohjelma keskittyy avaruuteen ja aurinkokuntaan, avaruusteknologiaan ja ajankohtaisiin ilmi\u00f6ihin.<\/p>\n","protected":false},"excerpt":{"rendered":"Tiedekeskus Heurekassa j\u00e4rjestet\u00e4\u00e4n kahden p\u00e4iv\u00e4n tiede- ja avaruusleirej\u00e4 alakouluik\u00e4isille lapsille syyslomaviikolla. Maksulliset suomenkieliset leirit on suunnattu 2014\u20132019 syntyneille,&hellip;\n","protected":false},"author":2,"featured_media":336511,"comment_status":"","ping_status":"","sticky":false,"template":"","format":"standard","meta":{"footnotes":"","_share_on_mastodon":"0"},"categories":[114],"tags":[29949,453,33,31,30,615,96,2271,617,118,452,32,119,2360,2107],"class_list":["post-336510","post","type-post","status-publish","format-standard","has-post-thumbnail","category-avaruus","tag-ai-uutiset","tag-avaruus","tag-fi","tag-finland","tag-finnish","tag-koulut","tag-koulutus","tag-loma","tag-opiskelijat-ja-oppilaat","tag-science","tag-space","tag-suomi","tag-tiede","tag-vantaan-sanomat","tag-vapaa-aika"],"share_on_mastodon":{"url":"https:\/\/pubeurope.com\/@fi\/117179658061709736","error":""},"_links":{"self":[{"href":"https:\/\/www.europesays.com\/fi\/wp-json\/wp\/v2\/posts\/336510","targetHints":{"allow":["GET"]}}],"collection":[{"href":"https:\/\/www.europesays.com\/fi\/wp-json\/wp\/v2\/posts"}],"about":[{"href":"https:\/\/www.europesays.com\/fi\/wp-json\/wp\/v2\/types\/post"}],"author":[{"embeddable":true,"href":"https:\/\/www.europesays.com\/fi\/wp-json\/wp\/v2\/users\/2"}],"replies":[{"embeddable":true,"href":"https:\/\/www.europesays.com\/fi\/wp-json\/wp\/v2\/comments?post=336510"}],"version-history":[{"count":0,"href":"https:\/\/www.europesays.com\/fi\/wp-json\/wp\/v2\/posts\/336510\/revisions"}],"wp:featuredmedia":[{"embeddable":true,"href":"https:\/\/www.europesays.com\/fi\/wp-json\/wp\/v2\/media\/336511"}],"wp:attachment":[{"href":"https:\/\/www.europesays.com\/fi\/wp-json\/wp\/v2\/media?parent=336510"}],"wp:term":[{"taxonomy":"category","embeddable":true,"href":"https:\/\/www.europesays.com\/fi\/wp-json\/wp\/v2\/categories?post=336510"},{"taxonomy":"post_tag","embeddable":true,"href":"https:\/\/www.europesays.com\/fi\/wp-json\/wp\/v2\/tags?post=336510"}],"curies":[{"name":"wp","href":"https:\/\/api.w.org\/{rel}","templated":true}]}}