{"id":336554,"date":"2026-08-29T17:21:16","date_gmt":"2026-08-29T17:21:16","guid":{"rendered":"https:\/\/www.europesays.com\/fi\/336554\/"},"modified":"2026-08-29T17:21:16","modified_gmt":"2026-08-29T17:21:16","slug":"moottoripyorailija-kuoli-liikenneonnettomuudessa-keha-iiilla-vantaalla-paikalliset","status":"publish","type":"post","link":"https:\/\/www.europesays.com\/fi\/336554\/","title":{"rendered":"Moottoripy\u00f6r\u00e4ilij\u00e4 kuoli liikenneonnettomuudessa Keh\u00e4 III:lla Vantaalla | Paikalliset"},"content":{"rendered":"<p>Moottoripy\u00f6r\u00e4ilij\u00e4 menehtyi liikenneonnettomuudessa lauantaina 29.8. Vantaalla. Poliisi, pelastuslaitos ja ensihoito saivat iltap\u00e4iv\u00e4ll\u00e4 kello 12.29 teht\u00e4v\u00e4n liikenneonnettomuudesta Keh\u00e4 III:lla Tuupakan kohdalla.<\/p>\n<p>Alustavien tietojen mukaan henkil\u00f6auto t\u00f6rm\u00e4si moottoripy\u00f6r\u00e4\u00e4n kaistanvaihdon yhteydess\u00e4. Moottoripy\u00f6r\u00e4n kuljettaja menehtyi tapahtumapaikalla, poliisi kertoo tiedotteessaan.<\/p>\n<p>Poliisi ep\u00e4ilee henkil\u00f6auton kuljettajaa alustavasti t\u00f6rke\u00e4st\u00e4 rattijuopumuksesta, t\u00f6rke\u00e4st\u00e4 liikenneturvallisuuden vaarantamisesta ja t\u00f6rke\u00e4st\u00e4 kuolemantuottamuksesta.<\/p>\n","protected":false},"excerpt":{"rendered":"Moottoripy\u00f6r\u00e4ilij\u00e4 menehtyi liikenneonnettomuudessa lauantaina 29.8. Vantaalla. Poliisi, pelastuslaitos ja ensihoito saivat iltap\u00e4iv\u00e4ll\u00e4 kello 12.29 teht\u00e4v\u00e4n liikenneonnettomuudesta Keh\u00e4 III:lla&hellip;\n","protected":false},"author":2,"featured_media":336555,"comment_status":"","ping_status":"","sticky":false,"template":"","format":"standard","meta":{"footnotes":"","_share_on_mastodon":"0"},"categories":[5],"tags":[22,23,26,27,33,31,30,17,405,683,24,25,121,28,29,15,18,21,122,54,32,128,19,20,16,2359],"class_list":["post-336554","post","type-post","status-publish","format-standard","has-post-thumbnail","category-otsikot","tag-breaking-news","tag-breakingnews","tag-featured-news","tag-featurednews","tag-fi","tag-finland","tag-finnish","tag-headlines","tag-helsingin-seutukunta","tag-kuolema","tag-latest-news","tag-latestnews","tag-liikenne-ja-kuljetus","tag-main-news","tag-mainnews","tag-news","tag-otsikot","tag-paauutiset","tag-pelastaminen","tag-pelastuspalvelut","tag-suomi","tag-tieliikenne","tag-top-stories","tag-topstories","tag-uutiset","tag-vantaa"],"share_on_mastodon":{"url":"https:\/\/pubeurope.com\/@fi\/117179952824943807","error":""},"_links":{"self":[{"href":"https:\/\/www.europesays.com\/fi\/wp-json\/wp\/v2\/posts\/336554","targetHints":{"allow":["GET"]}}],"collection":[{"href":"https:\/\/www.europesays.com\/fi\/wp-json\/wp\/v2\/posts"}],"about":[{"href":"https:\/\/www.europesays.com\/fi\/wp-json\/wp\/v2\/types\/post"}],"author":[{"embeddable":true,"href":"https:\/\/www.europesays.com\/fi\/wp-json\/wp\/v2\/users\/2"}],"replies":[{"embeddable":true,"href":"https:\/\/www.europesays.com\/fi\/wp-json\/wp\/v2\/comments?post=336554"}],"version-history":[{"count":0,"href":"https:\/\/www.europesays.com\/fi\/wp-json\/wp\/v2\/posts\/336554\/revisions"}],"wp:featuredmedia":[{"embeddable":true,"href":"https:\/\/www.europesays.com\/fi\/wp-json\/wp\/v2\/media\/336555"}],"wp:attachment":[{"href":"https:\/\/www.europesays.com\/fi\/wp-json\/wp\/v2\/media?parent=336554"}],"wp:term":[{"taxonomy":"category","embeddable":true,"href":"https:\/\/www.europesays.com\/fi\/wp-json\/wp\/v2\/categories?post=336554"},{"taxonomy":"post_tag","embeddable":true,"href":"https:\/\/www.europesays.com\/fi\/wp-json\/wp\/v2\/tags?post=336554"}],"curies":[{"name":"wp","href":"https:\/\/api.w.org\/{rel}","templated":true}]}}