{"id":336572,"date":"2026-08-29T18:07:18","date_gmt":"2026-08-29T18:07:18","guid":{"rendered":"https:\/\/www.europesays.com\/fi\/336572\/"},"modified":"2026-08-29T18:07:18","modified_gmt":"2026-08-29T18:07:18","slug":"marion-rung-paljastaa-sinkkuelamansa-ja-hyvinvointinsa-salat","status":"publish","type":"post","link":"https:\/\/www.europesays.com\/fi\/336572\/","title":{"rendered":"Marion Rung paljastaa sinkkuel\u00e4m\u00e4ns\u00e4 ja hyvinvointinsa salat"},"content":{"rendered":"<p class=\"article-content article-content-width !bg-background\">Yli 60 vuotta suomalaisten syd\u00e4miss\u00e4 laulanut\u00a0, 79, on viett\u00e4nyt kes\u00e4n poikkeuksellisen rauhallisissa merkeiss\u00e4. Keikkatauon aikana kalenterissa on ollut tavallista enemm\u00e4n tilaa \u2013 ja sit\u00e4 Marion kaipasikin!<\/p>\n<p class=\"font-weight-bold m-font-weight-bold article-content article-content-width !bg-background\">Video: T\u00e4m\u00e4 sai Marionin l\u00e4htem\u00e4\u00e4n mukaan Viiden T\u00e4hden kiertueelle<\/p>\n<p class=\"article-content article-content-width !bg-background\">\u2013 Nimenomaan m\u00e4 halusin vapaata. M\u00e4 halusin joutenoloa, ett\u00e4 saisin olla ihan vapaasti. Ettei tarvitse mietti\u00e4 t\u00f6it\u00e4 ollenkaan, Marion kertoo.<\/p>\n<p class=\"article-content article-content-width !bg-background\">Vapaap\u00e4iv\u00e4t ovat kuluneet muun muassa lapsenlasten, tytt\u00e4ren perheen ja yst\u00e4vien seurassa. My\u00f6s kaupungilla k\u00e4veleminen on ollut laulajalle mieluisaa.<\/p>\n<p class=\"article-content article-content-width !bg-background\">\u2013 M\u00e4 oon vaan tyk\u00e4nnyt siit\u00e4 todellisesta kiireett\u00f6myydest\u00e4. Rakastan k\u00e4vell\u00e4 rauhassa kaupungilla ja katsella ihmisi\u00e4.<\/p>\n<p>                <img decoding=\"async\" src=\"https:\/\/www.europesays.com\/fi\/wp-content\/uploads\/2026\/08\/2247749.webp\" width=\"576\" height=\"274\" alt=\"Viiden t\u00e4hden -kiertueen artisteilla on takanaan Euroviisuja, Syksyn S\u00e4vel -kisoja ja ennen kaikkea suuri joukko ikivihreiksi muodostuneita hittej\u00e4, jotka soivat radioissa kerta toisensa j\u00e4lkeen.\" loading=\"lazy\" \/>            <\/p>\n<p>\n            Viiden t\u00e4hden -kiertueen artisteilla on takanaan Euroviisuja, Syksyn S\u00e4vel -kisoja ja ennen kaikkea suuri joukko ikivihreiksi muodostuneita hittej\u00e4, jotka soivat radioissa kerta toisensa j\u00e4lkeen.<br \/>\n            Timo Korhonen\n        <\/p>\n<p class=\"article-content article-content-width !bg-background\">Syksyll\u00e4 kiireett\u00f6myys vaihtuu j\u00e4lleen esiintymisiin, kun Marion l\u00e4htee lokakuussa Viiden T\u00e4hden kiertueelle yhdess\u00e4 , ,  ja  kanssa.<\/p>\n<p class=\"article-content article-content-width !bg-background\">Syksyn kiertueessa h\u00e4nt\u00e4 kiehtoo erityisesti yhdess\u00e4 tekeminen.<\/p>\n<p class=\"article-content article-content-width !bg-background\">\u2013 M\u00e4 rakastan esiinty\u00e4 yksin, mutta se on jotenkin niin kiva, kun saa jakaa vastuun muiden kanssa. Ja se tuo v\u00e4h\u00e4n uutta potkua itseens\u00e4kin, ett\u00e4 m\u00e4 kyll\u00e4 nautin ja odotan.<\/p>\n<p>        <a itemprop=\"url\" href=\"https:\/\/www.seiska.fi\/kotimaa\/meiju-suvas-avoimena-avioliitostaan-aika-romanttista\/2223760\" rel=\"nofollow noopener\" target=\"_blank\"><\/p>\n<p>\nAvoimena avioliitostaan\n<\/p>\n<p class=\"section-date\">\n        <strong class=\"article-section\" data-section=\"kotimaa\"><br \/>\n            kotimaa<br \/>\n        <\/strong><br \/>\n        15.8. 12:00\n    <\/p>\n<p>Meiju Suvas avoimena avioliitostaan: &#8221;Aika romanttista&#8221;\n    <\/p>\n<p itemprop=\"description\" class=\"subtitle \">\n    Meiju Suvaksen el\u00e4m\u00e4ss\u00e4 on t\u00e4ll\u00e4 hetkell\u00e4 sopivasti kaikkea sit\u00e4, mist\u00e4 h\u00e4n laulaakin: tarpeeksi rakkautta, sopivasti kohtaloa ja tietysti my\u00f6s villi\u00e4 menoa.\n<\/p>\n<p>        <\/a><\/p>\n<p>Kahden vuoden bodailu on tuottanut tulosta<\/p>\n<p class=\"article-content article-content-width !bg-background\">Marionista huomaa, ett\u00e4 omasta hyvinvoinnista on pidetty huolta. H\u00e4n kertoo k\u00e4yv\u00e4ns\u00e4 salilla yhdest\u00e4 kahteen kertaan viikossa ja k\u00e4velev\u00e4ns\u00e4 sen lis\u00e4ksi.<\/p>\n<p class=\"article-content article-content-width !bg-background\">\u2013 Olen huomannut sen, ett\u00e4 mit\u00e4 vanhemmaksi tulee, sit\u00e4 enemm\u00e4n pit\u00e4\u00e4 kiinnitt\u00e4\u00e4 huomiota liikkumiseen, koska lihakset surkastuvat, jos s\u00e4 et k\u00e4yt\u00e4 niit\u00e4.<\/p>\n<p>                <img decoding=\"async\" src=\"https:\/\/www.europesays.com\/fi\/wp-content\/uploads\/2026\/08\/2247769.webp\" width=\"576\" height=\"274\" alt=\"Vanheneminen ei Marion Rungia pelota.\" loading=\"lazy\" \/>            <\/p>\n<p>\n            Vanheneminen ei Marion Rungia pelota.<br \/>\n            Timo Korhonen\n        <\/p>\n<p class=\"article-content article-content-width !bg-background\">Salilla h\u00e4n on k\u00e4ynyt jo kahden vuoden ajan.<\/p>\n<p class=\"article-content article-content-width !bg-background\">\u2013 Se on antanut mulle niin paljon. Olen kaksi vuotta k\u00e4ynyt salilla, ja nyt m\u00e4 huomaan eron \u2013 sek\u00e4 sen, miten paljon paremmin m\u00e4 voin nyt. Terveys edell\u00e4 ennen kaikkea!<\/p>\n<p class=\"article-content article-content-width !bg-background\">Ruokavaliossaan Marion ei kuitenkaan ole fanaattinen. Yhden asian h\u00e4n on j\u00e4tt\u00e4nyt kokonaan pois eettisist\u00e4 syist\u00e4.<\/p>\n<p class=\"article-content article-content-width !bg-background\">\u2013 Yksi asia, mit\u00e4 m\u00e4 en sy\u00f6 \u2013 on punainen liha, Marion paljastaa.\u00a0<\/p>\n<p class=\"article-content article-content-width !bg-background\">\u2013 Ensisijaisesti eetiisist\u00e4 syist\u00e4, mutta my\u00f6s terveyden vuoksi.<\/p>\n<p>\u201dMulla on tosi hyv\u00e4 el\u00e4m\u00e4 n\u00e4in\u201d<\/p>\n<p class=\"article-content article-content-width !bg-background\">My\u00f6s Marionin rakkausel\u00e4m\u00e4st\u00e4 kysytt\u00e4ess\u00e4 vastaus on hyvin selke\u00e4.<\/p>\n<p class=\"article-content article-content-width !bg-background\">Vaikka s\u00e4teilev\u00e4n kaunis laulajatar on edelleen vetre\u00e4ss\u00e4 kunnossa ja voi hyvin, niin Marionin mukaan miehet eiv\u00e4t juurikaan l\u00e4hesty h\u00e4nt\u00e4.<\/p>\n<p class=\"article-content article-content-width !bg-background\">\u2013 Ei mit\u00e4\u00e4n, ei todellakaan yht\u00e4\u00e4n. En tied\u00e4 miksi, enk\u00e4 m\u00e4 kyll\u00e4 odotakaan mit\u00e4\u00e4n, mutta ei ole tullut mit\u00e4\u00e4n.<\/p>\n<p>        <a itemprop=\"url\" href=\"https:\/\/www.seiska.fi\/kotimaa\/marion-rung-teki-yllattavan-urotyon\/2187929\" rel=\"nofollow noopener\" target=\"_blank\"><\/p>\n<p>\nIskelm\u00e4legenda\n<\/p>\n<p class=\"section-date\">\n        <strong class=\"article-section\" data-section=\"kotimaa\"><br \/>\n            kotimaa<br \/>\n        <\/strong><br \/>\n        23.6. 20:00\n    <\/p>\n<p>Marion Rung teki yll\u00e4tt\u00e4v\u00e4n uroty\u00f6n\n    <\/p>\n<p itemprop=\"description\" class=\"subtitle \">\n    Iskelm\u00e4legenda toimi ryhdikk\u00e4\u00e4sti.\n<\/p>\n<p>        <\/a><\/p>\n<p class=\"article-content article-content-width !bg-background\">Kumma kyll\u00e4 yhteydenottoja tai treffipyynt\u00f6j\u00e4 ei siis ole sadellut, mutta Marion ei my\u00f6sk\u00e4\u00e4n aktiivisesti etsi rinnalleen kumppania.<\/p>\n<p class=\"article-content article-content-width !bg-background\">\u2013 M\u00e4 en nimitt\u00e4in odota ket\u00e4\u00e4n mist\u00e4\u00e4n tulevaksi. En yht\u00e4\u00e4n mit\u00e4\u00e4n.<\/p>\n<p>                <img decoding=\"async\" src=\"https:\/\/www.europesays.com\/fi\/wp-content\/uploads\/2026\/08\/2247741.webp\" width=\"576\" height=\"720\" alt=\"Yksityisel\u00e4m\u00e4st\u00e4\u00e4n niukasti kertova artisti kertoo el\u00e4v\u00e4ns\u00e4 yksin, mutta ei ole yksin\u00e4inen.\" loading=\"lazy\" \/>            <\/p>\n<p>\n            Yksityisel\u00e4m\u00e4st\u00e4\u00e4n niukasti kertova artisti kertoo el\u00e4v\u00e4ns\u00e4 yksin, mutta ei ole yksin\u00e4inen.<br \/>\n            Timo Korhonen\n        <\/p>\n<p class=\"article-content article-content-width !bg-background\">H\u00e4n kertoo olevansa tyytyv\u00e4inen nykyiseen el\u00e4m\u00e4\u00e4ns\u00e4.<\/p>\n<p class=\"article-content article-content-width !bg-background\">\u2013 Mun mielest\u00e4 mulla on tosi hyv\u00e4 el\u00e4m\u00e4 n\u00e4in. M\u00e4 el\u00e4n just sellaista omann\u00e4k\u00f6ist\u00e4 el\u00e4m\u00e4\u00e4, mit\u00e4 m\u00e4 t\u00e4ll\u00e4 hetkell\u00e4 haluankin el\u00e4\u00e4.<\/p>\n<p class=\"article-content article-content-width !bg-background\">Marion ei my\u00f6sk\u00e4\u00e4n rakenna tulevaisuudesta tarkkoja suunnitelmia.<\/p>\n<p class=\"article-content article-content-width !bg-background\">\u2013 M\u00e4 en rakenna mit\u00e4\u00e4n pilvilinnoja. M\u00e4 ajattelen, ett\u00e4 el\u00e4m\u00e4 menee niin kuin se menee ja sielt\u00e4 tulee mit\u00e4 tulee.<\/p>\n<p>        <a itemprop=\"url\" href=\"https:\/\/www.seiska.fi\/kotimaa\/virve-rosti-puuhasteli-junassa-kuva\/2193483\" rel=\"nofollow noopener\" target=\"_blank\"><\/p>\n<p>\nSalakuva!\n<\/p>\n<p class=\"section-date\">\n        <strong class=\"article-section\" data-section=\"kotimaa\"><br \/>\n            kotimaa<br \/>\n        <\/strong><br \/>\n        6.7. 17:00\n    <\/p>\n<p>Virve Rosti puuhasteli junassa \u2013 kuva!\n    <\/p>\n<p itemprop=\"description\" class=\"subtitle \">\n    N\u00e4in laulajalegenda Virve Rosti k\u00e4ytti aikaansa junamatkalla.\n<\/p>\n<p>        <\/a><\/p>\n<p class=\"article-content article-content-width !bg-background\">Sinkkuudesta kysyminen ei laulajaa \u00e4rsyt\u00e4.<\/p>\n<p class=\"article-content article-content-width !bg-background\">\u2013 Se kuuluu asiaan. M\u00e4 ymm\u00e4rr\u00e4n, ett\u00e4 ihmiset ovat uteliaita t\u00e4m\u00e4n asian suhteen.<\/p>\n<p>\u201dEn ole pullantuoksuinen mummo\u201d<\/p>\n<p class=\"article-content article-content-width !bg-background\">Marion on my\u00f6s iso\u00e4iti, ja lapsenlapset ovat olleet t\u00e4rke\u00e4 osa h\u00e4nen kes\u00e4\u00e4ns\u00e4.<\/p>\n<p class=\"article-content article-content-width !bg-background\">Omaa mummouttaan h\u00e4n kuvailee pilke silm\u00e4kulmassa.<\/p>\n<p class=\"article-content article-content-width !bg-background\">\u2013 M\u00e4 olen ehk\u00e4 v\u00e4h\u00e4n erilainen mummo. M\u00e4 en ole se pullantuoksuinen mummo. Mutta m\u00e4 olen sellainen huumorimummo.<\/p>\n<p class=\"article-content article-content-width !bg-background\">Yhdess\u00e4olo ei h\u00e4nen mukaansa vaadi mit\u00e4\u00e4n erityist\u00e4 ohjelmaa.<\/p>\n<p class=\"article-content article-content-width !bg-background\">\u2013 Ne leikkii legoilla tai lukee jotain, ja m\u00e4 olen siin\u00e4 vieress\u00e4. Sitten me jutellaan jotain ja ollaan vaan. Se on ihan t\u00e4mm\u00f6ist\u00e4 normaalia el\u00e4m\u00e4\u00e4 kerta kaikkiaan.<\/p>\n<p class=\"article-content article-content-width !bg-background\">Marion iloitsee siit\u00e4, ett\u00e4 h\u00e4nell\u00e4 on mahdollisuus olla mukana lastenlastensa el\u00e4m\u00e4ss\u00e4.<\/p>\n<p class=\"article-content article-content-width !bg-background\">\u2013 Ja minusta ne ovat mahtavia tietenkin. Jokaisen lapsenlapset ovat mahtavia, mutta n\u00e4\u00e4 on tosi ihania. Se on ihanaa, ett\u00e4 mulla on mahdollisuus olla mummo.<\/p>\n<p>        <a itemprop=\"url\" href=\"https:\/\/www.seiska.fi\/kotimaa\/marion-rungin-juhannuksen-hellyttava-yllatys-tarina-sulattaa-sydamet\/2185786\" rel=\"nofollow noopener\" target=\"_blank\"><\/p>\n<p>\nMarion Rung\n<\/p>\n<p class=\"section-date\">\n        <strong class=\"article-section\" data-section=\"kotimaa\"><br \/>\n            kotimaa<br \/>\n        <\/strong><br \/>\n        19.6. 10:38\n    <\/p>\n<p>Marion Rungin juhannuksen hellytt\u00e4v\u00e4 yll\u00e4tys \u2013 tarina sulattaa syd\u00e4met\n    <\/p>\n<p itemprop=\"description\" class=\"subtitle \">\n    Laulaja on p\u00e4\u00e4ssyt herkuttelemaan.\n<\/p>\n<p>        <\/a><\/p>\n<p>T\u00e4m\u00e4 asia nykynuorissa ihmetytt\u00e4\u00e4<\/p>\n<p class=\"article-content article-content-width !bg-background\">Kun Marion vertaa nykyp\u00e4iv\u00e4n lasten ja nuorten maailmaa siihen aikaan, kun h\u00e4nen oma tytt\u00e4rens\u00e4 oli pieni, h\u00e4n ei n\u00e4e valtavaa eroa.<\/p>\n<p class=\"article-content article-content-width !bg-background\">\u2013 Kun lapsi on lapsi ja s\u00e4\u00e4nn\u00f6t on s\u00e4\u00e4nn\u00f6t \u2013 ja samat varmaan pit\u00e4\u00e4 t\u00e4n\u00e4kin p\u00e4iv\u00e4n\u00e4.<\/p>\n<p class=\"article-content article-content-width !bg-background\">Yksi asia nykymaailmassa kuitenkin mietitytt\u00e4\u00e4.<\/p>\n<p class=\"article-content article-content-width !bg-background\">\u2013 Ehk\u00e4 sellainen jonkinlainen vapaus. Sit\u00e4 vapautta on ehk\u00e4 v\u00e4h\u00e4n liikaa.<\/p>\n<p class=\"article-content article-content-width !bg-background\">Marion kertoo kasvaneensa melko j\u00e4mptiss\u00e4 perheess\u00e4, eik\u00e4 ole kokenut tiukkoja raameja huonona asiana.<\/p>\n<p class=\"article-content article-content-width !bg-background\">\u2013 M\u00e4 oon huomannut, ett\u00e4 se on auttanut mua my\u00f6hemm\u00e4ss\u00e4 vaiheessa el\u00e4m\u00e4\u00e4ni \u2013 kun on ollut tietyt m\u00e4\u00e4r\u00e4tyt raamit.<\/p>\n<p class=\"article-content article-content-width !bg-background\">H\u00e4n kuitenkin lis\u00e4\u00e4, ettei pid\u00e4 itse\u00e4\u00e4n kasvatusasioissa min\u00e4\u00e4n eksperttin\u00e4.<\/p>\n<p class=\"article-content article-content-width !bg-background\">\u2013 M\u00e4 en ole mik\u00e4\u00e4n mestari t\u00e4llaisissa asioissa.<\/p>\n<p>                <img decoding=\"async\" src=\"https:\/\/www.europesays.com\/fi\/wp-content\/uploads\/2026\/08\/2247739.webp\" width=\"576\" height=\"720\" alt=\"Kahden lapsen iso\u00e4iti tapaa lapsenlapsiaan ja tyt\u00e4rt\u00e4\u00e4n l\u00e4hes p\u00e4ivitt\u00e4in. He tekev\u00e4t yhdess\u00e4 tavallisia asioita.\" loading=\"lazy\" \/>            <\/p>\n<p>\n            Kahden lapsen iso\u00e4iti tapaa lapsenlapsiaan ja tyt\u00e4rt\u00e4\u00e4n l\u00e4hes p\u00e4ivitt\u00e4in. He tekev\u00e4t yhdess\u00e4 tavallisia asioita.<br \/>\n            Timo Korhonen\n        <\/p>\n<p class=\"article-content article-content-width !bg-background\">Vuosikymmenten ura on tuonut Marionille my\u00f6s jotain, mik\u00e4 tuntuu h\u00e4nest\u00e4 erityisen hienolta: eri-ik\u00e4iset ihmiset tuntevat edelleen h\u00e4nen kappaleensa.<\/p>\n<p class=\"article-content article-content-width !bg-background\">Kes\u00e4ll\u00e4 h\u00e4n esiintyi -yhtyeen kanssa yll\u00e4tysvieraana ja huomasi yleis\u00f6ss\u00e4 nuoria ihmisi\u00e4 laulamassa mukana.<\/p>\n<p class=\"article-content article-content-width !bg-background\">\u2013 M\u00e4 ihmettelin sit\u00e4, kun edess\u00e4 olevat nuoret ihmiset lauloi mun lauluja. Se oli ihan mahtavaa.<\/p>\n<p>        <a itemprop=\"url\" href=\"https:\/\/www.seiska.fi\/katso\/tahdet-tahdet-he-ovat-ensimmaiset-putoajat\/2136373\" rel=\"nofollow noopener\" target=\"_blank\"><\/p>\n<p>\nT\u00e4hdet t\u00e4hdet:\n<\/p>\n<p class=\"section-date\">\n        <strong class=\"article-section\" data-section=\"katso\"><br \/>\n            katso<br \/>\n        <\/strong><br \/>\n        26.4. 21:30\n    <\/p>\n<p>T\u00e4hdet, t\u00e4hdet: He ovat ensimm\u00e4iset putoajat\n    <\/p>\n<p itemprop=\"description\" class=\"subtitle \">\n    Iskelm\u00e4teemaisessa jaksossa annettiin ensimm\u00e4iset l\u00e4ht\u00f6passit.\n<\/p>\n<p>        <\/a><\/p>\n<p class=\"article-content article-content-width !bg-background\">Erityisesti yksi kappale sai h\u00e4net h\u00e4mm\u00e4stym\u00e4\u00e4n.<\/p>\n<p class=\"article-content article-content-width !bg-background\">\u2013 Kyl\u00e4h\u00e4\u00e4t, kaikki sanat tuli ihan tosta noin vaan. M\u00e4 ajattelin siit\u00e4, ett\u00e4 hitto t\u00e4\u00e4 on hienoa, Marion t\u00e4r\u00e4ytt\u00e4\u00e4.<\/p>\n<p class=\"font-weight-bold m-font-weight-bold article-content article-content-width !bg-background\">\u201dNostan hattua kaikille ruuhkavuosissa oleville\u201d<\/p>\n<p class=\"article-content article-content-width !bg-background\">Marionilla on my\u00f6s viesti heille, jotka el\u00e4v\u00e4t parhaillaan kiireisint\u00e4 lapsiperhearkea.<\/p>\n<p>\n            Jos voit hyvin, niin sun perhe voi hyvin.\n            <\/p>\n<p class=\"article-content article-content-width !bg-background\">\u2013 Se on rankkaa. Se on varmaan hyvin rankkaa, jos on pikkulapsia ja oma ty\u00f6 \u2013 ja kenties jotain harrastustakin, tai jos haluaa tehd\u00e4 jotain muuta omaa, ihan vain itsekseen.<\/p>\n<p>                <img decoding=\"async\" src=\"https:\/\/www.europesays.com\/fi\/wp-content\/uploads\/2026\/08\/2247778.webp\" width=\"576\" height=\"730\" alt=\"Marion edusti Suomea Euroviisuissa vuonna 1962 Luxembourgissa.\" loading=\"lazy\" \/>            <\/p>\n<p>\n            Marion edusti Suomea Euroviisuissa vuonna 1962 Luxembourgissa.<br \/>\n            Alamy\n        <\/p>\n<p class=\"article-content article-content-width !bg-background\">\u2013 M\u00e4 nostan hattua kaikille ruuhkavuosissa oleville vanhemmille, koska se ei ole mik\u00e4\u00e4n helppo pala. Ei todellakaan!<\/p>\n<p class=\"article-content article-content-width !bg-background\">Varsinaisia neuvoja h\u00e4n ei koe osaavansa antaa, mutta yhden asian h\u00e4n haluaa sanoa.<\/p>\n<p class=\"article-content article-content-width !bg-background\">\u2013 Toivottavasti heill\u00e4 olisi paljon apua omaisista tai yst\u00e4vist\u00e4, ett\u00e4 he voisivat toteuttaa my\u00f6s itse\u00e4\u00e4n. Koska sekin on t\u00e4rke\u00e4\u00e4, ett\u00e4 voit itse tehd\u00e4 asioita, joista itse pit\u00e4\u00e4. Koska jos voit hyvin, niin sun perhe voi hyvin.<\/p>\n","protected":false},"excerpt":{"rendered":"Yli 60 vuotta suomalaisten syd\u00e4miss\u00e4 laulanut\u00a0, 79, on viett\u00e4nyt kes\u00e4n poikkeuksellisen rauhallisissa merkeiss\u00e4. Keikkatauon aikana kalenterissa on ollut&hellip;\n","protected":false},"author":2,"featured_media":336573,"comment_status":"","ping_status":"","sticky":false,"template":"","format":"standard","meta":{"footnotes":"","_share_on_mastodon":"0"},"categories":[130],"tags":[137,33,31,30,2233,20225,1034,98,20025,32,28341,109],"class_list":["post-336572","post","type-post","status-publish","format-standard","has-post-thumbnail","category-viihde","tag-entertainment","tag-fi","tag-finland","tag-finnish","tag-hyvinvointi","tag-lapsenlapset","tag-marion-rung","tag-perhe","tag-sinkkuus","tag-suomi","tag-viiden-tahden-kiertue","tag-viihde"],"share_on_mastodon":{"url":"https:\/\/pubeurope.com\/@fi\/117180134387397653","error":""},"_links":{"self":[{"href":"https:\/\/www.europesays.com\/fi\/wp-json\/wp\/v2\/posts\/336572","targetHints":{"allow":["GET"]}}],"collection":[{"href":"https:\/\/www.europesays.com\/fi\/wp-json\/wp\/v2\/posts"}],"about":[{"href":"https:\/\/www.europesays.com\/fi\/wp-json\/wp\/v2\/types\/post"}],"author":[{"embeddable":true,"href":"https:\/\/www.europesays.com\/fi\/wp-json\/wp\/v2\/users\/2"}],"replies":[{"embeddable":true,"href":"https:\/\/www.europesays.com\/fi\/wp-json\/wp\/v2\/comments?post=336572"}],"version-history":[{"count":0,"href":"https:\/\/www.europesays.com\/fi\/wp-json\/wp\/v2\/posts\/336572\/revisions"}],"wp:featuredmedia":[{"embeddable":true,"href":"https:\/\/www.europesays.com\/fi\/wp-json\/wp\/v2\/media\/336573"}],"wp:attachment":[{"href":"https:\/\/www.europesays.com\/fi\/wp-json\/wp\/v2\/media?parent=336572"}],"wp:term":[{"taxonomy":"category","embeddable":true,"href":"https:\/\/www.europesays.com\/fi\/wp-json\/wp\/v2\/categories?post=336572"},{"taxonomy":"post_tag","embeddable":true,"href":"https:\/\/www.europesays.com\/fi\/wp-json\/wp\/v2\/tags?post=336572"}],"curies":[{"name":"wp","href":"https:\/\/api.w.org\/{rel}","templated":true}]}}