{"id":336576,"date":"2026-08-29T18:11:13","date_gmt":"2026-08-29T18:11:13","guid":{"rendered":"https:\/\/www.europesays.com\/fi\/336576\/"},"modified":"2026-08-29T18:11:13","modified_gmt":"2026-08-29T18:11:13","slug":"kaikki-kirjastot-suljettu-ranskalaiskaupungissa-allottava-syy","status":"publish","type":"post","link":"https:\/\/www.europesays.com\/fi\/336576\/","title":{"rendered":"Kaikki kirjastot suljettu ranskalaiskaupungissa \u2013 \u00c4ll\u00f6tt\u00e4v\u00e4 syy"},"content":{"rendered":"<p>Kaupungin johto on pyrkinyt rauhoittelemaan ihmisi\u00e4. <\/p>\n<p><img decoding=\"async\" class=\"image image-show image-preview\" src=\"https:\/\/www.europesays.com\/fi\/wp-content\/uploads\/2026\/08\/56c3c4e9beb9c2c299713934fd0dbbf602f7251861d75fdbb3fbc80968bcd4aa.jpg\" alt=\"\"\/><img decoding=\"async\" class=\"image image-show\" src=\"https:\/\/www.europesays.com\/fi\/wp-content\/uploads\/2026\/08\/1788027073_673_56c3c4e9beb9c2c299713934fd0dbbf602f7251861d75fdbb3fbc80968bcd4aa.jpg\" alt=\"\"\/><\/p>\n<p>Lude Piotr Naskrecki, Public Domain<\/p>\n<p class=\"paragraph\">Ranskassa sijaitsevan Aix-en-Provencen kaupungin kaikki kirjastot on suljettu toistaiseksi ennaltaehk\u00e4isevien tarkastusten vuoksi, ranskalainen <a href=\"https:\/\/www.franceinfo.fr\/sante\/punaises-de-lit-en-france\/toutes-les-bibliotheques-d-aix-en-provence-fermees-jusqu-a-nouvel-ordre-apres-la-decouverte-de-punaises-de-lit_8165657.html\" target=\"_blank\" rel=\"noopener nofollow\">Franceinfo<\/a> kertoo.<\/p>\n<p class=\"paragraph\">Kaupungin johto ilmoitti sulkup\u00e4\u00e4t\u00f6ksest\u00e4 torstaina 27. elokuuta sen j\u00e4lkeen, kun kaupungin keskustassa sijaitsevasta kirjastosta oli l\u00f6ydetty luteita.<\/p>\n<p class=\"paragraph\">Kyseisess\u00e4 kirjastossa on jo tehty tarvittavat toimenpiteet, mutta kirjasto pysyy edelleen suljettuna.<\/p>\n<p class=\"paragraph\">Ennaltaehk\u00e4isev\u00e4t sulut koskevat lis\u00e4ksi kuutta muuta kunnallista kirjastoa.<\/p>\n<p>Kaupungin johto rauhoittelee<\/p>\n<p class=\"paragraph\">Kaupungin johto pyrkii rauhoittelemaan asukkaita ja painottaa, ettei luteita ole t\u00e4h\u00e4n menness\u00e4 havaittu kaupungin muissa kirjastoissa.<\/p>\n<p class=\"paragraph\">Johto painottaa, ett\u00e4 kyseess\u00e4 on ennaltaehk\u00e4isev\u00e4 tarkastus, jolla pyrit\u00e4\u00e4n mahdollistamaan parhaat mahdolliset olosuhteet syyslukukauden alulle.<\/p>\n<p class=\"paragraph\">Kirjastojen avaamisen ajankohdasta ei ole viel\u00e4 ilmoitettu.<\/p>\n","protected":false},"excerpt":{"rendered":"Kaupungin johto on pyrkinyt rauhoittelemaan ihmisi\u00e4. Lude Piotr Naskrecki, Public Domain Ranskassa sijaitsevan Aix-en-Provencen kaupungin kaikki kirjastot on&hellip;\n","protected":false},"author":2,"featured_media":336577,"comment_status":"","ping_status":"","sticky":false,"template":"","format":"standard","meta":{"footnotes":"","_share_on_mastodon":"0"},"categories":[14],"tags":[35,22,23,26,27,33,31,30,17,24,25,3004,720,28,29,15,18,21,544,32,78,19,20,860,56,16,59,60,61,796],"class_list":["post-336576","post","type-post","status-publish","format-standard","has-post-thumbnail","category-ulkomaat","tag-24h","tag-breaking-news","tag-breakingnews","tag-featured-news","tag-featurednews","tag-fi","tag-finland","tag-finnish","tag-headlines","tag-latest-news","tag-latestnews","tag-liiketoiminta","tag-liiketoiminta-ja-rahoitus","tag-main-news","tag-mainnews","tag-news","tag-otsikot","tag-paauutiset","tag-rahoitus-ja-kiinteistoala-sektori","tag-suomi","tag-talous","tag-top-stories","tag-topstories","tag-tyoelama","tag-ulkomaat","tag-uutiset","tag-world","tag-world-news","tag-worldnews","tag-yhteiskunta"],"share_on_mastodon":{"url":"https:\/\/pubeurope.com\/@fi\/117180150257371227","error":""},"_links":{"self":[{"href":"https:\/\/www.europesays.com\/fi\/wp-json\/wp\/v2\/posts\/336576","targetHints":{"allow":["GET"]}}],"collection":[{"href":"https:\/\/www.europesays.com\/fi\/wp-json\/wp\/v2\/posts"}],"about":[{"href":"https:\/\/www.europesays.com\/fi\/wp-json\/wp\/v2\/types\/post"}],"author":[{"embeddable":true,"href":"https:\/\/www.europesays.com\/fi\/wp-json\/wp\/v2\/users\/2"}],"replies":[{"embeddable":true,"href":"https:\/\/www.europesays.com\/fi\/wp-json\/wp\/v2\/comments?post=336576"}],"version-history":[{"count":0,"href":"https:\/\/www.europesays.com\/fi\/wp-json\/wp\/v2\/posts\/336576\/revisions"}],"wp:featuredmedia":[{"embeddable":true,"href":"https:\/\/www.europesays.com\/fi\/wp-json\/wp\/v2\/media\/336577"}],"wp:attachment":[{"href":"https:\/\/www.europesays.com\/fi\/wp-json\/wp\/v2\/media?parent=336576"}],"wp:term":[{"taxonomy":"category","embeddable":true,"href":"https:\/\/www.europesays.com\/fi\/wp-json\/wp\/v2\/categories?post=336576"},{"taxonomy":"post_tag","embeddable":true,"href":"https:\/\/www.europesays.com\/fi\/wp-json\/wp\/v2\/tags?post=336576"}],"curies":[{"name":"wp","href":"https:\/\/api.w.org\/{rel}","templated":true}]}}