{"id":336632,"date":"2026-08-29T20:10:13","date_gmt":"2026-08-29T20:10:13","guid":{"rendered":"https:\/\/www.europesays.com\/fi\/336632\/"},"modified":"2026-08-29T20:10:13","modified_gmt":"2026-08-29T20:10:13","slug":"tom-cruisen-ysariautoiluleffa-saa-jatko-osan-naispaaosaan-yllatysnimi-ensi-ilta-parin-vuoden-paasta","status":"publish","type":"post","link":"https:\/\/www.europesays.com\/fi\/336632\/","title":{"rendered":"Tom Cruisen ys\u00e4riautoiluleffa saa jatko-osan \u2013\u00a0Naisp\u00e4\u00e4osaan yll\u00e4tysnimi, ensi-ilta parin vuoden p\u00e4\u00e4st\u00e4"},"content":{"rendered":"<p class=\"wp-block-paragraph\"><strong>Tony Scott<\/strong> ohjasi vuonna 1990 ensi-iltansa saaneen Days of Thunder \u2013\u00a0ukkosta radalla -elokuvan. Sen p\u00e4\u00e4rooleissa n\u00e4htiin <strong>Tom Cruise <\/strong>ja<strong> Nicole Kidman<\/strong>.<\/p>\n<p class=\"wp-block-paragraph\">Uudessa elokuvassa ei Kidmania n\u00e4hd\u00e4, mutta Cruise palaa Cole Tricklen rooliin. Mukaan on saatu my\u00f6s Oscar-voittaja <strong>Anne Hathaway<\/strong>. Yhdess\u00e4 he poseeraavat Nascar-auton edustalla sosiaalisen median mainoksissa.<\/p>\n<p class=\"wp-block-paragraph\"><strong>Will Staples <\/strong>on kirjoittanut k\u00e4sikirjoituksen ja <strong>Jonathan Levine <\/strong>ohjaa elokuvan. Elokuvan tuottaa Cruise yhdess\u00e4 <strong>Jerry Bruckheimerin <\/strong>ja<strong> Tommy Harperin<\/strong> kanssa.<\/p>\n<p class=\"wp-block-paragraph\">Elokuvan ensi-ilta tulee olemaan kes\u00e4kuun 2. p\u00e4iv\u00e4 2028.<\/p>\n<blockquote class=\"twitter-tweet\" data-dnt=\"true\"><p><a href=\"https:\/\/x.com\/TomCruise\/status\/2093751319915815218\" rel=\"nofollow\"><\/p><\/blockquote>\n<p>Lue my\u00f6s: <a href=\"https:\/\/www.episodi.fi\/uutiset\/anne-hathaway-pitaa-prinsessapaivakirjat-oven-auki-90-vuotiaalle-nayttelijalegendalle\/\" title=\"Anne Hathaway pit\u00e4\u00e4 Prinsessap\u00e4iv\u00e4kirjat-oven auki 90-vuotiaalle n\u00e4yttelij\u00e4legendalle\" class=\"underline-custom !font-heading !font-bold !underline-offset-4 !decoration-4 !decoration-accent !text-md\" rel=\"nofollow noopener\" target=\"_blank\">Anne Hathaway pit\u00e4\u00e4 Prinsessap\u00e4iv\u00e4kirjat-oven auki 90-vuotiaalle n\u00e4yttelij\u00e4legendalle<\/a><\/p>\n<p>Lue my\u00f6s: <a href=\"https:\/\/www.episodi.fi\/uutiset\/tiesitko-tom-cruise-pollahti-yllattaen-tahan-1980-luvun-lankkariin\/\" title=\"Tiesitk\u00f6? Tom Cruise p\u00f6ll\u00e4hti yll\u00e4tt\u00e4en 1980-luvun l\u00e4nkk\u00e4riin\" class=\"underline-custom !font-heading !font-bold !underline-offset-4 !decoration-4 !decoration-accent !text-md\" rel=\"nofollow noopener\" target=\"_blank\">Tiesitk\u00f6? Tom Cruise p\u00f6ll\u00e4hti yll\u00e4tt\u00e4en 1980-luvun l\u00e4nkk\u00e4riin<\/a><\/p>\n<p>Lue my\u00f6s: <a href=\"https:\/\/www.episodi.fi\/uutiset\/odottaako-kultapysti-tom-cruise-kaivautuu-uuteen-rooliin\/\" title=\"Odottaako kultapysti? Tom Cruise kaivautuu uuteen rooliin\" class=\"underline-custom !font-heading !font-bold !underline-offset-4 !decoration-4 !decoration-accent !text-md\" rel=\"nofollow noopener\" target=\"_blank\">Odottaako kultapysti? Tom Cruise kaivautuu uuteen rooliin<\/a><\/p>\n","protected":false},"excerpt":{"rendered":"Tony Scott ohjasi vuonna 1990 ensi-iltansa saaneen Days of Thunder \u2013\u00a0ukkosta radalla -elokuvan. Sen p\u00e4\u00e4rooleissa n\u00e4htiin Tom Cruise&hellip;\n","protected":false},"author":2,"featured_media":336633,"comment_status":"","ping_status":"","sticky":false,"template":"","format":"standard","meta":{"footnotes":"","_share_on_mastodon":"0"},"categories":[136],"tags":[17873,407,41695,137,33,31,30,6302,408,32,4380,109],"class_list":["post-336632","post","type-post","status-publish","format-standard","has-post-thumbnail","category-julkkikset","tag-anne-hathaway","tag-celebrities","tag-days-of-thunder","tag-entertainment","tag-fi","tag-finland","tag-finnish","tag-ignostot","tag-julkkikset","tag-suomi","tag-tom-cruise","tag-viihde"],"share_on_mastodon":{"url":"https:\/\/pubeurope.com\/@fi\/117180617609346559","error":""},"_links":{"self":[{"href":"https:\/\/www.europesays.com\/fi\/wp-json\/wp\/v2\/posts\/336632","targetHints":{"allow":["GET"]}}],"collection":[{"href":"https:\/\/www.europesays.com\/fi\/wp-json\/wp\/v2\/posts"}],"about":[{"href":"https:\/\/www.europesays.com\/fi\/wp-json\/wp\/v2\/types\/post"}],"author":[{"embeddable":true,"href":"https:\/\/www.europesays.com\/fi\/wp-json\/wp\/v2\/users\/2"}],"replies":[{"embeddable":true,"href":"https:\/\/www.europesays.com\/fi\/wp-json\/wp\/v2\/comments?post=336632"}],"version-history":[{"count":0,"href":"https:\/\/www.europesays.com\/fi\/wp-json\/wp\/v2\/posts\/336632\/revisions"}],"wp:featuredmedia":[{"embeddable":true,"href":"https:\/\/www.europesays.com\/fi\/wp-json\/wp\/v2\/media\/336633"}],"wp:attachment":[{"href":"https:\/\/www.europesays.com\/fi\/wp-json\/wp\/v2\/media?parent=336632"}],"wp:term":[{"taxonomy":"category","embeddable":true,"href":"https:\/\/www.europesays.com\/fi\/wp-json\/wp\/v2\/categories?post=336632"},{"taxonomy":"post_tag","embeddable":true,"href":"https:\/\/www.europesays.com\/fi\/wp-json\/wp\/v2\/tags?post=336632"}],"curies":[{"name":"wp","href":"https:\/\/api.w.org\/{rel}","templated":true}]}}