{"id":336730,"date":"2026-08-29T23:25:13","date_gmt":"2026-08-29T23:25:13","guid":{"rendered":"https:\/\/www.europesays.com\/fi\/336730\/"},"modified":"2026-08-29T23:25:13","modified_gmt":"2026-08-29T23:25:13","slug":"holtittomia-nuoria-pohjois-suomessa-poliisilta-vakava-vetoomus-vanhemmille","status":"publish","type":"post","link":"https:\/\/www.europesays.com\/fi\/336730\/","title":{"rendered":"Holtittomia nuoria Pohjois-Suomessa \u2013 Poliisilta vakava vetoomus vanhemmille"},"content":{"rendered":"<p>Nuorison meno on Kemiss\u00e4 ja Oulussa yltynyt poliisin mukaan holtittomuuksiin.<\/p>\n<p><img decoding=\"async\" class=\"image image-show image-preview\" src=\"https:\/\/www.europesays.com\/fi\/wp-content\/uploads\/2026\/08\/428a4614fa558a4d757384abc1dd5fe185e3e1b32ae451376f70f7d4cdc1ca84.jpg\" alt=\"\"\/><img decoding=\"async\" class=\"image image-show\" src=\"https:\/\/www.europesays.com\/fi\/wp-content\/uploads\/2026\/08\/1788045913_383_428a4614fa558a4d757384abc1dd5fe185e3e1b32ae451376f70f7d4cdc1ca84.jpg\" alt=\"\"\/><\/p>\n<p>Kemiss\u00e4 on rauhatonta lauantai-iltana. Kuvituskuva. Jussi Korhonen<\/p>\n<p class=\"paragraph\">Nuorison juhlinta on yltynyt Kemiss\u00e4 ja Oulussa holtittomuuksiin lauantai-iltana.<\/p>\n<p class=\"paragraph\">Asiasta kertovat Lapin ja Oulun poliisilaitokset Facebookissa.<\/p>\n<p class=\"paragraph\">Kemiss\u00e4 monisatap\u00e4inen joukko p\u00e4ihtyneit\u00e4 alaik\u00e4isi\u00e4 on poliisin mukaan kokoontunut kaupungin keskustassa sijaitsevan Citymarketin pihalle ja sen l\u00e4heisyyteen.<\/p>\n<p class=\"paragraph\">\u2013 Nuorten meno on holtitonta ja vauhti n\u00e4ytt\u00e4\u00e4 vain kiihtyv\u00e4n. Alueella ammutaan ilotulitteita, huudatetaan musiikkia ja aiheutetaan monenmoista h\u00e4iri\u00f6t\u00e4, poliisi tiedottaa.<\/p>\n<p class=\"paragraph\">Oulussa nuorisoa on poliisin mukaan keskustan v\u00e4litt\u00f6m\u00e4ss\u00e4 l\u00e4heisyydess\u00e4 Kiikeliss\u00e4. Alaik\u00e4isten illanvietto on t\u00e4ll\u00e4 hetkell\u00e4 todella levotonta ja meno n\u00e4ytt\u00e4\u00e4 vain kiihtyv\u00e4n, poliisi kirjoitti kymmenen aikaan illalla.<\/p>\n<p class=\"paragraph\">\u2013 Paikalla on sankoin joukoin p\u00e4ihtyneit\u00e4 alaik\u00e4isi\u00e4 ja alueella on ollut kosolti j\u00e4rjestysh\u00e4iri\u00f6it\u00e4, kuten tappeluita ja ilotulitteiden laitonta ja holtitonta k\u00e4ytt\u00f6\u00e4, Oulun poliisin Facebook-p\u00e4ivityksess\u00e4 kerrotaan.<\/p>\n<p class=\"paragraph\">Molemmat poliisilaitokset l\u00e4hett\u00e4v\u00e4t vanhemmille vakavan viestin sanatarkasti samassa muodossa:<\/p>\n<p class=\"paragraph\">\u2013 Poliisi vetoaakin vanhempiin, jotta n\u00e4m\u00e4 hakisivat lapsensa pois, lasten turvallisuuden vuoksi.<\/p>\n","protected":false},"excerpt":{"rendered":"Nuorison meno on Kemiss\u00e4 ja Oulussa yltynyt poliisin mukaan holtittomuuksiin. Kemiss\u00e4 on rauhatonta lauantai-iltana. Kuvituskuva. Jussi Korhonen Nuorison&hellip;\n","protected":false},"author":2,"featured_media":336731,"comment_status":"","ping_status":"","sticky":false,"template":"","format":"standard","meta":{"footnotes":"","_share_on_mastodon":"0"},"categories":[12],"tags":[35,22,23,26,27,33,31,30,17,55,100,24,25,28,29,15,18,21,98,52,103,32,19,20,16],"class_list":["post-336730","post","type-post","status-publish","format-standard","has-post-thumbnail","category-suomi","tag-24h","tag-breaking-news","tag-breakingnews","tag-featured-news","tag-featurednews","tag-fi","tag-finland","tag-finnish","tag-headlines","tag-lainvalvonta","tag-lapset-ja-nuoret","tag-latest-news","tag-latestnews","tag-main-news","tag-mainnews","tag-news","tag-otsikot","tag-paauutiset","tag-perhe","tag-poliisi","tag-sosiaalikysymykset","tag-suomi","tag-top-stories","tag-topstories","tag-uutiset"],"share_on_mastodon":{"url":"https:\/\/pubeurope.com\/@fi\/117181384391710449","error":""},"_links":{"self":[{"href":"https:\/\/www.europesays.com\/fi\/wp-json\/wp\/v2\/posts\/336730","targetHints":{"allow":["GET"]}}],"collection":[{"href":"https:\/\/www.europesays.com\/fi\/wp-json\/wp\/v2\/posts"}],"about":[{"href":"https:\/\/www.europesays.com\/fi\/wp-json\/wp\/v2\/types\/post"}],"author":[{"embeddable":true,"href":"https:\/\/www.europesays.com\/fi\/wp-json\/wp\/v2\/users\/2"}],"replies":[{"embeddable":true,"href":"https:\/\/www.europesays.com\/fi\/wp-json\/wp\/v2\/comments?post=336730"}],"version-history":[{"count":0,"href":"https:\/\/www.europesays.com\/fi\/wp-json\/wp\/v2\/posts\/336730\/revisions"}],"wp:featuredmedia":[{"embeddable":true,"href":"https:\/\/www.europesays.com\/fi\/wp-json\/wp\/v2\/media\/336731"}],"wp:attachment":[{"href":"https:\/\/www.europesays.com\/fi\/wp-json\/wp\/v2\/media?parent=336730"}],"wp:term":[{"taxonomy":"category","embeddable":true,"href":"https:\/\/www.europesays.com\/fi\/wp-json\/wp\/v2\/categories?post=336730"},{"taxonomy":"post_tag","embeddable":true,"href":"https:\/\/www.europesays.com\/fi\/wp-json\/wp\/v2\/tags?post=336730"}],"curies":[{"name":"wp","href":"https:\/\/api.w.org\/{rel}","templated":true}]}}