{"id":336746,"date":"2026-08-29T23:52:10","date_gmt":"2026-08-29T23:52:10","guid":{"rendered":"https:\/\/www.europesays.com\/fi\/336746\/"},"modified":"2026-08-29T23:52:10","modified_gmt":"2026-08-29T23:52:10","slug":"ek15-hyundain-wrc-kuskilta-jalleen-raju-isku-sami-pajarin-johto-pitaa","status":"publish","type":"post","link":"https:\/\/www.europesays.com\/fi\/336746\/","title":{"rendered":"EK15: Hyundain WRC-kuskilta j\u00e4lleen raju isku &#8211; Sami Pajarin johto pit\u00e4\u00e4"},"content":{"rendered":"<p class=\"wp-block-paragraph\">Fourmaux iski j\u00e4lleen kovan pohja-ajan tauluun kisan 15. erikoiskokeella ja nousi vain 16 sekunnin p\u00e4\u00e4h\u00e4n podiumista ja kisassa kolmantena olevasta Toyotan <strong>Elfyn Evansista.<\/strong><\/p>\n<p class=\"wp-block-paragraph\">\u2013 Muutamissa paikoissa olin liian varovainen, mutta minulla ei ole vastausta t\u00e4ll\u00e4 hetkell\u00e4 (Fourmaux\u00b4n vauhtiin), Evans kommentoi.<\/p>\n<p class=\"wp-block-paragraph\">\u2013 Olen tyytyv\u00e4inen, miten olen hallinnut iltap\u00e4iv\u00e4n. Minun pit\u00e4\u00e4 ottaa kolme sekuntia kiinni per p\u00e4tk\u00e4. Nyt se on ollut enemm\u00e4n tai v\u00e4hemm\u00e4n niin. Min\u00e4 pusken, Fourmaux puolestaan kertoi.<\/p>\n<p class=\"wp-block-paragraph\">Kisan k\u00e4rjess\u00e4 jatkaa kuitenkin Toyotan suomalaiskuljettaja <strong>Sami Pajari<\/strong>, jolla on 27,6 sekunnin etumatka ennen Hyundain<strong> Hayden Paddonia<\/strong>.<\/p>\n<p class=\"wp-block-paragraph\">\u2013 Renkaat ovat kunnossa. On tosi vaikea arvoida vauhtia. Olisi ehk\u00e4 pit\u00e4nyt puskea enemm\u00e4n, Pajari totesi.<\/p>\n<p class=\"wp-block-paragraph\">M-Sport Fordin irlantilainen<strong> Josh McErlean <\/strong>on kiinni kelvollisessa viitostilassa. Eroa k\u00e4rkeen on kertynyt jo l\u00e4hes kolme ja puoli minuuttia. McErleanin takana perjantaina ongelmissa ollut <strong>Oliver Solberg<\/strong> kirii kuitenkin tiukasti. Solberg on en\u00e4\u00e4 13,5 sekuntia Ford-kuskia per\u00e4ss\u00e4.<\/p>\n<p class=\"wp-block-paragraph\">Yleiskilpailussa seitsem\u00e4nnell\u00e4 sijalla on WRC2-luokkaa johtava is\u00e4nt\u00e4maan <strong>Diego Dominguez<\/strong>. Paraguaylaisen takana kakkosluokassa toista sijaa pit\u00e4\u00e4 hallussa britti <strong>Gus Greensmith<\/strong>, joka on j\u00e4\u00e4nyt Dominguezista 27,2 sekuntia.<\/p>\n<p class=\"wp-block-paragraph\">Lauantaina Paraguayssa ajetaan viel\u00e4 kaksi erikoiskoetta. Kisa p\u00e4\u00e4ttyy sunnuntaina.<\/p>\n<p class=\"wp-block-paragraph\"><strong>Paraguayn MM-rallin tilanne EK15\/22 j\u00e4lkeen:<\/strong><\/p>\n<tr>SijaKuljettajaAutoAika<\/tr>\n<tr>\n<td class=\"has-text-align-left\" data-align=\"left\">1.<\/td>\n<td class=\"has-text-align-left\" data-align=\"left\">Sami Pajari<\/td>\n<td class=\"has-text-align-left\" data-align=\"left\">Toyota<\/td>\n<td class=\"has-text-align-left\" data-align=\"left\">2.36.29,8<\/td>\n<\/tr>\n<tr>\n<td class=\"has-text-align-left\" data-align=\"left\">2.<\/td>\n<td class=\"has-text-align-left\" data-align=\"left\">Hayden Paddon<\/td>\n<td class=\"has-text-align-left\" data-align=\"left\">Hyundai<\/td>\n<td class=\"has-text-align-left\" data-align=\"left\">+27,6<\/td>\n<\/tr>\n<tr>\n<td class=\"has-text-align-left\" data-align=\"left\">3.<\/td>\n<td class=\"has-text-align-left\" data-align=\"left\">Elfyn Evans<\/td>\n<td class=\"has-text-align-left\" data-align=\"left\">Toyota<\/td>\n<td class=\"has-text-align-left\" data-align=\"left\">+56,9<\/td>\n<\/tr>\n<tr>\n<td class=\"has-text-align-left\" data-align=\"left\">4.<\/td>\n<td class=\"has-text-align-left\" data-align=\"left\">Adrien Fourmaux<\/td>\n<td class=\"has-text-align-left\" data-align=\"left\">Hyundai<\/td>\n<td class=\"has-text-align-left\" data-align=\"left\">+1.12,9<\/td>\n<\/tr>\n<tr>\n<td class=\"has-text-align-left\" data-align=\"left\">5.<\/td>\n<td class=\"has-text-align-left\" data-align=\"left\">Josh McErlean<\/td>\n<td class=\"has-text-align-left\" data-align=\"left\">Ford<\/td>\n<td class=\"has-text-align-left\" data-align=\"left\">+3.27,5<\/td>\n<\/tr>\n<tr>\n<td class=\"has-text-align-left\" data-align=\"left\">6.<\/td>\n<td class=\"has-text-align-left\" data-align=\"left\">Oliver Solberg<\/td>\n<td class=\"has-text-align-left\" data-align=\"left\">Toyota<\/td>\n<td class=\"has-text-align-left\" data-align=\"left\">+3.41,0<\/td>\n<\/tr>\n<tr>\n<td class=\"has-text-align-left\" data-align=\"left\">7.<\/td>\n<td class=\"has-text-align-left\" data-align=\"left\">Diego Dominguez<\/td>\n<td class=\"has-text-align-left\" data-align=\"left\">Toyota<\/td>\n<td class=\"has-text-align-left\" data-align=\"left\">+5.45,1<\/td>\n<\/tr>\n<tr>\n<td class=\"has-text-align-left\" data-align=\"left\">8.<\/td>\n<td class=\"has-text-align-left\" data-align=\"left\">Gus Greensmith<\/td>\n<td class=\"has-text-align-left\" data-align=\"left\">Toyota<\/td>\n<td class=\"has-text-align-left\" data-align=\"left\">+6.12,3<\/td>\n<\/tr>\n<tr>\n<td class=\"has-text-align-left\" data-align=\"left\">9.<\/td>\n<td class=\"has-text-align-left\" data-align=\"left\">Jon Armstrong<\/td>\n<td class=\"has-text-align-left\" data-align=\"left\">Ford<\/td>\n<td class=\"has-text-align-left\" data-align=\"left\">+6.49,0<\/td>\n<\/tr>\n<p class=\"wp-block-paragraph\"><strong>Paraguayn MM-rallin EK-aikataulu (Suomen aikaa):<\/strong><\/p>\n<p><strong>Torstai 27.8.<\/strong><\/p>\n<p><a href=\"https:\/\/www.rallit.fi\/paraguayn-mm-rallin-testipatkalla-jysahti-iso-yllatys\/\" rel=\"nofollow noopener\" target=\"_blank\">17.01 Testierikoiskoe: Carmen del Parana (5,60 km)<\/a><\/p>\n<p><strong>Perjantai 28.8.<\/strong><\/p>\n<p><a href=\"https:\/\/www.rallit.fi\/ek1-heti-rajua-draamaa-paraguayn-mm-rallissa-toyota-kuski-keskeytti-rysayksen-jalkeen\/\" rel=\"nofollow noopener\" target=\"_blank\">15.03 EK1: Cambyreta 1 (24,65 km)<\/a><br \/><a href=\"https:\/\/www.rallit.fi\/ek2-lisaa-draamaa-toyotalle-olen-pahoillani\/\" rel=\"nofollow noopener\" target=\"_blank\">15.56 EK2: Nueva Alborada 1 (15,66 km)<br \/><\/a><a href=\"https:\/\/www.rallit.fi\/ek4-dramaattinen-aamu-paraguayssa-tata-karkikaksikkoa-tuskin-kukaan-osasi-veikata\/\" rel=\"nofollow noopener\" target=\"_blank\">16.49 EK3: Yerbateras 1 (34,08 km)<br \/>17.50 EK4: Autodromo 1 (2,50 km)<\/a><br \/>19.06 Huolto (30 min)<br \/><a href=\"https:\/\/www.rallit.fi\/ek5-hyundai-tahti-aloitti-takaa-ajon-se-on-pelin-tarkoitus\/\" rel=\"nofollow noopener\" target=\"_blank\">20.19 EK5: Cambyreta 2 (24,65 km)<\/a><br \/><a href=\"https:\/\/www.rallit.fi\/ek6-tulosruletti-pyorahti-jalleen-karkitaistelu-meni-aarimmaisen-tiukaksi\/\" rel=\"nofollow noopener\" target=\"_blank\">21.12 EK6: Nueva Alborada 2 (15,66 km)<br \/><\/a><a href=\"https:\/\/www.rallit.fi\/ek7-jalleen-rajua-draamaa-evans-karsi-rengasrikosta-isosti-sami-pajari-nousi-rallin-karkeen\/\" rel=\"nofollow noopener\" target=\"_blank\">22.05 EK7: Yerbateras 2 (34,08 km)<br \/><\/a><a href=\"https:\/\/www.rallit.fi\/ek8-sami-pajari-johtaa-paraguayn-mm-rallia-kolmas-voitto-putkeen-kiikarissa\/\" rel=\"nofollow noopener\" target=\"_blank\">23.18 EK8: Autodromo 2 (2,50 km)<\/a><\/p>\n<p><strong>Lauantai 29.8.<\/strong><\/p>\n<p><a href=\"https:\/\/www.rallit.fi\/ek9-sami-pajari-kasvatti-eroa-haastajaansa-paljon-on-viela-tapahtumassa\/\" rel=\"nofollow noopener\" target=\"_blank\">14.19 EK9: Bella Vista 1 (21,15 km)<\/a><br \/><a href=\"https:\/\/www.rallit.fi\/ek10-sami-pajari-repi-lisaa-eroa-hyundai-kuskilta-huolestuttava-kommentti\/\" rel=\"nofollow noopener\" target=\"_blank\">15.12 EK10: Bella Vista Sur 1 (10,95 km)<br \/><\/a><a href=\"https:\/\/www.rallit.fi\/ek11-sami-pajarin-vahva-meno-jatkuu-haastattelijan-kysymys-saikaytti-suomalaisen\/\" rel=\"nofollow noopener\" target=\"_blank\">16.05 EK11: Hohenau 1 (19,40 km)<br \/><\/a><a href=\"https:\/\/www.rallit.fi\/ek12-paraguayn-mm-ralli-etenee-sami-pajarin-komennossa\/\" rel=\"nofollow noopener\" target=\"_blank\">17.02 EK12: Trinidad 1 (14,82 km)<\/a><br \/>18.17 Huolto (30 min)<br \/><a href=\"https:\/\/www.rallit.fi\/ek13-sami-pajari-teki-harvinaisen-virheen-syyllinen-loytyi-nopeasti\/\" rel=\"nofollow noopener\" target=\"_blank\">20.16 EK13: Bella Vista 2 (21,15 km)<\/a><br \/><a href=\"https:\/\/www.rallit.fi\/ek14-hyundai-kuski-loi-poytaan-hurjan-ajan-selvastikaan-han-ei-valita\/\" rel=\"nofollow noopener\" target=\"_blank\">21.09 EK14: Bella Vista Sur 2 (10,95 km)<br \/><\/a>22.05 EK15: Hohenau 2 (19,40 km)<br \/>23.02 EK16: Trinidad 2 (14,82 km)<br \/>00.05 EK17: Encarnaci\u00f3n Costanera (3,10 km)<\/p>\n<p><strong>Sunnuntai 30.8.<\/strong><\/p>\n<p>13.05 EK18: Encarnaci\u00f3n 1 (10,21 km)<br \/>14.38 EK19: Artigas 1 (19,63 km)<br \/>16.51 EK20: Artigas Oeste (8,44 km)<br \/>17.43 EK21: Artigas 2 (19,63 km)<br \/>20.15 EK22: Encarnaci\u00f3n 2 (10,21 km)<\/p>\n","protected":false},"excerpt":{"rendered":"Fourmaux iski j\u00e4lleen kovan pohja-ajan tauluun kisan 15. erikoiskokeella ja nousi vain 16 sekunnin p\u00e4\u00e4h\u00e4n podiumista ja kisassa&hellip;\n","protected":false},"author":2,"featured_media":336747,"comment_status":"","ping_status":"","sticky":false,"template":"","format":"standard","meta":{"footnotes":"","_share_on_mastodon":"0"},"categories":[5],"tags":[7357,22,23,41706,6556,26,27,33,31,30,41707,18228,17,15461,24,25,28,29,15,15692,18,21,3540,5803,32,19,20,16],"class_list":["post-336746","post","type-post","status-publish","format-standard","has-post-thumbnail","category-otsikot","tag-adrien-fourmaux","tag-breaking-news","tag-breakingnews","tag-diego-dominguez","tag-elfyn-evans","tag-featured-news","tag-featurednews","tag-fi","tag-finland","tag-finnish","tag-gus-greensmith","tag-hayden-paddon","tag-headlines","tag-josh-mcerlean","tag-latest-news","tag-latestnews","tag-main-news","tag-mainnews","tag-news","tag-oliver-solberg","tag-otsikot","tag-paauutiset","tag-rallin-mm-sarja","tag-sami-pajari","tag-suomi","tag-top-stories","tag-topstories","tag-uutiset"],"share_on_mastodon":{"url":"https:\/\/pubeurope.com\/@fi\/117181490467612088","error":""},"_links":{"self":[{"href":"https:\/\/www.europesays.com\/fi\/wp-json\/wp\/v2\/posts\/336746","targetHints":{"allow":["GET"]}}],"collection":[{"href":"https:\/\/www.europesays.com\/fi\/wp-json\/wp\/v2\/posts"}],"about":[{"href":"https:\/\/www.europesays.com\/fi\/wp-json\/wp\/v2\/types\/post"}],"author":[{"embeddable":true,"href":"https:\/\/www.europesays.com\/fi\/wp-json\/wp\/v2\/users\/2"}],"replies":[{"embeddable":true,"href":"https:\/\/www.europesays.com\/fi\/wp-json\/wp\/v2\/comments?post=336746"}],"version-history":[{"count":0,"href":"https:\/\/www.europesays.com\/fi\/wp-json\/wp\/v2\/posts\/336746\/revisions"}],"wp:featuredmedia":[{"embeddable":true,"href":"https:\/\/www.europesays.com\/fi\/wp-json\/wp\/v2\/media\/336747"}],"wp:attachment":[{"href":"https:\/\/www.europesays.com\/fi\/wp-json\/wp\/v2\/media?parent=336746"}],"wp:term":[{"taxonomy":"category","embeddable":true,"href":"https:\/\/www.europesays.com\/fi\/wp-json\/wp\/v2\/categories?post=336746"},{"taxonomy":"post_tag","embeddable":true,"href":"https:\/\/www.europesays.com\/fi\/wp-json\/wp\/v2\/tags?post=336746"}],"curies":[{"name":"wp","href":"https:\/\/api.w.org\/{rel}","templated":true}]}}