{"id":336766,"date":"2026-08-30T00:42:08","date_gmt":"2026-08-30T00:42:08","guid":{"rendered":"https:\/\/www.europesays.com\/fi\/336766\/"},"modified":"2026-08-30T00:42:08","modified_gmt":"2026-08-30T00:42:08","slug":"bild-stubbilta-arvio-venajan-seuraavasta-siirrosta","status":"publish","type":"post","link":"https:\/\/www.europesays.com\/fi\/336766\/","title":{"rendered":"Bild: Stubbilta arvio Ven\u00e4j\u00e4n seuraavasta siirrosta"},"content":{"rendered":"<p>Stubb kommentoi saksalaislehden haastattelussa Nato-pelotetta ja saksalaiselta lentokent\u00e4lt\u00e4 l\u00f6ydetty\u00e4 droonia.<\/p>\n<p><img decoding=\"async\" class=\"image image-show image-preview\" src=\"https:\/\/www.europesays.com\/fi\/wp-content\/uploads\/2026\/08\/353af618d01efc89443248af84ae93e559f415c0482721a3b077d4f429fc62ee.jpg\" alt=\"\"\/><img decoding=\"async\" class=\"image image-show\" src=\"https:\/\/www.europesays.com\/fi\/wp-content\/uploads\/2026\/08\/1788050528_228_353af618d01efc89443248af84ae93e559f415c0482721a3b077d4f429fc62ee.jpg\" alt=\"\"\/><\/p>\n<p>Alexander Stubb uskoo Naton puolustusliiton olevan tehokas pelote. Kuvituskuva. Miia Sir\u00e9n<\/p>\n<p class=\"paragraph\">Tasavallan presidentti <a href=\"https:\/\/www.iltalehti.fi\/henkilot\/Alexander Stubb\" class=\"article-link-person-page\" rel=\"nofollow noopener\" target=\"_blank\">Alexander Stubb<\/a> ei usko, ett\u00e4 Ven\u00e4j\u00e4 hy\u00f6kk\u00e4isi tulevaisuudessa Nato-maata vastaan. Saksalaislehti <a href=\"https:\/\/www.bild.de\/politik\/ausland-und-internationales\/finnen-praesident-stubb-widerspricht-deutschland-putin-wird-nato-nicht-angreifen-6a92ee10518a586e1855c84e\" target=\"_blank\" rel=\"noopener nofollow\">Bildille<\/a> antamassaan haastattelussa Stubb kertoo luottavansa maailman vahvimman sotilasliiton pelotevaikutuksen olevan tehokas.<\/p>\n<p class=\"paragraph\">Sek\u00e4 Saksan puolustusministeri\u00f6 ett\u00e4 <a href=\"https:\/\/www.wsj.com\/world\/europe\/u-s-intel-finds-putin-could-test-natos-resolve-with-limited-incursion-e3b02e2c\" target=\"_blank\" rel=\"noopener nofollow\">Yhdysvallat<\/a> ovat esitt\u00e4neet arvioita, ett\u00e4 Ven\u00e4j\u00e4 voisi hy\u00f6k\u00e4t\u00e4 Nato-maata vastaan vuoteen 2029 menness\u00e4.<\/p>\n<p class=\"paragraph\">\u2013 En sano: &#8217;Rentoutukaa.&#8217; Pit\u00e4\u00e4 aina varautua pahimpaan, jotta se voidaan est\u00e4\u00e4, Stubb kertoo.<\/p>\n<p>N\u00e4in Stubb arvioi Ven\u00e4j\u00e4n sotilasvoimia<\/p>\n<p class=\"paragraph\">Stubb pit\u00e4\u00e4 todenn\u00e4k\u00f6isen\u00e4, ett\u00e4 Ven\u00e4j\u00e4 j\u00e4rjest\u00e4\u00e4 syksyll\u00e4 liikekannallepanon, sill\u00e4 Kremlin muut keinot sotatoimien voimistamiseen alkavat olla rajalliset.<\/p>\n<p class=\"paragraph\">Maan taloudellisista ja sotilaallisista ongelmista huolimatta Ven\u00e4j\u00e4 ei luovu sodasta helpolla, Stubb arvioi.<\/p>\n<p class=\"paragraph\">\u2013 Ven\u00e4j\u00e4ll\u00e4 on k\u00e4rsiv\u00e4llisyytt\u00e4, Ven\u00e4j\u00e4ll\u00e4 on sitkeytt\u00e4. Joten Ven\u00e4j\u00e4n on tultava itse siihen johtop\u00e4\u00e4t\u00f6kseen, ett\u00e4 t\u00e4m\u00e4n sodan jatkaminen ei en\u00e4\u00e4 hy\u00f6dyt\u00e4 hallintoa \u2013 miten se sitten oman voittonsa m\u00e4\u00e4ritteleekin, Stubb kommentoi.<\/p>\n<p class=\"paragraph\">Presidentin arvion mukaan Ukrainalla on sodassa yliote.<\/p>\n<p>\u201dP\u00e4\u00e4 kylm \u00e4n\u00e4\u201d<\/p>\n<p class=\"paragraph\">Stubbilta pyydettiin kommenttia my\u00f6s saksalaiselta lentokent\u00e4lt\u00e4 elokuussa tehtyihin droonil\u00f6yt\u00f6ihin.<\/p>\n<p class=\"paragraph\">\u2013 Mielest\u00e4ni on eritt\u00e4in t\u00e4rke\u00e4\u00e4 pit\u00e4\u00e4 p\u00e4\u00e4 kylm\u00e4n\u00e4 t\u00e4llaisissa asioissa, Stubb sanoi.<\/p>\n<p class=\"paragraph\">Eurooppalaista politiikkaa seuraava <a href=\"https:\/\/www.politico.eu\/article\/friedrich-merz-berlin-sanctions-russia-vladimir-putin-leipzig-attach-ascalate\/\" target=\"_blank\" rel=\"noopener nofollow\">Politico-lehti<\/a> raportoi lauantaina, ett\u00e4 Saksa aikoo syytt\u00e4\u00e4 hybridi-iskun yrityksest\u00e4 Ven\u00e4j\u00e4n valtiota. Jo aiemmin elokuussa maan sis\u00e4ministeri <a href=\"https:\/\/www.iltalehti.fi\/henkilot\/Alexander Dobrindt\" class=\"article-link-person-page\" rel=\"nofollow noopener\" target=\"_blank\">Alexander Dobrindt<\/a> sanoi <a href=\"https:\/\/www.iltalehti.fi\/ulkomaat\/f80f5e89-71e8-4943-8a85-65231ceebb37\" rel=\"nofollow noopener\" target=\"_blank\">merkkien viittaavan<\/a> siihen, ett\u00e4 kyseess\u00e4 on valtiollinen tekij\u00e4.<\/p>\n","protected":false},"excerpt":{"rendered":"Stubb kommentoi saksalaislehden haastattelussa Nato-pelotetta ja saksalaiselta lentokent\u00e4lt\u00e4 l\u00f6ydetty\u00e4 droonia. Alexander Stubb uskoo Naton puolustusliiton olevan tehokas pelote.&hellip;\n","protected":false},"author":2,"featured_media":336767,"comment_status":"","ping_status":"","sticky":false,"template":"","format":"standard","meta":{"footnotes":"","_share_on_mastodon":"0"},"categories":[14],"tags":[35,22,23,26,27,33,31,30,17,24,25,28,29,15,18,21,142,637,886,32,19,20,2534,56,4385,16,59,60,61],"class_list":["post-336766","post","type-post","status-publish","format-standard","has-post-thumbnail","category-ulkomaat","tag-24h","tag-breaking-news","tag-breakingnews","tag-featured-news","tag-featurednews","tag-fi","tag-finland","tag-finnish","tag-headlines","tag-latest-news","tag-latestnews","tag-main-news","tag-mainnews","tag-news","tag-otsikot","tag-paauutiset","tag-poliitikot","tag-politiikka","tag-puolueet","tag-suomi","tag-top-stories","tag-topstories","tag-turvallisuuspolitiikka","tag-ulkomaat","tag-ulkopolitiikka-ja-kansainvalinen-politiikka","tag-uutiset","tag-world","tag-world-news","tag-worldnews"],"share_on_mastodon":{"url":"https:\/\/pubeurope.com\/@fi\/117181687342310392","error":""},"_links":{"self":[{"href":"https:\/\/www.europesays.com\/fi\/wp-json\/wp\/v2\/posts\/336766","targetHints":{"allow":["GET"]}}],"collection":[{"href":"https:\/\/www.europesays.com\/fi\/wp-json\/wp\/v2\/posts"}],"about":[{"href":"https:\/\/www.europesays.com\/fi\/wp-json\/wp\/v2\/types\/post"}],"author":[{"embeddable":true,"href":"https:\/\/www.europesays.com\/fi\/wp-json\/wp\/v2\/users\/2"}],"replies":[{"embeddable":true,"href":"https:\/\/www.europesays.com\/fi\/wp-json\/wp\/v2\/comments?post=336766"}],"version-history":[{"count":0,"href":"https:\/\/www.europesays.com\/fi\/wp-json\/wp\/v2\/posts\/336766\/revisions"}],"wp:featuredmedia":[{"embeddable":true,"href":"https:\/\/www.europesays.com\/fi\/wp-json\/wp\/v2\/media\/336767"}],"wp:attachment":[{"href":"https:\/\/www.europesays.com\/fi\/wp-json\/wp\/v2\/media?parent=336766"}],"wp:term":[{"taxonomy":"category","embeddable":true,"href":"https:\/\/www.europesays.com\/fi\/wp-json\/wp\/v2\/categories?post=336766"},{"taxonomy":"post_tag","embeddable":true,"href":"https:\/\/www.europesays.com\/fi\/wp-json\/wp\/v2\/tags?post=336766"}],"curies":[{"name":"wp","href":"https:\/\/api.w.org\/{rel}","templated":true}]}}