{"id":336790,"date":"2026-08-30T01:34:24","date_gmt":"2026-08-30T01:34:24","guid":{"rendered":"https:\/\/www.europesays.com\/fi\/336790\/"},"modified":"2026-08-30T01:34:24","modified_gmt":"2026-08-30T01:34:24","slug":"maailman-nuorin-monarkki-oyo-nyimba-kabamba-iguru-rukidi-iv-kuollut-34-vuotiaana","status":"publish","type":"post","link":"https:\/\/www.europesays.com\/fi\/336790\/","title":{"rendered":"Maailman nuorin monarkki Oyo Nyimba Kabamba Iguru Rukidi IV kuollut 34-vuotiaana"},"content":{"rendered":"<p>            Alamy \/ All Over Press\n        <\/p>\n<p class=\"subtitle \">Toroon kuningaskunnan hallitsija nousi kuninkaaksi vain 3-vuotiaana.<\/p>\n<p class=\"article-content article-content-width !bg-background\">Tooron kuningas on kuollut 34-vuotiaana.<\/p>\n<p class=\"font-weight-bold m-font-weight-bold article-content article-content-width !bg-background\">Video: Norjan kuningas Harald on kuollut.\u00a0<\/p>\n<p>Nousi valtaan 3-vuotiaana<\/p>\n<p class=\"article-content article-content-width !bg-background\">L\u00e4nsi-Ugandassa sijaitsevaa Tooron kuntaa hallinnut\u00a0\u00a0menehtyi mediatietojen mukaan torstaina. Kuninkaan kuolinsyyt\u00e4 ei ole kerrottu julkisuuteen, mutta kuninkaan kerrottaan olleen vakavasti sairas ja hakeneen hoitoa Yhdysvalloista, <a href=\"https:\/\/www.bbc.com\/news\/articles\/c0j38d9v40po?gsid=505276e9-a80a-491c-9c5f-d5b48778c2fa\" target=\"_blank\" rel=\"nofollow noopener\">BBC<\/a> kertoi perjantaina 28. elokuuta.<\/p>\n<p class=\"article-content article-content-width !bg-background\">Tieto kuolemasta on tullut shokkina kuningaskunnan asukkaille, jotka eiv\u00e4t tienneet kuninkaan olleen sairas.\u00a0<\/p>\n<p class=\"article-content article-content-width !bg-background\">Oyo nousi kuninkaaksi vain kolmevuotiaana h\u00e4nen hallitsijais\u00e4ns\u00e4 kuoltua vuonna 1995. Oyo johti maataan h\u00e4nelle nimitettyjen sijaishallitsijoiden avulla kunnes h\u00e4n t\u00e4ytti 18 vuotta, <a href=\"https:\/\/abcnews.com\/International\/wireStory\/oyo-nyimba-ugandan-boy-king-mesmerized-world-leaders-136023567\" target=\"_blank\" rel=\"nofollow noopener\">ABC<\/a> kertoo.\u00a0<\/p>\n<p>                <img decoding=\"async\" src=\"https:\/\/www.europesays.com\/fi\/wp-content\/uploads\/2026\/08\/2248018.webp\" width=\"576\" height=\"274\" alt=\"Nuori kuningas \u00e4itins\u00e4 kanssa vuonna 2006.\" loading=\"lazy\" \/>            <\/p>\n<p>\n            Nuori kuningas \u00e4itins\u00e4 kanssa vuonna 2006.<br \/>\n            MIKE ODONGKARA \/ All Over Press\n        <\/p>\n<p>        <a itemprop=\"url\" href=\"https:\/\/www.seiska.fi\/kuninkaalliset\/tanskan-malliprinssi-taytti-vuosia-viini-maistui\/2246941\" rel=\"nofollow noopener\" target=\"_blank\"><\/p>\n<p>\nViini maistui!\n<\/p>\n<p class=\"section-date\">\n        <strong class=\"article-section\" data-section=\"kuninkaalliset\"><br \/>\n            kuninkaalliset<br \/>\n        <\/strong><br \/>\n        10:00\n    <\/p>\n<p>Tanskan malliprinssi t\u00e4ytti vuosia: Viini maistui!\n    <\/p>\n<p itemprop=\"description\" class=\"subtitle \">\n    Tanskan hovi julkaisi komean kuvan malliprinssin\u00e4 tunnetusta kreivi Nikolaista.\n<\/p>\n<p>        <\/a><\/p>\n<p>Salainen j\u00e4lkel\u00e4inen<\/p>\n<p class=\"article-content article-content-width !bg-background\">Vaikka Ugandassa on presidentti ja toimiva hallitus, on perinteisten kuningaskuntien hallitsijoilla merkitt\u00e4v\u00e4\u00e4 kulttuurillista vaikutusvaltaa. Kuninkaan rooli on siis ollut ennen kaikkea symbolinen ja historiallinen, eik\u00e4 Oyolla ollut poliittista valtaa.<\/p>\n<p class=\"article-content article-content-width !bg-background\">Guinnessin enn\u00e4tysten kirja nimesi Oyon maailman nuorimmaksi hallitsevaksi monarkiksi.<\/p>\n<p class=\"article-content article-content-width !bg-background\">Toroon p\u00e4\u00e4ministeri kutsui Oyon kuolemaa \u201cmittaamattomaksi menetykseksi\u201d kuninkaalliselle perheelle ja Toroon kansalle.<\/p>\n<p class=\"article-content article-content-width !bg-background\">Oyo ei ollut virallisesti naimisissa, mutta h\u00e4nell\u00e4 oli j\u00e4lkel\u00e4inen, ja prinssin henkil\u00f6llisyys tullaan paljastamaan my\u00f6hemmin.\u00a0<\/p>\n<p class=\"article-content article-content-width !bg-background\"><a href=\"https:\/\/www.bbc.com\/news\/articles\/c0j38d9v40po?gsid=505276e9-a80a-491c-9c5f-d5b48778c2fa\" target=\"_blank\" rel=\"nofollow noopener\">BBC<\/a>:n mukaan Oyo oli kunnioitettu hallitsija, joka edisti el\u00e4m\u00e4ns\u00e4 aikana useita edistyksellisi\u00e4 asioita, kuten HIV\u2013 ja AIDS \u2013tietoisuutta, ymp\u00e4rist\u00f6nsuojelua ja koulutusta.<\/p>\n<p>                <img decoding=\"async\" src=\"https:\/\/www.europesays.com\/fi\/wp-content\/uploads\/2026\/08\/2248020.webp\" width=\"576\" height=\"274\" alt=\"Tooron kuningaskunnan vaakuna.\" loading=\"lazy\" \/>            <\/p>\n<p>\n            Tooron kuningaskunnan vaakuna.<br \/>\n            Alamy \/ All Over Press\n        <\/p>\n<p>        <a itemprop=\"url\" href=\"https:\/\/www.seiska.fi\/kuninkaalliset\/haakonista-norjan-kuningas-ensimmaiset-kuvat-isan-kuoleman-jalkeen-julki\/2247306\" rel=\"nofollow noopener\" target=\"_blank\"><\/p>\n<p>\nHaakonista Norjan kuningas\n<\/p>\n<p class=\"section-date\">\n        <strong class=\"article-section\" data-section=\"kuninkaalliset\"><br \/>\n            kuninkaalliset<br \/>\n        <\/strong><br \/>\n        28.8. 13:55\n    <\/p>\n<p>Haakonista Norjan kuningas: Ensimm\u00e4iset kuvat is\u00e4n kuoleman j\u00e4lkeen julki\n    <\/p>\n<p itemprop=\"description\" class=\"subtitle \">\n    Kun Norjan kansa suree edesmennytt\u00e4 monarkkia, t\u00e4ytyy uuden kuninkaan hoitaa velvollisuuksiaan.\n<\/p>\n<p>        <\/a><\/p>\n","protected":false},"excerpt":{"rendered":"Alamy \/ All Over Press Toroon kuningaskunnan hallitsija nousi kuninkaaksi vain 3-vuotiaana. Tooron kuningas on kuollut 34-vuotiaana. Video:&hellip;\n","protected":false},"author":2,"featured_media":336791,"comment_status":"","ping_status":"","sticky":false,"template":"","format":"standard","meta":{"footnotes":"","_share_on_mastodon":"0"},"categories":[14],"tags":[22,23,26,27,33,31,30,33923,17,683,24,25,28,29,15,385,18,41711,21,32,41710,19,20,56,16,109,59,60,61],"class_list":["post-336790","post","type-post","status-publish","format-standard","has-post-thumbnail","category-ulkomaat","tag-breaking-news","tag-breakingnews","tag-featured-news","tag-featurednews","tag-fi","tag-finland","tag-finnish","tag-guinnessin-ennatysten-kirja","tag-headlines","tag-kuolema","tag-latest-news","tag-latestnews","tag-main-news","tag-mainnews","tag-news","tag-norja","tag-otsikot","tag-oyo-nyimba-kabamba-iguru-rukidi-iv","tag-paauutiset","tag-suomi","tag-tooron-kuningaskunta","tag-top-stories","tag-topstories","tag-ulkomaat","tag-uutiset","tag-viihde","tag-world","tag-world-news","tag-worldnews"],"share_on_mastodon":{"url":"https:\/\/pubeurope.com\/@fi\/117181891875666629","error":""},"_links":{"self":[{"href":"https:\/\/www.europesays.com\/fi\/wp-json\/wp\/v2\/posts\/336790","targetHints":{"allow":["GET"]}}],"collection":[{"href":"https:\/\/www.europesays.com\/fi\/wp-json\/wp\/v2\/posts"}],"about":[{"href":"https:\/\/www.europesays.com\/fi\/wp-json\/wp\/v2\/types\/post"}],"author":[{"embeddable":true,"href":"https:\/\/www.europesays.com\/fi\/wp-json\/wp\/v2\/users\/2"}],"replies":[{"embeddable":true,"href":"https:\/\/www.europesays.com\/fi\/wp-json\/wp\/v2\/comments?post=336790"}],"version-history":[{"count":0,"href":"https:\/\/www.europesays.com\/fi\/wp-json\/wp\/v2\/posts\/336790\/revisions"}],"wp:featuredmedia":[{"embeddable":true,"href":"https:\/\/www.europesays.com\/fi\/wp-json\/wp\/v2\/media\/336791"}],"wp:attachment":[{"href":"https:\/\/www.europesays.com\/fi\/wp-json\/wp\/v2\/media?parent=336790"}],"wp:term":[{"taxonomy":"category","embeddable":true,"href":"https:\/\/www.europesays.com\/fi\/wp-json\/wp\/v2\/categories?post=336790"},{"taxonomy":"post_tag","embeddable":true,"href":"https:\/\/www.europesays.com\/fi\/wp-json\/wp\/v2\/tags?post=336790"}],"curies":[{"name":"wp","href":"https:\/\/api.w.org\/{rel}","templated":true}]}}