{"id":336844,"date":"2026-08-30T03:43:09","date_gmt":"2026-08-30T03:43:09","guid":{"rendered":"https:\/\/www.europesays.com\/fi\/336844\/"},"modified":"2026-08-30T03:43:09","modified_gmt":"2026-08-30T03:43:09","slug":"nain-ultrapikamuotiketju-sheinin-nousukiito-tyssasi","status":"publish","type":"post","link":"https:\/\/www.europesays.com\/fi\/336844\/","title":{"rendered":"N\u00e4in ultrapikamuotiketju Sheinin nousukiito tyss\u00e4si"},"content":{"rendered":"<p>\u00a9 The Financial Times Limited 2026. All Rights Reserved. FT and Financial Times are trademarks of the Financial Times Ltd. Not to be redistributed, copied or modified in any way.<\/p>\n<p>Turun Sanomat is solely responsible for providing this translation and the Financial Times Limited does not accept any liability for the accuracy or quality of the translation.<\/p>\n<p class=\"teksti\">Kev\u00e4\u00e4ll\u00e4 2022 pikamuotiketju Sheinin bisnes kukoisti. Koronapandemian aiheuttamat sulkutoimet ja sosiaalisessa mediassa trendaavat kuvat houkuttelivat nuoria kuluttajia kokeilemaan halvoiksi mutta tre&#8230;<\/p>\n","protected":false},"excerpt":{"rendered":"\u00a9 The Financial Times Limited 2026. All Rights Reserved. FT and Financial Times are trademarks of the Financial&hellip;\n","protected":false},"author":2,"featured_media":336845,"comment_status":"","ping_status":"","sticky":false,"template":"","format":"standard","meta":{"footnotes":"","_share_on_mastodon":"0"},"categories":[76],"tags":[79,77,33,31,30,510,29221,41714,3197,32,78,38952,16,107,1356],"class_list":["post-336844","post","type-post","status-publish","format-standard","has-post-thumbnail","category-talous","tag-business","tag-economy","tag-fi","tag-finland","tag-finnish","tag-kiina","tag-maailma","tag-muotikauppa","tag-porssiyhtiot","tag-suomi","tag-talous","tag-tullimaksut","tag-uutiset","tag-vaatteet","tag-yritykset"],"share_on_mastodon":{"url":"https:\/\/pubeurope.com\/@fi\/117182398887393282","error":""},"_links":{"self":[{"href":"https:\/\/www.europesays.com\/fi\/wp-json\/wp\/v2\/posts\/336844","targetHints":{"allow":["GET"]}}],"collection":[{"href":"https:\/\/www.europesays.com\/fi\/wp-json\/wp\/v2\/posts"}],"about":[{"href":"https:\/\/www.europesays.com\/fi\/wp-json\/wp\/v2\/types\/post"}],"author":[{"embeddable":true,"href":"https:\/\/www.europesays.com\/fi\/wp-json\/wp\/v2\/users\/2"}],"replies":[{"embeddable":true,"href":"https:\/\/www.europesays.com\/fi\/wp-json\/wp\/v2\/comments?post=336844"}],"version-history":[{"count":0,"href":"https:\/\/www.europesays.com\/fi\/wp-json\/wp\/v2\/posts\/336844\/revisions"}],"wp:featuredmedia":[{"embeddable":true,"href":"https:\/\/www.europesays.com\/fi\/wp-json\/wp\/v2\/media\/336845"}],"wp:attachment":[{"href":"https:\/\/www.europesays.com\/fi\/wp-json\/wp\/v2\/media?parent=336844"}],"wp:term":[{"taxonomy":"category","embeddable":true,"href":"https:\/\/www.europesays.com\/fi\/wp-json\/wp\/v2\/categories?post=336844"},{"taxonomy":"post_tag","embeddable":true,"href":"https:\/\/www.europesays.com\/fi\/wp-json\/wp\/v2\/tags?post=336844"}],"curies":[{"name":"wp","href":"https:\/\/api.w.org\/{rel}","templated":true}]}}