{"id":336852,"date":"2026-08-30T03:51:09","date_gmt":"2026-08-30T03:51:09","guid":{"rendered":"https:\/\/www.europesays.com\/fi\/336852\/"},"modified":"2026-08-30T03:51:09","modified_gmt":"2026-08-30T03:51:09","slug":"mallioppilas-suomi-ei-ilmastonmuutosta-ratkaise-mutta-roolimme-onkin-ihan-muu-2","status":"publish","type":"post","link":"https:\/\/www.europesays.com\/fi\/336852\/","title":{"rendered":"Mallioppilas Suomi ei ilmastonmuutosta ratkaise, mutta roolimme onkin ihan muu"},"content":{"rendered":"<p class=\"article__opinion-first-paragraph\">\n      Norja esiintyy maailmalla hyviksen\u00e4, mutta ilmastopiireiss\u00e4 sit\u00e4 kutsutaan ilmastohuumekauppiaaksi.\n    <\/p>\n<p class=\"article__opinion-paragraph\">\n      Suomessa koko vuoden hiilip\u00e4\u00e4st\u00f6t vastaavat vajaan promillen osuutta maailman kokonaism\u00e4\u00e4r\u00e4st\u00e4. Silti Suomi on sitoutunut kunnianhimoisiin ilmastotavoitteisiin.\n    <\/p>\n<p class=\"article__opinion-paragraph\">\n      Kuka oikeasti ratkaisee ilmaston kohtalon?\n    <\/p>\n<p class=\"article__opinion-paragraph\">\n      Meteorologit tiesiv\u00e4t ihmisen aiheuttamasta ilmastonmuutoksesta jo 1970-luvulla. Yli viisikymment\u00e4 vuotta my\u00f6hemmin maailma on yh\u00e4 matkalla kohti l\u00e4hes kolmen asteen l\u00e4mpenemist\u00e4.<\/p>\n<p>    Tilaa Lapin Kansa Digi ensimm\u00e4iset 2 kk yhteens\u00e4 9,90 \u20ac<\/p>\n<p>Rajaton lukuoikeus verkkosivuilla ja sovelluksessa<br \/>\nN\u00e4k\u00f6islehdet ja arkisto<br \/>\nGalleriat, videot ja live-l\u00e4hetykset<br \/>\nPodcastit<br \/>\nP\u00e4ivitt\u00e4iset uutiset s\u00e4hk\u00f6postiisi<\/p>\n","protected":false},"excerpt":{"rendered":"Norja esiintyy maailmalla hyviksen\u00e4, mutta ilmastopiireiss\u00e4 sit\u00e4 kutsutaan ilmastohuumekauppiaaksi. Suomessa koko vuoden hiilip\u00e4\u00e4st\u00f6t vastaavat vajaan promillen osuutta maailman&hellip;\n","protected":false},"author":2,"featured_media":336853,"comment_status":"","ping_status":"","sticky":false,"template":"","format":"standard","meta":{"footnotes":"","_share_on_mastodon":"0"},"categories":[113],"tags":[446,33,31,30,118,32,119,447],"class_list":["post-336852","post","type-post","status-publish","format-standard","has-post-thumbnail","category-ymparisto","tag-environment","tag-fi","tag-finland","tag-finnish","tag-science","tag-suomi","tag-tiede","tag-ymparisto"],"share_on_mastodon":{"url":"https:\/\/pubeurope.com\/@fi\/117182430295027488","error":""},"_links":{"self":[{"href":"https:\/\/www.europesays.com\/fi\/wp-json\/wp\/v2\/posts\/336852","targetHints":{"allow":["GET"]}}],"collection":[{"href":"https:\/\/www.europesays.com\/fi\/wp-json\/wp\/v2\/posts"}],"about":[{"href":"https:\/\/www.europesays.com\/fi\/wp-json\/wp\/v2\/types\/post"}],"author":[{"embeddable":true,"href":"https:\/\/www.europesays.com\/fi\/wp-json\/wp\/v2\/users\/2"}],"replies":[{"embeddable":true,"href":"https:\/\/www.europesays.com\/fi\/wp-json\/wp\/v2\/comments?post=336852"}],"version-history":[{"count":0,"href":"https:\/\/www.europesays.com\/fi\/wp-json\/wp\/v2\/posts\/336852\/revisions"}],"wp:featuredmedia":[{"embeddable":true,"href":"https:\/\/www.europesays.com\/fi\/wp-json\/wp\/v2\/media\/336853"}],"wp:attachment":[{"href":"https:\/\/www.europesays.com\/fi\/wp-json\/wp\/v2\/media?parent=336852"}],"wp:term":[{"taxonomy":"category","embeddable":true,"href":"https:\/\/www.europesays.com\/fi\/wp-json\/wp\/v2\/categories?post=336852"},{"taxonomy":"post_tag","embeddable":true,"href":"https:\/\/www.europesays.com\/fi\/wp-json\/wp\/v2\/tags?post=336852"}],"curies":[{"name":"wp","href":"https:\/\/api.w.org\/{rel}","templated":true}]}}