{"id":336898,"date":"2026-08-30T05:29:18","date_gmt":"2026-08-30T05:29:18","guid":{"rendered":"https:\/\/www.europesays.com\/fi\/336898\/"},"modified":"2026-08-30T05:29:18","modified_gmt":"2026-08-30T05:29:18","slug":"verottaja-haki-pekka-viljakaista-konkurssiin","status":"publish","type":"post","link":"https:\/\/www.europesays.com\/fi\/336898\/","title":{"rendered":"Verottaja haki Pekka Viljakaista konkurssiin"},"content":{"rendered":"<p>Pekka Viljakaista on yritetty tavoitella verovelasta Verohallinnon tietojen mukaan helmikuusta asti.<\/p>\n<p><img decoding=\"async\" class=\"image image-show image-preview\" src=\"https:\/\/www.europesays.com\/fi\/wp-content\/uploads\/2026\/08\/b2cc360d0e3380cca190d103a19a2e0786e97607befb5744ff7174a0a2f423f3.jpg\" alt=\"\"\/><img decoding=\"async\" class=\"image image-show\" src=\"https:\/\/www.europesays.com\/fi\/wp-content\/uploads\/2026\/08\/1788067758_515_b2cc360d0e3380cca190d103a19a2e0786e97607befb5744ff7174a0a2f423f3.jpg\" alt=\"\"\/><\/p>\n<p>Konkurssihakemus. Pekka Viljakaista on yritetty tavoitella verovelasta Verohallinnon tietojen mukaan helmikuusta asti. Antti Mannermaa \/ KL<\/p>\n<p class=\"paragraph\">Verohallinto haki torstaina miljon\u00e4\u00e4risijoittaja <strong>Pekka Viljakaisen<\/strong> toiminime\u00e4 konkurssiin.<\/p>\n<p class=\"paragraph\">Viljakaisen toiminimell\u00e4 on verovelkaa konkurssihakemuksen perusteella 69\u202f000 euroa. Toiminimell\u00e4 toimimisessa erona osakeyhti\u00f6\u00f6n on se, ett\u00e4 velasta vastaa yritt\u00e4j\u00e4 henkil\u00f6kohtaisesti.<\/p>\n<p class=\"paragraph\">Viljakaista on yritetty tavoitella asiasta Verohallinnon tietojen mukaan helmikuusta asti.<\/p>\n<p class=\"paragraph\">Kauppalehden perjantaina tavoittama Viljakainen kommentoi, ett\u00e4 konkurssihakemuksessa on kyse verottajan virheest\u00e4.<\/p>\n<p class=\"paragraph\">\u201dT\u00e4m\u00e4 ei koske mit\u00e4\u00e4n minun varsinaista yhti\u00f6t\u00e4ni, vaan kyseess\u00e4 on mets\u00e4omistuksesta yhdess\u00e4 mets\u00e4yhti\u00f6ss\u00e4, jonka toiminimi on vaihtunut\u201d, h\u00e4n sanoo.<\/p>\n<p class=\"paragraph\">Viljakaisen mukaan h\u00e4n on oikaissut asian nyt, ja konkurssihakemus poistuu muutaman p\u00e4iv\u00e4n sis\u00e4ll\u00e4.<\/p>\n<p class=\"paragraph\">\u201dTyhm\u00e4 juttu sin\u00e4ll\u00e4\u00e4n, mutta kuten sanottu, korjattu.\u201d<\/p>\n<p class=\"paragraph\">Verottaja ei halunnut kommentoida yksitt\u00e4isen asiakkaan asiaa Kauppalehdelle.<\/p>\n<p>Yhti\u00f6ss\u00e4 maksuh\u00e4iri\u00f6it\u00e4 edelleen<\/p>\n<p class=\"paragraph\">Viljakaisen Joroisiin perustamalla Pihlasresort-lomakyl\u00e4ll\u00e4 on ollut omat ongelmansa. Se on painiskellut maksuh\u00e4iri\u00f6iden kanssa, ja siit\u00e4kin on j\u00e4tetty konkurssihakemuksia.<\/p>\n<p class=\"paragraph\">Pihlasresort on ker\u00e4illyt maksuh\u00e4iri\u00f6it\u00e4 aktiivisesti edelleen kes\u00e4n aikana. Touko\u2013elokuun ajalta maksuh\u00e4iri\u00f6merkint\u00f6j\u00e4 on 30, yli 100\u202f000 euron edest\u00e4.<\/p>\n<p class=\"paragraph\">Lomakyl\u00e4n tilanteesta kysytt\u00e4ess\u00e4 Viljakainen kommentoi, ett\u00e4 Pihlasresortista ei ole mit\u00e4\u00e4n maksamatta.<\/p>\n<p class=\"paragraph\">\u201dMiss\u00e4\u00e4n yhti\u00f6ss\u00e4 ei ole mit\u00e4\u00e4n velvoitteita minulla.\u201d<\/p>\n<p class=\"paragraph\">My\u00f6s Viljakaisen Aii Corporation -sijoitusyhti\u00f6t\u00e4 haettiin aiemmin t\u00e4n\u00e4 vuonna konkurssiin. Konkurssihakemus j\u00e4tettiin Helsingin k\u00e4r\u00e4j\u00e4oikeuteen.<\/p>\n<p class=\"paragraph\">Yhti\u00f6n konkurssihakemus on maksukyvytt\u00f6myysrekisterin mukaan peruttu, mutta t\u00e4ll\u00e4kin yhti\u00f6ll\u00e4 on edelleen aktiivisia maksuh\u00e4iri\u00f6merkint\u00f6j\u00e4.<\/p>\n<p class=\"paragraph\">Artikkeli on julkaistu alun perin Kauppalehdess\u00e4.<\/p>\n","protected":false},"excerpt":{"rendered":"Pekka Viljakaista on yritetty tavoitella verovelasta Verohallinnon tietojen mukaan helmikuusta asti. Konkurssihakemus. Pekka Viljakaista on yritetty tavoitella verovelasta&hellip;\n","protected":false},"author":2,"featured_media":336899,"comment_status":"","ping_status":"","sticky":false,"template":"","format":"standard","meta":{"footnotes":"","_share_on_mastodon":"0"},"categories":[76],"tags":[79,77,33,31,30,1167,2456,721,32,78,5289,4004],"class_list":["post-336898","post","type-post","status-publish","format-standard","has-post-thumbnail","category-talous","tag-business","tag-economy","tag-fi","tag-finland","tag-finnish","tag-konkurssi","tag-lainamarkkinat","tag-rahoitus","tag-suomi","tag-talous","tag-talousvaikeudet","tag-yrittajyys"],"share_on_mastodon":{"url":"https:\/\/pubeurope.com\/@fi\/117182816249210050","error":""},"_links":{"self":[{"href":"https:\/\/www.europesays.com\/fi\/wp-json\/wp\/v2\/posts\/336898","targetHints":{"allow":["GET"]}}],"collection":[{"href":"https:\/\/www.europesays.com\/fi\/wp-json\/wp\/v2\/posts"}],"about":[{"href":"https:\/\/www.europesays.com\/fi\/wp-json\/wp\/v2\/types\/post"}],"author":[{"embeddable":true,"href":"https:\/\/www.europesays.com\/fi\/wp-json\/wp\/v2\/users\/2"}],"replies":[{"embeddable":true,"href":"https:\/\/www.europesays.com\/fi\/wp-json\/wp\/v2\/comments?post=336898"}],"version-history":[{"count":0,"href":"https:\/\/www.europesays.com\/fi\/wp-json\/wp\/v2\/posts\/336898\/revisions"}],"wp:featuredmedia":[{"embeddable":true,"href":"https:\/\/www.europesays.com\/fi\/wp-json\/wp\/v2\/media\/336899"}],"wp:attachment":[{"href":"https:\/\/www.europesays.com\/fi\/wp-json\/wp\/v2\/media?parent=336898"}],"wp:term":[{"taxonomy":"category","embeddable":true,"href":"https:\/\/www.europesays.com\/fi\/wp-json\/wp\/v2\/categories?post=336898"},{"taxonomy":"post_tag","embeddable":true,"href":"https:\/\/www.europesays.com\/fi\/wp-json\/wp\/v2\/tags?post=336898"}],"curies":[{"name":"wp","href":"https:\/\/api.w.org\/{rel}","templated":true}]}}