{"id":336906,"date":"2026-08-30T05:42:38","date_gmt":"2026-08-30T05:42:38","guid":{"rendered":"https:\/\/www.europesays.com\/fi\/336906\/"},"modified":"2026-08-30T05:42:38","modified_gmt":"2026-08-30T05:42:38","slug":"550-000-eurolla-keittiotarvikkeita-kalliomaen-palvelukiinteistoon-metos-oy-toimittaa-laitteet-ja-kalusteet-uutiset","status":"publish","type":"post","link":"https:\/\/www.europesays.com\/fi\/336906\/","title":{"rendered":"550\u00a0000 eurolla keitti\u00f6tarvikkeita Kalliom\u00e4en palvelukiinteist\u00f6\u00f6n \u2013 Metos Oy toimittaa laitteet ja kalusteet &#8211; Uutiset"},"content":{"rendered":"<p><a href=\"https:\/\/pirkkalainen.fi\/wp-content\/uploads\/2025\/01\/kalliomaki-havainnekuva-kuva-pirkkalan-kunta.jpg\" data-slb-active=\"1\" data-slb-asset=\"231378511\" data-slb-internal=\"0\" data-slb-group=\"227502\" rel=\"nofollow noopener\" target=\"_blank\"><img data-lazyloaded=\"1\" fetchpriority=\"high\" decoding=\"async\" width=\"1024\" height=\"785\" src=\"https:\/\/www.europesays.com\/fi\/wp-content\/uploads\/2026\/08\/kalliomaki-havainnekuva-kuva-pirkkalan-kunta-1024x785.jpg\" alt=\"\" class=\"wp-image-205907\"  data-\/><\/a>Kalliom\u00e4keen nousee palvelukiinteist\u00f6, johon tehd\u00e4\u00e4n tilat alakoulun, p\u00e4iv\u00e4kodin, esiopetuksen ja kirjaston k\u00e4ytt\u00f6\u00f6n. Havainnekuva: Pirkkalan kunta<\/p>\n<p>RAKENTEILLA olevan Kalliom\u00e4en palvelukiinteist\u00f6n keitti\u00f6n varusteluun uppoaa 547\u00a0665,71 euroa. T\u00e4ll\u00e4 summalla hankitaan palvelukiinteist\u00f6n keitti\u00f6\u00f6n tulevat ammattikeitti\u00f6laitteet ja -kalusteet Metos Oy:lt\u00e4. Viranhaltijap\u00e4\u00e4t\u00f6ksen asiasta teki Pirkkalan kunnan tilapalvelup\u00e4\u00e4llikk\u00f6<strong> Timo Orjala.<\/strong><\/p>\n<p class=\"wp-block-paragraph\">P\u00e4\u00e4t\u00f6sperusteluiden mukaan tilapalvelu on pyyt\u00e4nyt tarjouksen palvelukiinteist\u00f6n keitti\u00f6\u00f6n tulevista ammattikeitti\u00f6laitteista ja -kalusteista hankintatoimisto Kuha Oy:n kilpailuttamalta puitesopimuskumppani Metos Oy Ab:lt\u00e4. Metos on antanut tarjouksen tarvittavista keitt\u00f6laitteista ja -kalusteista kokonaisihintaan 547 665,71 \u20ac + alv.<\/p>\n<p class=\"wp-block-paragraph\">Alakoulun, p\u00e4iv\u00e4kodin, esiopetuksen ja kirjaston k\u00e4ytt\u00f6\u00f6n tulevien tilojen <a href=\"https:\/\/pirkkalainen.fi\/2025\/10\/17\/kalliomaen-palvelukiinteisto-ottaa-ensiaskeleita-perustustyot-kaynnissa-koulu-tulossa-2027\/\" rel=\"nofollow noopener\" target=\"_blank\">on m\u00e4\u00e4r\u00e4 valmistua vajaan kahden vuoden kuluttua kes\u00e4ll\u00e4.<\/a><\/p>\n","protected":false},"excerpt":{"rendered":"Kalliom\u00e4keen nousee palvelukiinteist\u00f6, johon tehd\u00e4\u00e4n tilat alakoulun, p\u00e4iv\u00e4kodin, esiopetuksen ja kirjaston k\u00e4ytt\u00f6\u00f6n. Havainnekuva: Pirkkalan kunta RAKENTEILLA olevan Kalliom\u00e4en&hellip;\n","protected":false},"author":2,"featured_media":336907,"comment_status":"","ping_status":"","sticky":false,"template":"","format":"standard","meta":{"footnotes":"","_share_on_mastodon":"0"},"categories":[86],"tags":[420,33,31,30,41715,421,32,91,92],"class_list":["post-336906","post","type-post","status-publish","format-standard","has-post-thumbnail","category-laitteet","tag-equipment","tag-fi","tag-finland","tag-finnish","tag-kalliomaki","tag-laitteet","tag-suomi","tag-technology","tag-teknologia"],"share_on_mastodon":{"url":"https:\/\/pubeurope.com\/@fi\/117182867207584336","error":""},"_links":{"self":[{"href":"https:\/\/www.europesays.com\/fi\/wp-json\/wp\/v2\/posts\/336906","targetHints":{"allow":["GET"]}}],"collection":[{"href":"https:\/\/www.europesays.com\/fi\/wp-json\/wp\/v2\/posts"}],"about":[{"href":"https:\/\/www.europesays.com\/fi\/wp-json\/wp\/v2\/types\/post"}],"author":[{"embeddable":true,"href":"https:\/\/www.europesays.com\/fi\/wp-json\/wp\/v2\/users\/2"}],"replies":[{"embeddable":true,"href":"https:\/\/www.europesays.com\/fi\/wp-json\/wp\/v2\/comments?post=336906"}],"version-history":[{"count":0,"href":"https:\/\/www.europesays.com\/fi\/wp-json\/wp\/v2\/posts\/336906\/revisions"}],"wp:featuredmedia":[{"embeddable":true,"href":"https:\/\/www.europesays.com\/fi\/wp-json\/wp\/v2\/media\/336907"}],"wp:attachment":[{"href":"https:\/\/www.europesays.com\/fi\/wp-json\/wp\/v2\/media?parent=336906"}],"wp:term":[{"taxonomy":"category","embeddable":true,"href":"https:\/\/www.europesays.com\/fi\/wp-json\/wp\/v2\/categories?post=336906"},{"taxonomy":"post_tag","embeddable":true,"href":"https:\/\/www.europesays.com\/fi\/wp-json\/wp\/v2\/tags?post=336906"}],"curies":[{"name":"wp","href":"https:\/\/api.w.org\/{rel}","templated":true}]}}