{"id":336918,"date":"2026-08-30T05:58:12","date_gmt":"2026-08-30T05:58:12","guid":{"rendered":"https:\/\/www.europesays.com\/fi\/336918\/"},"modified":"2026-08-30T05:58:12","modified_gmt":"2026-08-30T05:58:12","slug":"trumpin-rajua-maahanmuuttopolitiikkaa-kannattanut-aarioikeistojulkkis-karkotetaan-maasta-uutisia-lyhyesti","status":"publish","type":"post","link":"https:\/\/www.europesays.com\/fi\/336918\/","title":{"rendered":"Trumpin rajua maahanmuuttopolitiikkaa kannattanut \u00e4\u00e4rioikeistojulkkis karkotetaan maasta | Uutisia lyhyesti"},"content":{"rendered":"<p class=\"aw__sc-1qwuw0s-0 aw__sc-1vg2sqm-0 epAWpq ecELkD yle__article__paragraph\">Milo Yiannopoulosin vaatima jyrkk\u00e4 maahanmuuttopolitiikka osui h\u00e4neen itseens\u00e4.<\/p>\n<p><img decoding=\"async\" alt=\"Henkil\u00f6 k\u00e4velee kaupungin kadulla ihmisjoukon keskell\u00e4, k\u00e4siss\u00e4\u00e4n ruskea kansio. Taustalla korkeita rakennuksia.\" src=\"https:\/\/www.europesays.com\/fi\/wp-content\/uploads\/2026\/08\/1788065055.jpeg\" class=\"aw__sc-dklauk-0 LPzKX\"\/><\/p>\n<p>Avaa kuvien katselu<\/p>\n<p>Milo Yiannopoulos. Kuva: AOP<\/p>\n<p class=\"aw__sc-1qwuw0s-0 aw__sc-ngllmo-0 epAWpq fzYpjk yle__article__paragraph\">Yhdysvaltain Kotimaan turvallisuuden virasto on karkottanut brittil\u00e4isen \u00e4\u00e4rioikeistojulkkis <strong class=\"aw__sc-ngllmo-2 gdRrun yle__article__strong\">Milo Yiannopoulosin<\/strong>.<\/p>\n<p class=\"aw__sc-1qwuw0s-0 aw__sc-ngllmo-0 epAWpq fzYpjk yle__article__paragraph\">Karkotuksen perusteena oli se, ett\u00e4 Yiannopoulos oli laittomasti maassa. H\u00e4nen oleskelulupansa oli p\u00e4\u00e4ttynyt.<\/p>\n<p class=\"aw__sc-1qwuw0s-0 aw__sc-ngllmo-0 epAWpq fzYpjk yle__article__paragraph\">Yiannopoulos oli Yhdysvaltain \u00e4\u00e4rioikeistopiireiss\u00e4 hyvin tunnettu hahmo. H\u00e4n esitti internetiss\u00e4 \u00e4\u00e4rimm\u00e4isen provokatiivisia n\u00e4kemyksi\u00e4 rajoittamattomasta sanavapaudesta, feminismist\u00e4, islamista, mustista, transsukupuolisista ja maahanmuuttajista.<\/p>\n<p class=\"aw__sc-1qwuw0s-0 aw__sc-ngllmo-0 epAWpq fzYpjk yle__article__paragraph\">H\u00e4n kutsui itse\u00e4\u00e4n \u201dinternetin upeimmaksi super-roistoksi\u201d, kertoo <a class=\"aw__sc-ngllmo-1 bTDnwX yle__article__link\" href=\"https:\/\/www.bbc.com\/news\/articles\/cqlw52vr0dwo\" role=\"link\" rel=\"nofollow noopener\" target=\"_blank\">Britannian yleisradio BBC<\/a>.<\/p>\n<p class=\"aw__sc-1qwuw0s-0 aw__sc-ngllmo-0 epAWpq fzYpjk yle__article__paragraph\">Yiannopoulos tuki vahvasti presidentti Donald Trumpia ja t\u00e4m\u00e4n rajua politiikkaa, joka t\u00e4ht\u00e4si paperittomien siirtolaisten karkottamiseen. H\u00e4nen vaatimuksensa oli: \u201dNolla siirtolaista seuraavien 20 vuoden aikana. Ei mit\u00e4\u00e4n muttia\u201d.<\/p>\n<p class=\"aw__sc-1qwuw0s-0 aw__sc-ngllmo-0 epAWpq fzYpjk yle__article__paragraph\">Yiannopoulos ty\u00f6skenteli jonkin aikaa my\u00f6s \u00e4\u00e4rioikeistolaisella Breitbart News -uutissivustolla, mutta sai potkut, kun julkaisi videon, jolla vaikutti hyv\u00e4ksyv\u00e4n lasten seksuaalisen hyv\u00e4ksik\u00e4yt\u00f6n.<\/p>\n<p class=\"aw__sc-1qwuw0s-0 aw__sc-ngllmo-0 epAWpq fzYpjk yle__article__paragraph\">Yiannopoulos puolustautui kertoen, ett\u00e4 oli itsekin tullut lapsena hyv\u00e4ksik\u00e4ytetyksi. H\u00e4n on my\u00f6s puolustellut hy\u00f6kk\u00e4yksi\u00e4\u00e4n sukupuoliv\u00e4hemmist\u00f6j\u00e4 kohtaan sill\u00e4, ett\u00e4 on itsekin homoseksuaali. Viime aikoina h\u00e4n on kuvannut itse\u00e4\u00e4n \u201dex-homoksi\u201d.<\/p>\n<p class=\"aw__sc-1qwuw0s-0 aw__sc-ngllmo-0 epAWpq fzYpjk yle__article__paragraph\">Viime aikoinaan Yhdysvalloissa Yiannopoulos alkoi arvostella Trumpia, mutta ei koskaan lakannut tukemasta h\u00e4nen maahanmuuttopolitiikkaansa.<\/p>\n<p class=\"aw__sc-1qwuw0s-0 aw__sc-ngllmo-0 epAWpq fzYpjk yle__article__paragraph\">Yiannopoulos ty\u00f6skenteli viime ajat r\u00e4pp\u00e4ri Yelle, eli <strong class=\"aw__sc-ngllmo-2 gdRrun yle__article__strong\">Kanye Westille<\/strong>. T\u00e4ll\u00e4 oli konsertti perjantaina New Orleansissa. T\u00e4st\u00e4 syyst\u00e4 Yiannopoulos otettiin kiinni samassa kaupungissa.<\/p>\n<p class=\"aw__sc-1qwuw0s-0 aw__sc-ngllmo-0 epAWpq fzYpjk yle__article__paragraph\">L\u00e4hteet: AFP, AP<\/p>\n","protected":false},"excerpt":{"rendered":"Milo Yiannopoulosin vaatima jyrkk\u00e4 maahanmuuttopolitiikka osui h\u00e4neen itseens\u00e4. Avaa kuvien katselu Milo Yiannopoulos. Kuva: AOP Yhdysvaltain Kotimaan turvallisuuden&hellip;\n","protected":false},"author":2,"featured_media":336919,"comment_status":"","ping_status":"","sticky":false,"template":"","format":"standard","meta":{"footnotes":"","_share_on_mastodon":"0"},"categories":[5],"tags":[22,23,1775,26,27,33,31,30,17,7300,440,586,24,25,8115,3327,28,29,15,18,21,4991,32,19,20,56,16,619],"class_list":["post-336918","post","type-post","status-publish","format-standard","has-post-thumbnail","category-otsikot","tag-breaking-news","tag-breakingnews","tag-britannia","tag-featured-news","tag-featurednews","tag-fi","tag-finland","tag-finnish","tag-headlines","tag-homoseksuaalisuus","tag-ihmiset","tag-karkotukset","tag-latest-news","tag-latestnews","tag-maahanmuuttajat","tag-maahanmuuttopolitiikka","tag-main-news","tag-mainnews","tag-news","tag-otsikot","tag-paauutiset","tag-sukupuolivahemmistot","tag-suomi","tag-top-stories","tag-topstories","tag-ulkomaat","tag-uutiset","tag-yhdysvallat"],"share_on_mastodon":{"url":"https:\/\/pubeurope.com\/@fi\/117182930471076962","error":""},"_links":{"self":[{"href":"https:\/\/www.europesays.com\/fi\/wp-json\/wp\/v2\/posts\/336918","targetHints":{"allow":["GET"]}}],"collection":[{"href":"https:\/\/www.europesays.com\/fi\/wp-json\/wp\/v2\/posts"}],"about":[{"href":"https:\/\/www.europesays.com\/fi\/wp-json\/wp\/v2\/types\/post"}],"author":[{"embeddable":true,"href":"https:\/\/www.europesays.com\/fi\/wp-json\/wp\/v2\/users\/2"}],"replies":[{"embeddable":true,"href":"https:\/\/www.europesays.com\/fi\/wp-json\/wp\/v2\/comments?post=336918"}],"version-history":[{"count":0,"href":"https:\/\/www.europesays.com\/fi\/wp-json\/wp\/v2\/posts\/336918\/revisions"}],"wp:featuredmedia":[{"embeddable":true,"href":"https:\/\/www.europesays.com\/fi\/wp-json\/wp\/v2\/media\/336919"}],"wp:attachment":[{"href":"https:\/\/www.europesays.com\/fi\/wp-json\/wp\/v2\/media?parent=336918"}],"wp:term":[{"taxonomy":"category","embeddable":true,"href":"https:\/\/www.europesays.com\/fi\/wp-json\/wp\/v2\/categories?post=336918"},{"taxonomy":"post_tag","embeddable":true,"href":"https:\/\/www.europesays.com\/fi\/wp-json\/wp\/v2\/tags?post=336918"}],"curies":[{"name":"wp","href":"https:\/\/api.w.org\/{rel}","templated":true}]}}