{"id":336922,"date":"2026-08-30T06:17:13","date_gmt":"2026-08-30T06:17:13","guid":{"rendered":"https:\/\/www.europesays.com\/fi\/336922\/"},"modified":"2026-08-30T06:17:13","modified_gmt":"2026-08-30T06:17:13","slug":"antti-sainio-solmi-sopimuksen-urheilujatin-kanssa-nain-han-kuvailee-rahasummaa","status":"publish","type":"post","link":"https:\/\/www.europesays.com\/fi\/336922\/","title":{"rendered":"Antti Sainio solmi sopimuksen urheiluj\u00e4tin kanssa \u2013 N\u00e4in h\u00e4n kuvailee rahasummaa"},"content":{"rendered":"<p>Antti Sainion kausi on pit\u00e4nyt sis\u00e4ll\u00e4\u00e4n urheilijana oppimista.<\/p>\n<p><img decoding=\"async\" class=\"image image-show image-preview\" src=\"https:\/\/www.europesays.com\/fi\/wp-content\/uploads\/2026\/08\/7108173f46ece7863535e49417229ff1347d93b2cde52385d82d08570ba1b4f9.jpg\" alt=\"\"\/><img decoding=\"async\" class=\"image image-show\" src=\"https:\/\/www.europesays.com\/fi\/wp-content\/uploads\/2026\/08\/1788070633_952_7108173f46ece7863535e49417229ff1347d93b2cde52385d82d08570ba1b4f9.jpg\" alt=\"\"\/><\/p>\n<p>Antti Sainion takareisi repesi huhtikuussa. Jenni G\u00e4stgivar<\/p>\n<p class=\"paragraph\"><strong>Antti Sainion<\/strong>, 21, kuluva kausi ei alkanut iloisissa merkeiss\u00e4. Huhtikuussa Portugalin leirill\u00e4 takareidess\u00e4 todettiin repe\u00e4m\u00e4.<\/p>\n<p class=\"paragraph\">Vamma oli sellainen, ett\u00e4 jopa leikkausta harkittiin. Akuuttina hetken\u00e4 ratakierroksen aituri ei saanut puettua itse edes housuja tai sukkia jalkaan, vaan tytt\u00f6yst\u00e4v\u00e4 joutui auttamaan.<\/p>\n<p class=\"paragraph\">\u2013 Repesi melkein j\u00e4nne. Siihen n\u00e4hden 49-aika [kauden paras] on tosi hyv\u00e4. Olen tyytyv\u00e4inen, miten saatiin kuntoutettua ja otettiin rauhassa. \u00c4iti on aina sanonut, ett\u00e4 varaudu siihen, ett\u00e4 tulee vaikeampiakin kausia. En ole aiemmin t\u00e4llaista loukkaantumista kokenut.<\/p>\n<p class=\"paragraph\">Sainion kauden paras kirjataan lukemin 49,70. Lauantaina Ruotsi-ottelussa h\u00e4n oli paras suomalainen ajalla 50,14. Edelle enn\u00e4ttiv\u00e4t Ruotsin <strong>Oskar Edlund<\/strong> ja <strong>Carl Bengtstr\u00f6m<\/strong>.<\/p>\n<p class=\"paragraph\">\u2013 Oli ihan kovat vastustajat, olin ihan l\u00f6ys\u00e4, Sainio kuvaili omaa suoristustaan.<\/p>\n<p>Antti Sainio ei ollut tyytyv\u00e4inen omaan suoritukseensa Ruotsi-ottelussa. Jenni G\u00e4stgivar<\/p>\n<p class=\"paragraph\">Sainio on solminut urheiluvaatej\u00e4tti Niken kanssa sopimuksen, joka ulottuu vuoden 2028 Los Angelesin olympialaisiin asti.<\/p>\n<p class=\"paragraph\">\u2013 Sanotaan nyt n\u00e4in, ett\u00e4 eiv\u00e4t ne rahasummat viel\u00e4 mit\u00e4\u00e4n tajunnanr\u00e4j\u00e4ytt\u00e4vi\u00e4 ole, mutta sellaisia, jotka todellakin auttavat eteenp\u00e4in.<\/p>\n<p class=\"paragraph\">Sopimus on helpottanut merkitt\u00e4v\u00e4sti urheilijan taloudellista tilannetta.<\/p>\n<p class=\"paragraph\">\u2013 Pystyy v\u00e4h\u00e4n enemm\u00e4n ottamaan rennosti ja voi vain keskitty\u00e4 t\u00e4h\u00e4n juoksuun. Yleisurheilu on v\u00e4h\u00e4n sellainen laji, ett\u00e4 huiput tienaavat himona. Mutta sitten kun on vasta nousemassa huipulle, rahaa ei tule ovista ja ikkunoista.<\/p>\n","protected":false},"excerpt":{"rendered":"Antti Sainion kausi on pit\u00e4nyt sis\u00e4ll\u00e4\u00e4n urheilijana oppimista. Antti Sainion takareisi repesi huhtikuussa. Jenni G\u00e4stgivar Antti Sainion, 21,&hellip;\n","protected":false},"author":2,"featured_media":336923,"comment_status":"","ping_status":"","sticky":false,"template":"","format":"standard","meta":{"footnotes":"","_share_on_mastodon":"0"},"categories":[158],"tags":[35,33,31,30,100,41,98,103,159,32,160,161],"class_list":["post-336922","post","type-post","status-publish","format-standard","has-post-thumbnail","category-urheilu","tag-24h","tag-fi","tag-finland","tag-finnish","tag-lapset-ja-nuoret","tag-liikunta-ja-urheilu","tag-perhe","tag-sosiaalikysymykset","tag-sports","tag-suomi","tag-urheilu","tag-urheilutapahtumat"],"share_on_mastodon":{"url":"https:\/\/pubeurope.com\/@fi\/117183005078262792","error":""},"_links":{"self":[{"href":"https:\/\/www.europesays.com\/fi\/wp-json\/wp\/v2\/posts\/336922","targetHints":{"allow":["GET"]}}],"collection":[{"href":"https:\/\/www.europesays.com\/fi\/wp-json\/wp\/v2\/posts"}],"about":[{"href":"https:\/\/www.europesays.com\/fi\/wp-json\/wp\/v2\/types\/post"}],"author":[{"embeddable":true,"href":"https:\/\/www.europesays.com\/fi\/wp-json\/wp\/v2\/users\/2"}],"replies":[{"embeddable":true,"href":"https:\/\/www.europesays.com\/fi\/wp-json\/wp\/v2\/comments?post=336922"}],"version-history":[{"count":0,"href":"https:\/\/www.europesays.com\/fi\/wp-json\/wp\/v2\/posts\/336922\/revisions"}],"wp:featuredmedia":[{"embeddable":true,"href":"https:\/\/www.europesays.com\/fi\/wp-json\/wp\/v2\/media\/336923"}],"wp:attachment":[{"href":"https:\/\/www.europesays.com\/fi\/wp-json\/wp\/v2\/media?parent=336922"}],"wp:term":[{"taxonomy":"category","embeddable":true,"href":"https:\/\/www.europesays.com\/fi\/wp-json\/wp\/v2\/categories?post=336922"},{"taxonomy":"post_tag","embeddable":true,"href":"https:\/\/www.europesays.com\/fi\/wp-json\/wp\/v2\/tags?post=336922"}],"curies":[{"name":"wp","href":"https:\/\/api.w.org\/{rel}","templated":true}]}}