{"id":336928,"date":"2026-08-30T06:22:12","date_gmt":"2026-08-30T06:22:12","guid":{"rendered":"https:\/\/www.europesays.com\/fi\/336928\/"},"modified":"2026-08-30T06:22:12","modified_gmt":"2026-08-30T06:22:12","slug":"ammuskelu-sveitsissa-rave-juhlissa-useita-uhreja-uutisia-lyhyesti","status":"publish","type":"post","link":"https:\/\/www.europesays.com\/fi\/336928\/","title":{"rendered":"Ammuskelu Sveitsiss\u00e4 rave-juhlissa \u2013 useita uhreja | Uutisia lyhyesti"},"content":{"rendered":"<p class=\"aw__sc-1qwuw0s-0 aw__sc-1vg2sqm-0 epAWpq ecELkD yle__article__paragraph\">Toistaiseksi ei tiedet\u00e4, onko ammuskelu vaatinut kuolonuhreja.<\/p>\n<p><img decoding=\"async\" alt=\"Poliisiauto ja useita poliiseja seisoo puistomaisella alueella Aarau-nimisell\u00e4 paikalla, kyltiss\u00e4 teksti &quot;Aarau Historische Altstadt&quot;.\" src=\"https:\/\/www.europesays.com\/fi\/wp-content\/uploads\/2026\/08\/1788069628.jpeg\" class=\"aw__sc-dklauk-0 LPzKX\"\/><\/p>\n<p>Avaa kuvien katselu<\/p>\n<p>Aseistautuneet poliisit sulkivat kadun Schachenin raviradan l\u00e4hell\u00e4 Aarau\u2019n l\u00e4hell\u00e4 Sveitsiss\u00e4 30. elokuuta 2026. Kuva: Michael Buholzer \/ EPA<\/p>\n<p class=\"aw__sc-1qwuw0s-0 aw__sc-ngllmo-0 epAWpq fzYpjk yle__article__paragraph\">Sveitsiss\u00e4 on ollut ammuskelu rave-musiikkifestivaaleilla, kertoo <a class=\"aw__sc-ngllmo-1 bTDnwX yle__article__link\" href=\"https:\/\/www.blick.ch\/schweiz\/mittelland\/aargau\/grosseinsatz-von-sicherheitskraeften-laeuft-mehrere-schussabgaben-und-verletzte-beim-aarauer-rave-auf-pferderennbahn-id22220509.html\" role=\"link\" rel=\"nofollow noopener\" target=\"_blank\">sveitsil\u00e4inen Blick-lehti<\/a>.<\/p>\n<p class=\"aw__sc-1qwuw0s-0 aw__sc-ngllmo-0 epAWpq fzYpjk yle__article__paragraph\">Tapahtumapaikka on Pohjois-Sveitsiss\u00e4, Aaraun kaupungissa, joka sijaitsee Aargaun kantonissa. Rave-festivaali oli j\u00e4rjestetty paikallisella raviradalla.<\/p>\n<p class=\"aw__sc-1qwuw0s-0 aw__sc-ngllmo-0 epAWpq fzYpjk yle__article__paragraph\">Paikalta sosiaalisessa mediassa julkaistuissa videoissa kuullaan paljon laukauksia.<\/p>\n<p class=\"aw__sc-1qwuw0s-0 aw__sc-ngllmo-0 epAWpq fzYpjk yle__article__paragraph\">Poliisi kehottaa ihmisi\u00e4 pysym\u00e4\u00e4n sis\u00e4tiloissa.<\/p>\n<p><img decoding=\"async\" alt=\"Karttakuva, jossa Sveitsi on korostettuna keltaisella, sek\u00e4 Aarauksen sijainti merkittyn\u00e4. Yl\u00e4kulmassa Euroopan kartta.\" src=\"https:\/\/www.europesays.com\/fi\/wp-content\/uploads\/2026\/08\/1788069202.jpeg\" loading=\"lazy\" class=\"aw__sc-dklauk-0 LPzKX\"\/><\/p>\n<p>Avaa kuvien katselu<\/p>\n<p>Kuva: Tero Nikulainen \/ Yle, Mapcreator, Openstreetmap <\/p>\n<p class=\"aw__sc-1qwuw0s-0 aw__sc-ngllmo-0 epAWpq fzYpjk yle__article__paragraph\">Silminn\u00e4kij\u00f6iden mukaan useisiin ihmisiin on osunut laukauksia, mutta tiedossa ei viel\u00e4 ole, onko kukaan menett\u00e4nyt henkens\u00e4.<\/p>\n<p class=\"aw__sc-1qwuw0s-0 aw__sc-ngllmo-0 epAWpq fzYpjk yle__article__paragraph\">Alueella on k\u00e4ynniss\u00e4 suuri poliisioperaatio. Tekij\u00f6it\u00e4 ei tiedotusv\u00e4lineiden tietojen mukaan ole saatu kiinni.<\/p>\n<p class=\"aw__sc-1qwuw0s-0 aw__sc-ngllmo-0 epAWpq fzYpjk yle__article__paragraph\">Ammuskelun syyt\u00e4 ei tiedet\u00e4.<\/p>\n<p class=\"aw__sc-1qwuw0s-0 aw__sc-ngllmo-0 epAWpq fzYpjk yle__article__paragraph\">Uutinen p\u00e4ivittyy.<\/p>\n","protected":false},"excerpt":{"rendered":"Toistaiseksi ei tiedet\u00e4, onko ammuskelu vaatinut kuolonuhreja. Avaa kuvien katselu Aseistautuneet poliisit sulkivat kadun Schachenin raviradan l\u00e4hell\u00e4 Aarau\u2019n&hellip;\n","protected":false},"author":2,"featured_media":336929,"comment_status":"","ping_status":"","sticky":false,"template":"","format":"standard","meta":{"footnotes":"","_share_on_mastodon":"0"},"categories":[14],"tags":[1773,22,23,26,27,33,31,30,17,24,25,28,29,15,18,21,581,32,7906,19,20,56,16,40,37,59,60,61],"class_list":["post-336928","post","type-post","status-publish","format-standard","has-post-thumbnail","category-ulkomaat","tag-ampumavalikohtaukset","tag-breaking-news","tag-breakingnews","tag-featured-news","tag-featurednews","tag-fi","tag-finland","tag-finnish","tag-headlines","tag-latest-news","tag-latestnews","tag-main-news","tag-mainnews","tag-news","tag-otsikot","tag-paauutiset","tag-rikokset","tag-suomi","tag-sveitsi","tag-top-stories","tag-topstories","tag-ulkomaat","tag-uutiset","tag-vakivalta","tag-vakivaltarikokset","tag-world","tag-world-news","tag-worldnews"],"share_on_mastodon":{"url":"https:\/\/pubeurope.com\/@fi\/117183024511454485","error":""},"_links":{"self":[{"href":"https:\/\/www.europesays.com\/fi\/wp-json\/wp\/v2\/posts\/336928","targetHints":{"allow":["GET"]}}],"collection":[{"href":"https:\/\/www.europesays.com\/fi\/wp-json\/wp\/v2\/posts"}],"about":[{"href":"https:\/\/www.europesays.com\/fi\/wp-json\/wp\/v2\/types\/post"}],"author":[{"embeddable":true,"href":"https:\/\/www.europesays.com\/fi\/wp-json\/wp\/v2\/users\/2"}],"replies":[{"embeddable":true,"href":"https:\/\/www.europesays.com\/fi\/wp-json\/wp\/v2\/comments?post=336928"}],"version-history":[{"count":0,"href":"https:\/\/www.europesays.com\/fi\/wp-json\/wp\/v2\/posts\/336928\/revisions"}],"wp:featuredmedia":[{"embeddable":true,"href":"https:\/\/www.europesays.com\/fi\/wp-json\/wp\/v2\/media\/336929"}],"wp:attachment":[{"href":"https:\/\/www.europesays.com\/fi\/wp-json\/wp\/v2\/media?parent=336928"}],"wp:term":[{"taxonomy":"category","embeddable":true,"href":"https:\/\/www.europesays.com\/fi\/wp-json\/wp\/v2\/categories?post=336928"},{"taxonomy":"post_tag","embeddable":true,"href":"https:\/\/www.europesays.com\/fi\/wp-json\/wp\/v2\/tags?post=336928"}],"curies":[{"name":"wp","href":"https:\/\/api.w.org\/{rel}","templated":true}]}}