{"id":336938,"date":"2026-08-30T06:44:13","date_gmt":"2026-08-30T06:44:13","guid":{"rendered":"https:\/\/www.europesays.com\/fi\/336938\/"},"modified":"2026-08-30T06:44:13","modified_gmt":"2026-08-30T06:44:13","slug":"kari-sorvalin-kuolinilmoituksessa-erityinen-muistoteksti","status":"publish","type":"post","link":"https:\/\/www.europesays.com\/fi\/336938\/","title":{"rendered":"Kari Sorvalin kuolinilmoituksessa erityinen muistoteksti"},"content":{"rendered":"<p>Kari Sorvali kuoli 20. kes\u00e4kuuta. <\/p>\n<p><img decoding=\"async\" class=\"image image-show image-preview\" src=\"https:\/\/www.europesays.com\/fi\/wp-content\/uploads\/2026\/08\/28cbaecc20f02e577c9a5e0d2325494fbb02634d1414c45dfcf35796c2fba0b9.png\" alt=\"\"\/><img decoding=\"async\" class=\"image image-show\" src=\"https:\/\/www.europesays.com\/fi\/wp-content\/uploads\/2026\/08\/1788072253_464_28cbaecc20f02e577c9a5e0d2325494fbb02634d1414c45dfcf35796c2fba0b9.png\" alt=\"\"\/><\/p>\n<p>Kari Sorvali oli kuollessaan 74-vuotias. Ari Lahti \/ AOP<\/p>\n<p class=\"paragraph\">N\u00e4yttelij\u00e4 <a href=\"https:\/\/www.iltalehti.fi\/henkilot\/Kari Sorvali\" class=\"article-link-person-page\" rel=\"nofollow noopener\" target=\"_blank\">Kari Sorvalin<\/a> kuolinilmoitus on julkaistu sunnuntaina 30. elokuuta <a href=\"https:\/\/www.hs.fi\/lehdet\/\" target=\"_blank\" rel=\"noopener nofollow\">Helsingin Sanomissa<\/a>.<\/p>\n<p class=\"paragraph\">Sorvali kuoli 74 vuoden i\u00e4ss\u00e4 20. kes\u00e4kuuta.<\/p>\n<p class=\"paragraph\">Kuolinilmoituksessa on henkil\u00f6kohtainen muistoteksti.<\/p>\n<p class=\"paragraph\">\u2013 Kiitos puhtaasta ja ehdottomasta rakkaudestasi. Kiitos lempe\u00e4st\u00e4 huolenpidosta. Kiitos herkkyydest\u00e4 ja ainutlaatuisesta omaper\u00e4isyydest\u00e4si. Voi kun voitaisiin viel\u00e4 halata ja sy\u00f6d\u00e4 sun valmistamaa siskonmakkarakeittoa. Lep\u00e4\u00e4 ja lenn\u00e4 vapaana ja onnellisena maailmankaikkeuden tosi kaunis seikkailija, HS:ss\u00e4 kirjoitetaan.<\/p>\n<p>Kuvakaappaus Sorvalin kuolinilmoituksesta HS:n digilehdest\u00e4. Kuvakaappaus \/ Helsingin Sanomat<\/p>\n<p class=\"paragraph\">L\u00e4heiset sanovat kuolinilmoituksessa rakastavansa Sorvalia ikuisesti. Kuolinilmoitukseen on kirjattu lukuisten Sorvalin sukulaisten ja l\u00e4heisten nimet. Ensimm\u00e4isen\u00e4 allekirjoittajana on puoliso, n\u00e4yttelij\u00e4 <a href=\"https:\/\/www.iltalehti.fi\/henkilot\/Miitta Sorvali\" class=\"article-link-person-page\" rel=\"nofollow noopener\" target=\"_blank\">Miitta Sorvali<\/a>.<\/p>\n<p class=\"paragraph\">Miitta ja Kari Sorvalilla on kaksi lasta ja kolme lastenlasta. Kari Sorvali tapasi pitk\u00e4aikaisen puolisonsa jo Teatterikorkeakoulussa. Pari piti yht\u00e4 48 vuoden ajan miehen kuolemaan saakka.<\/p>\n<p class=\"paragraph\">Miitta Sorvali kertoi Iltalehdelle elokuun alussa Kari Sorvalin viimeisist\u00e4 ajoista.<\/p>\n<p class=\"paragraph\">\u2013 H\u00e4n sai olla viimeiset nelj\u00e4 kuukautta ihan t\u00e4\u00e4ll\u00e4 kotona, mist\u00e4 olemme kiitollisia. H\u00e4n sairasti pitk\u00e4aikaisesti ja lopulta kuoli, Miitta kertoi Iltalehdelle.<\/p>\n<p class=\"paragraph\">\u2013 Olemme kiitollisia, ett\u00e4 saimme olla loppuun asti h\u00e4nen kanssaan. H\u00e4n sai kuolla kotona, kuten oli toivonut, ja l\u00e4heistens\u00e4 l\u00e4sn\u00e4 ollessa, puoliso lis\u00e4si.<\/p>\n<p class=\"paragraph\">Kari Sorvalin siunaustilaisuus toimitettiin kuolinilmoituksen mukaan T\u00f6\u00f6l\u00f6n kirkossa. Miitta Sorvalin mukaan hautajaiset j\u00e4rjestettiin l\u00e4heisten kesken.<\/p>\n<p class=\"paragraph\">\u2013 Ne olivat oikein hienot, vanhanaikaiset hautajaiset. Hietaniemen hautausmaalla on h\u00e4nen hautansa, Miitta kommentoi lyhyesti.<\/p>\n<p>Sorvalit olivat naimisissa vuodesta 1978 asti. KARI LAAKSO<\/p>\n","protected":false},"excerpt":{"rendered":"Kari Sorvali kuoli 20. kes\u00e4kuuta. Kari Sorvali oli kuollessaan 74-vuotias. Ari Lahti \/ AOP N\u00e4yttelij\u00e4 Kari Sorvalin kuolinilmoitus&hellip;\n","protected":false},"author":2,"featured_media":336939,"comment_status":"","ping_status":"","sticky":false,"template":"","format":"standard","meta":{"footnotes":"","_share_on_mastodon":"0"},"categories":[130],"tags":[35,137,33,31,30,3674,379,98,32,485,140,109],"class_list":["post-336938","post","type-post","status-publish","format-standard","has-post-thumbnail","category-viihde","tag-24h","tag-entertainment","tag-fi","tag-finland","tag-finnish","tag-juhla-ja-vapaapaivat","tag-kirjallisuus","tag-perhe","tag-suomi","tag-taide-yleista","tag-tv-ja-elokuvat","tag-viihde"],"share_on_mastodon":{"url":"https:\/\/pubeurope.com\/@fi\/117183110643190157","error":""},"_links":{"self":[{"href":"https:\/\/www.europesays.com\/fi\/wp-json\/wp\/v2\/posts\/336938","targetHints":{"allow":["GET"]}}],"collection":[{"href":"https:\/\/www.europesays.com\/fi\/wp-json\/wp\/v2\/posts"}],"about":[{"href":"https:\/\/www.europesays.com\/fi\/wp-json\/wp\/v2\/types\/post"}],"author":[{"embeddable":true,"href":"https:\/\/www.europesays.com\/fi\/wp-json\/wp\/v2\/users\/2"}],"replies":[{"embeddable":true,"href":"https:\/\/www.europesays.com\/fi\/wp-json\/wp\/v2\/comments?post=336938"}],"version-history":[{"count":0,"href":"https:\/\/www.europesays.com\/fi\/wp-json\/wp\/v2\/posts\/336938\/revisions"}],"wp:featuredmedia":[{"embeddable":true,"href":"https:\/\/www.europesays.com\/fi\/wp-json\/wp\/v2\/media\/336939"}],"wp:attachment":[{"href":"https:\/\/www.europesays.com\/fi\/wp-json\/wp\/v2\/media?parent=336938"}],"wp:term":[{"taxonomy":"category","embeddable":true,"href":"https:\/\/www.europesays.com\/fi\/wp-json\/wp\/v2\/categories?post=336938"},{"taxonomy":"post_tag","embeddable":true,"href":"https:\/\/www.europesays.com\/fi\/wp-json\/wp\/v2\/tags?post=336938"}],"curies":[{"name":"wp","href":"https:\/\/api.w.org\/{rel}","templated":true}]}}