{"id":336968,"date":"2026-08-30T07:36:14","date_gmt":"2026-08-30T07:36:14","guid":{"rendered":"https:\/\/www.europesays.com\/fi\/336968\/"},"modified":"2026-08-30T07:36:14","modified_gmt":"2026-08-30T07:36:14","slug":"mtvn-meteorologi-aleksi-jokela-sai-yllattavaa-katsojapalautetta-pukeutumisestaan","status":"publish","type":"post","link":"https:\/\/www.europesays.com\/fi\/336968\/","title":{"rendered":"MTV:n meteorologi Aleksi Jokela sai yll\u00e4tt\u00e4v\u00e4\u00e4 katsojapalautetta pukeutumisestaan"},"content":{"rendered":"<p>            Atte Kajova\n        <\/p>\n<p class=\"subtitle \">Aleksin saamassa katsojapalautteessa tapahtui huima muutos.<\/p>\n<p class=\"article-content article-content-width !bg-background\">MTV:n meteorologi  kertoi syksyll\u00e4 2024 <a href=\"https:\/\/www.iltalehti.fi\/viihdeuutiset\/a\/85c7e184-4b56-41ab-895e-6a5f5a66cd3e\" target=\"_blank\" rel=\"nofollow noopener\">Iltalehdelle <\/a>saaneensa toisinaan katsojapalautetta omasta pukeutumistyylist\u00e4\u00e4n.<\/p>\n<p class=\"font-weight-bold m-font-weight-bold article-content article-content-width !bg-background\">Katso my\u00f6s! N\u00e4in julkkikset valehtelevat:<\/p>\n<p class=\"article-content article-content-width !bg-background\">Palautteiden seasta l\u00f6ytyi my\u00f6s paljon kehuja, mutta mieleen olivat j\u00e4\u00e4neet erityisesti katsojien l\u00e4hett\u00e4m\u00e4t erikoiset huomautukset h\u00e4nen vaatteistaan.<\/p>\n<p>        <a itemprop=\"url\" href=\"https:\/\/www.seiska.fi\/kotimaa\/mtv-kirsi-alm-siira-toikkaroi-umpihumalassa\/2019709\" rel=\"nofollow noopener\" target=\"_blank\"><\/p>\n<p>\nMTV\n<\/p>\n<p class=\"section-date\">\n        <strong class=\"article-section\" data-section=\"kotimaa\"><br \/>\n            kotimaa<br \/>\n        <\/strong><br \/>\n        12.12.2025 08:58\n    <\/p>\n<p>MTV: Kirsi Alm-Siira toikkaroi umpihumalassa\n    <\/p>\n<p itemprop=\"description\" class=\"subtitle \">\n    Kirsi kirjoittaa, ettei somekansan jakamilla tuomioilla ole juuri tekemist\u00e4 teon tahallisuuden kanssa.\n<\/p>\n<p>        <\/a><\/p>\n<p class=\"article-content article-content-width !bg-background\"> \u2013 Aika v\u00e4h\u00e4n saan palautetta s\u00e4\u00e4ennusteisiin liittyen. Ei yleens\u00e4 tule palautetta, jos on ennuste mennyt pieleen. Enemm\u00e4n tulee palautetta muista jutuista.<\/p>\n<p class=\"article-content article-content-width !bg-background\"> \u2013 Joskus on tullut kommentti: \u201dEtk\u00f6 osaa pukeutua etiketin mukaisesti? Sinulla oli alin nappi kiinni, se kuuluu olla auki!\u201d. Tied\u00e4n sen kyll\u00e4, mutta minusta se n\u00e4ytt\u00e4\u00e4 itsell\u00e4ni paremmalta, jos napit ovat kiinni, Aleksi lausui tuolloin IL:lle. <\/p>\n<p>Yll\u00e4tt\u00e4v\u00e4t seuraukset!<\/p>\n<p class=\"article-content article-content-width !bg-background\">Otsikot Aleksin saamasta vihapalautteesta saivat aikaan yll\u00e4tt\u00e4v\u00e4n vastaliikkeen.<\/p>\n<p class=\"article-content article-content-width !bg-background\"> \u2013 Sen j\u00e4lkeen aloinkin saamaan todella paljon positiivisia kommentteja, se oli ihanaa, Aleksi kertoo Seiskalle Pirunpelin lehdist\u00f6tilaisuudessa.<\/p>\n<p>                <img decoding=\"async\" src=\"https:\/\/www.europesays.com\/fi\/wp-content\/uploads\/2026\/08\/2246678.webp\" width=\"576\" height=\"720\" alt=\"Aleksi edusti Pirunpelin lehdist\u00f6tilaisuudessa tyypilliseen tapaansa tyylikk\u00e4\u00e4n\u00e4. Aleksi kilpailee formaatin toisella tuotantokaudella yhdess\u00e4 13 muun julkisuudesta tunnetun henkil\u00f6n kanssa.\" loading=\"lazy\" \/>            <\/p>\n<p>\n            Aleksi edusti Pirunpelin lehdist\u00f6tilaisuudessa tyypilliseen tapaansa tyylikk\u00e4\u00e4n\u00e4. Aleksi kilpailee formaatin toisella tuotantokaudella yhdess\u00e4 13 muun julkisuudesta tunnetun henkil\u00f6n kanssa.<br \/>\n            Atte Kajova\n        <\/p>\n<p class=\"article-content article-content-width !bg-background\">Aleksi kertoo MTV:n meteorologien saavan valita asunsa tv-l\u00e4hetyksiin itse omista vaatekaapeistaan.<\/p>\n<p class=\"article-content article-content-width !bg-background\"> \u2013 Meill\u00e4 ei ole puvustajaa kuka sanoisi mit\u00e4 pit\u00e4isi olla p\u00e4\u00e4ll\u00e4.<\/p>\n<p>        <a itemprop=\"url\" href=\"https:\/\/www.seiska.fi\/kotimaa\/tahtijuontajan-akkilahto-nyt-puhuu-mtvn-iso-pomo\/1834878\" rel=\"nofollow noopener\" target=\"_blank\"><\/p>\n<p>\nT\u00e4htijuontajan \u00e4kkil\u00e4ht\u00f6\n<\/p>\n<p class=\"section-date\">\n        <strong class=\"article-section\" data-section=\"kotimaa\"><br \/>\n            kotimaa<br \/>\n        <\/strong><br \/>\n        12.6.2025 11:33\n    <\/p>\n<p>T\u00e4htijuontajan \u00e4kkil\u00e4ht\u00f6: Nyt puhuu MTV:n iso pomo!\n    <\/p>\n<p itemprop=\"description\" class=\"subtitle \">\n    Toni Immonen ehti olla monessa mukana MTV:ll\u00e4.\n<\/p>\n<p>        <\/a><\/p>\n<p class=\"article-content article-content-width !bg-background\">Aleksi tykk\u00e4\u00e4 pukeutua televisioon persoonallisesti, mutta huomaa vuosien varrella muokanneensa tyyli\u00e4\u00e4n kokoajan pelkistetymp\u00e4\u00e4n suuntaan.<\/p>\n<p class=\"article-content article-content-width !bg-background\"> \u2013 Se tekee esiintymisest\u00e4 sujuvampaa ja itsevarmempaa, kun saa itse valita mit\u00e4 pukee p\u00e4\u00e4lle.<\/p>\n","protected":false},"excerpt":{"rendered":"Atte Kajova Aleksin saamassa katsojapalautteessa tapahtui huima muutos. MTV:n meteorologi kertoi syksyll\u00e4 2024 Iltalehdelle saaneensa toisinaan katsojapalautetta omasta&hellip;\n","protected":false},"author":2,"featured_media":336969,"comment_status":"","ping_status":"","sticky":false,"template":"","format":"standard","meta":{"footnotes":"","_share_on_mastodon":"0"},"categories":[130],"tags":[41577,137,33,31,30,3882,212,2376,6659,32,41720,109],"class_list":["post-336968","post","type-post","status-publish","format-standard","has-post-thumbnail","category-viihde","tag-aleksi-jokela","tag-entertainment","tag-fi","tag-finland","tag-finnish","tag-katsojapalaute","tag-lifestyle","tag-mtv","tag-pukeutumistyyli","tag-suomi","tag-televisioesiintyminen","tag-viihde"],"share_on_mastodon":{"url":"https:\/\/pubeurope.com\/@fi\/117183315396004620","error":""},"_links":{"self":[{"href":"https:\/\/www.europesays.com\/fi\/wp-json\/wp\/v2\/posts\/336968","targetHints":{"allow":["GET"]}}],"collection":[{"href":"https:\/\/www.europesays.com\/fi\/wp-json\/wp\/v2\/posts"}],"about":[{"href":"https:\/\/www.europesays.com\/fi\/wp-json\/wp\/v2\/types\/post"}],"author":[{"embeddable":true,"href":"https:\/\/www.europesays.com\/fi\/wp-json\/wp\/v2\/users\/2"}],"replies":[{"embeddable":true,"href":"https:\/\/www.europesays.com\/fi\/wp-json\/wp\/v2\/comments?post=336968"}],"version-history":[{"count":0,"href":"https:\/\/www.europesays.com\/fi\/wp-json\/wp\/v2\/posts\/336968\/revisions"}],"wp:featuredmedia":[{"embeddable":true,"href":"https:\/\/www.europesays.com\/fi\/wp-json\/wp\/v2\/media\/336969"}],"wp:attachment":[{"href":"https:\/\/www.europesays.com\/fi\/wp-json\/wp\/v2\/media?parent=336968"}],"wp:term":[{"taxonomy":"category","embeddable":true,"href":"https:\/\/www.europesays.com\/fi\/wp-json\/wp\/v2\/categories?post=336968"},{"taxonomy":"post_tag","embeddable":true,"href":"https:\/\/www.europesays.com\/fi\/wp-json\/wp\/v2\/tags?post=336968"}],"curies":[{"name":"wp","href":"https:\/\/api.w.org\/{rel}","templated":true}]}}