{"id":336980,"date":"2026-08-30T08:02:09","date_gmt":"2026-08-30T08:02:09","guid":{"rendered":"https:\/\/www.europesays.com\/fi\/336980\/"},"modified":"2026-08-30T08:02:09","modified_gmt":"2026-08-30T08:02:09","slug":"karita-tykka-huomasi-muutoksen-itsessaan","status":"publish","type":"post","link":"https:\/\/www.europesays.com\/fi\/336980\/","title":{"rendered":"Karita Tykk\u00e4 huomasi muutoksen itsess\u00e4\u00e4n"},"content":{"rendered":"<p>            Timo Korhonen\n        <\/p>\n<p class=\"subtitle \">Karitan el\u00e4m\u00e4ss\u00e4 on tapahtunut yl\u00e4tt\u00e4vi\u00e4kin muutoksia.<\/p>\n<p class=\"article-content article-content-width !bg-background\">Hyvinvointiyritt\u00e4j\u00e4 , 49, el\u00e4m\u00e4ss\u00e4 puhaltavat uudet tuulet.\u00a0<\/p>\n<p class=\"font-weight-bold m-font-weight-bold article-content article-content-width !bg-background\">Video: Karita Tykk\u00e4 ja Sami Saikkonen kuhertelivat arvoalueella:<\/p>\n<p class=\"article-content article-content-width !bg-background\">Karita ja tanssija-koreografi , 59, julkistivat kihlauksensa viime viikonloppuna. Kaksikon romanssi paljastui kev\u00e4\u00e4ll\u00e4, ja kihlauksestakin ehti liikkua huhuja pariskunnan nimett\u00f6miin ilmestyneiden sormusten my\u00f6t\u00e4.\u00a0<\/p>\n<p class=\"article-content article-content-width !bg-background\">Sek\u00e4 Karitalla ett\u00e4 Samilla on takanaan kaatuneet avioliitot. Karitan ja  avioero tuli voimaan tammikuussa. Sami taasen haki avioeroa ex-puolisonsa  kanssa toukokuussa 2025.\u00a0<\/p>\n<p>        <a itemprop=\"url\" href=\"https:\/\/www.seiska.fi\/kotimaa\/kihlautunut-karita-tykka-vihjailevana-suunnitelmistaan-sami-saikkosen-kanssa\/2242676\" rel=\"nofollow noopener\" target=\"_blank\"><\/p>\n<p>\nKihlautunut Karita Tykk\u00e4\n<\/p>\n<p class=\"section-date\">\n        <strong class=\"article-section\" data-section=\"kotimaa\"><br \/>\n            kotimaa<br \/>\n        <\/strong><br \/>\n        24.8. 12:55\n    <\/p>\n<p>Kihlautunut Karita Tykk\u00e4 vihjailevana suunnitelmistaan Sami Saikkosen kanssa\n    <\/p>\n<p itemprop=\"description\" class=\"subtitle \">\n    Karita ja Sami kertoivat kihlautumisestaan viikonloppuna. Nyt Karita vihjaa pariskunnan tulevaisuudesta.\n<\/p>\n<p>        <\/a><\/p>\n<p>                <img decoding=\"async\" src=\"https:\/\/www.europesays.com\/fi\/wp-content\/uploads\/2026\/08\/2248134.webp\" width=\"576\" height=\"720\" alt=\"Karita l\u00f6ysi eron j\u00e4lkeen uuden rakkauden. Arkistokuva 2025.\" loading=\"lazy\" \/>            <\/p>\n<p>\n            Karita l\u00f6ysi eron j\u00e4lkeen uuden rakkauden. Arkistokuva 2025.<br \/>\n            ATTE KAJOVA\n        <\/p>\n<p class=\"article-content article-content-width !bg-background\">Eronsa j\u00e4lkeen Karita muutti hulppeaan omakotitaloon merelliseen Espooseen. Nyky\u00e4\u00e4n lukaalissa aikaansa viett\u00e4\u00e4 Karitan ja t\u00e4m\u00e4n -pojan lis\u00e4ksi runsaasti my\u00f6s Sami.\u00a0<\/p>\n<p>Yll\u00e4tt\u00e4v\u00e4 muutos<\/p>\n<p class=\"article-content article-content-width !bg-background\">Muutokset asumiskuvioissa ja rakkausrintamalla eiv\u00e4t kuitenkaan ole ainoita, joita Karitan el\u00e4m\u00e4ss\u00e4 on tapahtunut. Miss Suomeksikin vuonna 1997 kruunattu Karita kertoo Instagram-tarinoissaan (29.9.) huomanneensa itsess\u00e4\u00e4n yll\u00e4tt\u00e4v\u00e4n muutoksen.<\/p>\n<p>        <a itemprop=\"url\" href=\"https:\/\/www.seiska.fi\/kotimaa\/karita-tykka-ja-sami-saikkonen-odotettu-ilouutinen\/2242096\" rel=\"nofollow noopener\" target=\"_blank\"><\/p>\n<p>\nKarita Tykk\u00e4 ja Sami Saikkonen\n<\/p>\n<p class=\"section-date\">\n        <strong class=\"article-section\" data-section=\"kotimaa\"><br \/>\n            kotimaa<br \/>\n        <\/strong><br \/>\n        23.8. 09:00\n    <\/p>\n<p>Karita Tykk\u00e4 ja Sami Saikkonen: Odotettu ilouutinen!\n    <\/p>\n<p itemprop=\"description\" class=\"subtitle \">\n    Pariskunnalle satelee onnitteluviestej\u00e4.\n<\/p>\n<p>        <\/a><\/p>\n<p class=\"article-content article-content-width !bg-background\">Karitan mukaan h\u00e4nen silmiens\u00e4 v\u00e4ri on muuttunut viime vuosina.\u00a0<\/p>\n<p class=\"article-content article-content-width !bg-background\">\u2013 Vihre\u00e4\u00e4 tullut enemm\u00e4n esiin\u00a0\u2013 onko se edes mahdollista? Karita h\u00e4mm\u00e4stelee julkaisussaan, joka poistuu sunnuntain aikana.\u00a0<\/p>\n<p class=\"article-content article-content-width !bg-background\">\u2013 Voiko silmien v\u00e4ri oikeasti muuttua? Ja jos voi, niin mist\u00e4 se johtuu? Karita kysyy videolla.\u00a0<\/p>\n<p>Kyll\u00e4 voi!<\/p>\n<p class=\"article-content article-content-width !bg-background\">Karitan kummastelussa on per\u00e4\u00e4, sill\u00e4 useimmiten ihmisen silm\u00e4t eiv\u00e4t en\u00e4\u00e4 juuri muuta v\u00e4ri\u00e4\u00e4n aikuisi\u00e4ll\u00e4.\u00a0<\/p>\n<p class=\"article-content article-content-width !bg-background\">Monet hakevatkin muutosta ulkon\u00e4k\u00f6\u00f6ns\u00e4 v\u00e4rillisill\u00e4 piilolinsseill\u00e4. Nyky\u00e4\u00e4n silmien v\u00e4ri\u00e4 on mahdollista muokata my\u00f6s laserleikkauksella, jonka riskit tosin ovat suuret.\u00a0<\/p>\n<p class=\"article-content article-content-width !bg-background\">Tutkimukset kuitenkin osoittavat, ett\u00e4 <a href=\"https:\/\/pubmed.ncbi.nlm.nih.gov\/9152135\/\" target=\"_blank\" rel=\"nofollow noopener\">osalla ihmisist\u00e4 silmien v\u00e4ri muuttuu viel\u00e4 aikuisenakin<\/a>. <a href=\"https:\/\/yle.fi\/a\/3-6169480\" target=\"_blank\" rel=\"nofollow noopener\">V\u00e4riin vaikuttaa melaniinin m\u00e4\u00e4r\u00e4<\/a>.\u00a0<\/p>\n<p>        <a itemprop=\"url\" href=\"https:\/\/www.seiska.fi\/vain-seiskassa\/karita-tykka-ja-sami-saikkonen-herattivat-huomiota-porissa-kuvat\/2236232\" rel=\"nofollow noopener\" target=\"_blank\"><\/p>\n<p>\nKuvat!\n<\/p>\n<p class=\"section-date\">\n        <strong class=\"article-section\" data-section=\"vain seiskassa\"><br \/>\n            vain seiskassa<br \/>\n        <\/strong><br \/>\n        16.8. 21:00\n    <\/p>\n<p>Karita Tykk\u00e4 ja Sami Saikkonen her\u00e4ttiv\u00e4t huomiota Porissa \u2013 kuvat!\n    <\/p>\n<p itemprop=\"description\" class=\"subtitle \">\n    Karita ja Sami viettiv\u00e4t hotelliy\u00f6n Porissa.\n<\/p>\n<p>        <\/a><\/p>\n","protected":false},"excerpt":{"rendered":"Timo Korhonen Karitan el\u00e4m\u00e4ss\u00e4 on tapahtunut yl\u00e4tt\u00e4vi\u00e4kin muutoksia. Hyvinvointiyritt\u00e4j\u00e4 , 49, el\u00e4m\u00e4ss\u00e4 puhaltavat uudet tuulet.\u00a0 Video: Karita Tykk\u00e4&hellip;\n","protected":false},"author":2,"featured_media":336981,"comment_status":"","ping_status":"","sticky":false,"template":"","format":"standard","meta":{"footnotes":"","_share_on_mastodon":"0"},"categories":[130],"tags":[137,33,31,30,4835,2423,212,11944,1496,17513,9601,41721,32,3884,109],"class_list":["post-336980","post","type-post","status-publish","format-standard","has-post-thumbnail","category-viihde","tag-entertainment","tag-fi","tag-finland","tag-finnish","tag-karita-tykka","tag-kihlaus","tag-lifestyle","tag-muutos","tag-parisuhde","tag-sami-saikkonen","tag-silmat","tag-silmien-vari","tag-suomi","tag-ulkonako","tag-viihde"],"share_on_mastodon":{"url":"https:\/\/pubeurope.com\/@fi\/117183417749781142","error":""},"_links":{"self":[{"href":"https:\/\/www.europesays.com\/fi\/wp-json\/wp\/v2\/posts\/336980","targetHints":{"allow":["GET"]}}],"collection":[{"href":"https:\/\/www.europesays.com\/fi\/wp-json\/wp\/v2\/posts"}],"about":[{"href":"https:\/\/www.europesays.com\/fi\/wp-json\/wp\/v2\/types\/post"}],"author":[{"embeddable":true,"href":"https:\/\/www.europesays.com\/fi\/wp-json\/wp\/v2\/users\/2"}],"replies":[{"embeddable":true,"href":"https:\/\/www.europesays.com\/fi\/wp-json\/wp\/v2\/comments?post=336980"}],"version-history":[{"count":0,"href":"https:\/\/www.europesays.com\/fi\/wp-json\/wp\/v2\/posts\/336980\/revisions"}],"wp:featuredmedia":[{"embeddable":true,"href":"https:\/\/www.europesays.com\/fi\/wp-json\/wp\/v2\/media\/336981"}],"wp:attachment":[{"href":"https:\/\/www.europesays.com\/fi\/wp-json\/wp\/v2\/media?parent=336980"}],"wp:term":[{"taxonomy":"category","embeddable":true,"href":"https:\/\/www.europesays.com\/fi\/wp-json\/wp\/v2\/categories?post=336980"},{"taxonomy":"post_tag","embeddable":true,"href":"https:\/\/www.europesays.com\/fi\/wp-json\/wp\/v2\/tags?post=336980"}],"curies":[{"name":"wp","href":"https:\/\/api.w.org\/{rel}","templated":true}]}}