{"id":337014,"date":"2026-08-30T08:56:20","date_gmt":"2026-08-30T08:56:20","guid":{"rendered":"https:\/\/www.europesays.com\/fi\/337014\/"},"modified":"2026-08-30T08:56:20","modified_gmt":"2026-08-30T08:56:20","slug":"somesta-tuttu-amski-joutuu-tyossaan-oikomaan-tekoalyn-virheita-mieluummin-kuvia-pelloilta-kuin-tarkastajia-satakunta","status":"publish","type":"post","link":"https:\/\/www.europesays.com\/fi\/337014\/","title":{"rendered":"Somesta tuttu Amski joutuu ty\u00f6ss\u00e4\u00e4n oikomaan teko\u00e4lyn virheit\u00e4: \u201dMieluummin kuvia pelloilta kuin tarkastajia\u201d | Satakunta"},"content":{"rendered":"<p class=\"aw__sc-1qwuw0s-0 aw__sc-1vg2sqm-0 epAWpq ecELkD yle__article__paragraph\">Ruokaviraston satelliitti\u00adseuranta aiheutti viime vuonna l\u00e4hes 80\u00a0000 selvitys\u00adpyynt\u00f6\u00e4. Teko\u00e4ly valvoo peltotukia, mutta tekee yh\u00e4 paljon virheit\u00e4.<\/p>\n<p>Videolla Amski Tarkkio kertoo, miten teko\u00e4lyn valvonta toimii ja mit\u00e4 h\u00e4n siit\u00e4 ajattelee. Video: Katja Halinen \/ Yle<\/p>\n<ul class=\"aw__sc-1yb43iq-0 gFXHv yle__article__list yle__article__list--ul\">\n<li class=\"aw__sc-1yb43iq-1 gVAzbt\">Peltotukien satelliittiseuranta aiheutti viime vuonna 79\u00a0700 selvityspyynt\u00f6\u00e4 maanviljelij\u00f6ille.<\/li>\n<li class=\"aw__sc-1yb43iq-1 gVAzbt\">Teko\u00e4ly vertaa satelliittikuvia tukihakemuksiin. Suuri osa selvityspyynn\u00f6ist\u00e4 on virheellisi\u00e4, mutta j\u00e4rjestelm\u00e4 on kehittynyt.<\/li>\n<li class=\"aw__sc-1yb43iq-1 gVAzbt\">L\u00e4hes kaikki pyynn\u00f6t hyv\u00e4ksyt\u00e4\u00e4n, kun viljelij\u00e4 l\u00e4hett\u00e4\u00e4 itse ottamansa valokuvat.<\/li>\n<li class=\"aw__sc-1yb43iq-1 gVAzbt\">Maanviljelij\u00e4t pit\u00e4v\u00e4t satelliittivalvontaa tasapuolisena tapana valvoa tukiehtoja.<\/li>\n<\/ul>\n<p class=\"aw__sc-1qwuw0s-0 aw__sc-ngllmo-0 epAWpq fzYpjk yle__article__paragraph\">Maatilojen peltotukiin kohdennettu satelliittiseuranta aiheutti viime vuonna valtakunnallisesti 79\u00a0700 selvityspyynt\u00f6\u00e4 maanviljelij\u00f6ille.<\/p>\n<p class=\"aw__sc-1qwuw0s-0 aw__sc-ngllmo-0 epAWpq fzYpjk yle__article__paragraph\">Pelk\u00e4st\u00e4\u00e4n Satakunnassa kaikkiaan 2\u00a0500 maatilalle l\u00e4hetettiin yhteens\u00e4 5\u00a0500 selvityspyynt\u00f6\u00e4.<\/p>\n<p class=\"aw__sc-1qwuw0s-0 aw__sc-ngllmo-0 epAWpq fzYpjk yle__article__paragraph\">Ruokaviraston selvityspyynt\u00f6 l\u00e4htee maanviljelij\u00e4lle silloin, kun satelliittikuva on ristiriidassa viljelij\u00e4n ilmoittaman tukihakemuksen kanssa.<\/p>\n<p class=\"aw__sc-1qwuw0s-0 aw__sc-ngllmo-0 epAWpq fzYpjk yle__article__paragraph\">Satakuntalainen maanviljelij\u00e4, sosiaalisesta mediastakin tuttu <strong class=\"aw__sc-ngllmo-2 gdRrun yle__article__strong\">Anne-Mari \u201dAmski\u201d Tarkkio<\/strong> viljelee t\u00e4n\u00e4 vuonna vehn\u00e4\u00e4, ohraa, ruista, hernett\u00e4 ja hein\u00e4\u00e4 sek\u00e4 hakee tukea saneerauskasveille ja riistapelloille.<\/p>\n<p class=\"aw__sc-1qwuw0s-0 aw__sc-ngllmo-0 epAWpq fzYpjk yle__article__paragraph\">T\u00e4n\u00e4 kes\u00e4n\u00e4 Tarkkio on saanut nelj\u00e4 selvityspyynt\u00f6\u00e4, kun viime vuonna niit\u00e4 kertyi kahdeksan.<\/p>\n<p><img decoding=\"async\" alt=\"Aurinkoisella s\u00e4\u00e4ll\u00e4 otettu kuva vihre\u00e4st\u00e4 pellosta, jonka ymp\u00e4rill\u00e4 kasvaa mets\u00e4\u00e4.\" src=\"https:\/\/www.europesays.com\/fi\/wp-content\/uploads\/2026\/08\/1787727844.jpeg\" loading=\"lazy\" class=\"aw__sc-dklauk-0 LPzKX\"\/><\/p>\n<p>Avaa kuvien katselu<\/p>\n<p>Ruokavirasto on m\u00e4\u00e4ritellyt riistapellon koon ja siemenseoksen sek\u00e4 sen hoidon tarkasti tukiehtojen t\u00e4yttymiseksi. Kuva: Katja Halinen \/ YleTeknologia ei ymm\u00e4rr\u00e4 riista- tai saneerauspeltoja<\/p>\n<p class=\"aw__sc-1qwuw0s-0 aw__sc-ngllmo-0 epAWpq fzYpjk yle__article__paragraph\">Satelliittiseurannan k\u00f6mpelyys korostuu erityisesti silloin, kun pellolla kasvaa useita eri kasvilajeja.<\/p>\n<p class=\"aw__sc-1qwuw0s-0 aw__sc-ngllmo-0 epAWpq fzYpjk yle__article__paragraph\">Esimerkiksi riistapellolla pit\u00e4\u00e4 kasvattaa monipuolisesti mets\u00e4n el\u00e4imille sopivaa ravintoa.<\/p>\n<p class=\"aw__sc-1qwuw0s-0 aw__sc-ngllmo-0 epAWpq fzYpjk yle__article__paragraph\">Tukiehtojen seuraamiseen kehitetty Vipu-sovellus ilmoitti Tarkkiolle, ettei satelliittikuvasta voi p\u00e4\u00e4tell\u00e4, vastaako h\u00e4nen riistapeltonsa tukihakemusta.<\/p>\n<p><img decoding=\"async\" alt=\"Henkil\u00f6 pitelee \u00e4lypuhelinta k\u00e4dess\u00e4\u00e4n vihre\u00e4n nurmikon \u00e4\u00e4rell\u00e4, n\u00e4yt\u00f6ll\u00e4 n\u00e4kyy lista tarkistettavista pelloista.\" src=\"https:\/\/www.europesays.com\/fi\/wp-content\/uploads\/2026\/08\/1787670884.jpeg\" loading=\"lazy\" class=\"aw__sc-dklauk-0 LPzKX\"\/><\/p>\n<p>Avaa kuvien katselu<\/p>\n<p>Selvityspyynn\u00f6n saatuaan maanviljelij\u00e4n pit\u00e4\u00e4 k\u00e4yd\u00e4 ottamassa pelloltaan kuva Vipu-sovelluksella ja todentaa satelliittikuvan tiedot v\u00e4\u00e4riksi.  Kuva: Katja Halinen \/ Yle<\/p>\n<p class=\"aw__sc-1qwuw0s-0 aw__sc-ngllmo-0 epAWpq fzYpjk yle__article__paragraph\">T\u00e4ll\u00e4 kertaa Tarkkio pystyi helposti osoittamaan valokuvalla pellon olevan kunnossa. Saneerauspelto puolestaan aiheuttaa enemm\u00e4n huolta.<\/p>\n<p class=\"aw__sc-1qwuw0s-0 aw__sc-ngllmo-0 epAWpq fzYpjk yle__article__paragraph\">Saneerauspelto parantaa maaper\u00e4\u00e4, jotta siit\u00e4 tulisi tulevaisuudessa ravinteikkaampi. T\u00e4t\u00e4 varten Tarkkio on istuttanut peltoonsa \u00f6ljyretikkaa, sikuria ja sinappia.<\/p>\n<p><img decoding=\"async\" alt=\"Pelto, jossa kasvaa paikoittain vihre\u00e4\u00e4 kasvustoa, taustalla mets\u00e4ist\u00e4 kasvillisuutta.\" src=\"https:\/\/www.europesays.com\/fi\/wp-content\/uploads\/2026\/08\/1787727892.jpeg\" loading=\"lazy\" class=\"aw__sc-dklauk-0 LPzKX\"\/><\/p>\n<p>Avaa kuvien katselu<\/p>\n<p>Satelliittikuvan perusteella saneerauspellon kasvuala ei vastaa ilmoitettua. Tarkkion mukaan alue olisi pit\u00e4nyt muokata kaivinkoneella, jotta se ei olisi j\u00e4\u00e4nyt liian kosteaksi.  Kuva: Katja Halinen \/ Yle<\/p>\n<p class=\"aw__sc-1qwuw0s-0 aw__sc-ngllmo-0 epAWpq fzYpjk yle__article__paragraph\">Pellon keskiosa j\u00e4i alkukes\u00e4st\u00e4 liian kosteaksi, jolloin kasvusto j\u00e4i harvaksi. Satelliittikuva paljasti poikkeaman, ja t\u00e4ll\u00e4 kertaa selvityspyynt\u00f6 oli aiheellinen.<\/p>\n<p class=\"aw__sc-1qwuw0s-0 aw__sc-ngllmo-0 epAWpq fzYpjk yle__article__paragraph\">Tarkkio arvelee, ett\u00e4 tuki j\u00e4\u00e4 kyseisen pellon osalta saamatta. T\u00e4ss\u00e4 tapauksessa teko\u00e4lyn ja algoritmien p\u00e4\u00e4ttely oli oikeassa.<\/p>\n<p><img decoding=\"async\" alt=\"Henkil\u00f6 seisoo aurinkoisella, vihre\u00e4ll\u00e4 niityll\u00e4 mets\u00e4n reunalla pit\u00e4en k\u00e4nnykk\u00e4\u00e4 k\u00e4dess\u00e4\u00e4n.\" src=\"https:\/\/www.europesays.com\/fi\/wp-content\/uploads\/2026\/08\/1787826022.jpeg\" loading=\"lazy\" class=\"aw__sc-dklauk-0 LPzKX\"\/><\/p>\n<p>Avaa kuvien katselu<\/p>\n<p>Riistapeltonsa Tarkkio luottaa olevan tukihakemuksen mukainen. Kuva: Rami Koivula \/ YleTeko\u00e4ly tekee yh\u00e4 virheit\u00e4<\/p>\n<p class=\"aw__sc-1qwuw0s-0 aw__sc-ngllmo-0 epAWpq fzYpjk yle__article__paragraph\">Vuonna 2023 k\u00e4ytt\u00f6\u00f6n otettu satelliittiseuranta sai aluksi maanviljelij\u00f6ilt\u00e4 kovaa kritiikki\u00e4 selvityspyynt\u00f6jen tulvan vuoksi.<\/p>\n<p class=\"aw__sc-1qwuw0s-0 aw__sc-ngllmo-0 epAWpq fzYpjk yle__article__paragraph\">Ryhm\u00e4p\u00e4\u00e4llikk\u00f6 <strong class=\"aw__sc-ngllmo-2 gdRrun yle__article__strong\">Hanna M\u00e4ntyl\u00e4<\/strong> Lounais-Suomen elinvoimakeskuksesta kertoo, ett\u00e4 teko\u00e4ly ja algoritmit tekev\u00e4t edelleen virheit\u00e4, mutta j\u00e4rjestelm\u00e4 on kuitenkin kehittynyt kolmessa vuodessa.<\/p>\n<p><img decoding=\"async\" alt=\"Nainen istuu p\u00f6yd\u00e4n \u00e4\u00e4ress\u00e4 kannettavan tietokoneen \u00e4\u00e4rell\u00e4 toimistossa, taustalla suuri valokuva merimaisemasta.\" src=\"https:\/\/www.europesays.com\/fi\/wp-content\/uploads\/2026\/08\/1787825885.jpeg\" loading=\"lazy\" class=\"aw__sc-dklauk-0 LPzKX\"\/><\/p>\n<p>Avaa kuvien katselu<\/p>\n<p>M\u00e4ntyl\u00e4n mukaan teko\u00e4lyn ja algoritmien tekem\u00e4t virheet saavat maanviljelij\u00e4t turhautumaan. Kuva: Rami Koivula \/ Yle<\/p>\n<p class=\"aw__sc-1qwuw0s-0 aw__sc-ngllmo-0 epAWpq fzYpjk yle__article__paragraph\">M\u00e4ntyl\u00e4n mukaan maanviljelij\u00e4lle l\u00e4hetett\u00e4v\u00e4n selvityspyynn\u00f6n syyn\u00e4 voivat olla my\u00f6s luonnonilmi\u00f6t, kuten pilvinen s\u00e4\u00e4.<\/p>\n<p class=\"aw__sc-1qwuw0s-0 aw__sc-ngllmo-0 epAWpq fzYpjk yle__article__paragraph\">Selvityspyynn\u00f6n j\u00e4lkeen viljelij\u00e4n ottamat valokuvat korjaavat teko\u00e4lyn tekem\u00e4n virheen ja l\u00e4hes kaikki selvityspyynn\u00f6t hyv\u00e4ksyt\u00e4\u00e4n.<\/p>\n<p>\u201dKuin valitsisi hampaiden pesun ja hammasl\u00e4\u00e4k\u00e4rin v\u00e4lill\u00e4\u201d<\/p>\n<p class=\"aw__sc-1qwuw0s-0 aw__sc-ngllmo-0 epAWpq fzYpjk yle__article__paragraph\">Useista selvityspyynn\u00f6ist\u00e4 huolimatta maanviljelij\u00e4 Anne-Mari Tarkkio pit\u00e4\u00e4 satelliittivalvontaa hyv\u00e4n\u00e4 ja tasapuolisena j\u00e4rjestelm\u00e4n\u00e4.<\/p>\n<p class=\"aw__sc-1qwuw0s-0 aw__sc-ngllmo-0 epAWpq fzYpjk yle__article__paragraph\">\u2013 Mieluummin k\u00e4yn ottamassa pelloilta valokuvia kuin otan t\u00e4nne tarkastajia paikan p\u00e4\u00e4lle. T\u00e4t\u00e4 voisi verrata siihen, valitsetko hampaiden pesun aamuin illoin vai menetk\u00f6 hammasl\u00e4\u00e4k\u00e4riin, Tarkkio vertaa.<\/p>\n<p><img decoding=\"async\" alt=\"Henkil\u00f6 seisoo vihre\u00e4ll\u00e4 nurmella mets\u00e4isess\u00e4 maastossa ja katsoo k\u00e4nnykk\u00e4\u00e4 k\u00e4dess\u00e4\u00e4n.\" src=\"https:\/\/www.europesays.com\/fi\/wp-content\/uploads\/2026\/08\/1787826156.jpeg\" loading=\"lazy\" class=\"aw__sc-dklauk-0 LPzKX\"\/><\/p>\n<p>Avaa kuvien katselu<\/p>\n<p>Anne-Mari Tarkkio pit\u00e4\u00e4 satelliittivalvontaa tasapuolisena j\u00e4rjestelm\u00e4n\u00e4. H\u00e4n on my\u00f6s tottunut valvontaan. Kuva: Rami Koivula \/ Yle<\/p>\n<p class=\"aw__sc-1qwuw0s-0 aw__sc-ngllmo-0 epAWpq fzYpjk yle__article__paragraph\">H\u00e4nen mielest\u00e4\u00e4n satelliittivalvonta on my\u00f6s tasapuolista kaikkia maataloustukien hakijoita kohtaan.<\/p>\n<p class=\"aw__sc-1qwuw0s-0 aw__sc-ngllmo-0 epAWpq fzYpjk yle__article__paragraph\">\u2013 Jos joku pit\u00e4isi riistapeltoa eik\u00e4 viljelisi sit\u00e4 kuten kuuluu, niin mieluummin tuet menev\u00e4t heille, jotka tekev\u00e4t oikeasti ty\u00f6t\u00e4 ja tuottavat ruokaa kuin jonkun 90-vuotiaan el\u00e4kerahastoon.<\/p>\n","protected":false},"excerpt":{"rendered":"Ruokaviraston satelliitti\u00adseuranta aiheutti viime vuonna l\u00e4hes 80\u00a0000 selvitys\u00adpyynt\u00f6\u00e4. Teko\u00e4ly valvoo peltotukia, mutta tekee yh\u00e4 paljon virheit\u00e4. Videolla Amski&hellip;\n","protected":false},"author":2,"featured_media":337015,"comment_status":"","ping_status":"","sticky":false,"template":"","format":"standard","meta":{"footnotes":"","_share_on_mastodon":"0"},"categories":[84],"tags":[2756,33,31,30,71,830,10579,1445,15999,13219,834,968,2575,32,91,92],"class_list":["post-337014","post","type-post","status-publish","format-standard","has-post-thumbnail","category-teknologia","tag-anne-mari-tarkkio","tag-fi","tag-finland","tag-finnish","tag-kotimaa","tag-maanviljelijat","tag-maanviljely","tag-maatalous","tag-maataloustuki","tag-maatalousyrittajat","tag-peltoviljely","tag-satakunta","tag-satelliittiteknologia","tag-suomi","tag-technology","tag-teknologia"],"share_on_mastodon":{"url":"https:\/\/pubeurope.com\/@fi\/117183629872494109","error":""},"_links":{"self":[{"href":"https:\/\/www.europesays.com\/fi\/wp-json\/wp\/v2\/posts\/337014","targetHints":{"allow":["GET"]}}],"collection":[{"href":"https:\/\/www.europesays.com\/fi\/wp-json\/wp\/v2\/posts"}],"about":[{"href":"https:\/\/www.europesays.com\/fi\/wp-json\/wp\/v2\/types\/post"}],"author":[{"embeddable":true,"href":"https:\/\/www.europesays.com\/fi\/wp-json\/wp\/v2\/users\/2"}],"replies":[{"embeddable":true,"href":"https:\/\/www.europesays.com\/fi\/wp-json\/wp\/v2\/comments?post=337014"}],"version-history":[{"count":0,"href":"https:\/\/www.europesays.com\/fi\/wp-json\/wp\/v2\/posts\/337014\/revisions"}],"wp:featuredmedia":[{"embeddable":true,"href":"https:\/\/www.europesays.com\/fi\/wp-json\/wp\/v2\/media\/337015"}],"wp:attachment":[{"href":"https:\/\/www.europesays.com\/fi\/wp-json\/wp\/v2\/media?parent=337014"}],"wp:term":[{"taxonomy":"category","embeddable":true,"href":"https:\/\/www.europesays.com\/fi\/wp-json\/wp\/v2\/categories?post=337014"},{"taxonomy":"post_tag","embeddable":true,"href":"https:\/\/www.europesays.com\/fi\/wp-json\/wp\/v2\/tags?post=337014"}],"curies":[{"name":"wp","href":"https:\/\/api.w.org\/{rel}","templated":true}]}}