{"id":337018,"date":"2026-08-30T08:58:12","date_gmt":"2026-08-30T08:58:12","guid":{"rendered":"https:\/\/www.europesays.com\/fi\/337018\/"},"modified":"2026-08-30T08:58:12","modified_gmt":"2026-08-30T08:58:12","slug":"millaiset-terveiset-norjalaiset-lahettavat-mette-maritille-tama-yksi-sana-toistuu","status":"publish","type":"post","link":"https:\/\/www.europesays.com\/fi\/337018\/","title":{"rendered":"Millaiset terveiset norjalaiset l\u00e4hett\u00e4v\u00e4t Mette-Maritille? T\u00e4m\u00e4 yksi sana toistuu"},"content":{"rendered":"<p>Norjassa elet\u00e4\u00e4n nyt uuden kuningasparin aikaa.<\/p>\n<p class=\"paragraph\">Ihmisvirta Oslon kuninkaanlinnalle on katkeamaton. Tuhannet ja tuhannet norjalaiset, my\u00f6s muutama turisti, haluavat k\u00e4yd\u00e4 j\u00e4tt\u00e4m\u00e4ss\u00e4 hyv\u00e4stins\u00e4 edellisp\u00e4iv\u00e4n\u00e4 poisnukkuneelle kuningas <a href=\"https:\/\/www.iltalehti.fi\/henkilot\/Harald V\" class=\"article-link-person-page\" rel=\"nofollow noopener\" target=\"_blank\">Haraldille<\/a>.<\/p>\n<p class=\"paragraph\">Perjantaihin verrattuna paikalle on tullut yksitt\u00e4isten k\u00e4vij\u00f6iden lis\u00e4ksi perheit\u00e4, usein kolmessa polvessa. Osa j\u00e4tt\u00e4\u00e4 kukkia, osa kynttil\u00f6it\u00e4 ja lyhtyj\u00e4.<\/p>\n<p class=\"paragraph\">Lenkkeilij\u00e4t laittavat sykemittarinsa tauolle laskiessaan kukkia linnan edustalle. Tuntuu kuin koko Oslo olisi paikalla.<\/p>\n<p class=\"paragraph\">Tunnelma ei ole niin haikea kuin perjantaina, ja puheensorinaa kuuluu koko ajan. Moni haluaa rappusten yl\u00e4p\u00e4\u00e4ss\u00e4 ottaa kuvan ihmismassasta, joka velloo Karl Johans gatania pitkin kohti kuninkaanlinnaa. M\u00e4ki on jyrkk\u00e4, hieman i\u00e4kk\u00e4\u00e4mm\u00e4t ihmiset pit\u00e4v\u00e4t heng\u00e4hdystauon kavutessaan kohti m\u00e4en p\u00e4\u00e4ll\u00e4 olevaa kuninkaanlinnaa.<\/p>\n<p><img decoding=\"async\" class=\"image image-show image-preview\" src=\"https:\/\/www.europesays.com\/fi\/wp-content\/uploads\/2026\/08\/32a66c56a45debca968d703df295074bd7d614d6141669d4313799faac4fae0d.jpg\" alt=\"\"\/><img decoding=\"async\" class=\"image image-show\" src=\"https:\/\/www.europesays.com\/fi\/wp-content\/uploads\/2026\/08\/1788080292_376_32a66c56a45debca968d703df295074bd7d614d6141669d4313799faac4fae0d.jpg\" alt=\"\"\/><\/p>\n<p>T\u00e4lt\u00e4 Oslossa n\u00e4ytti lauantaina. Mari Pudas<\/p>\n<p class=\"paragraph\">Katua reunustavat kymmenet lipputangot, joissa Norjan liput liehuvat puolitangossa suruliputuksen johdosta. N\u00e4ky on pys\u00e4ytt\u00e4v\u00e4.<\/p>\n<p class=\"paragraph\">Iso osa paikalle tulleista seisoo kuin jotain odottaen. Mit\u00e4\u00e4n ei kyll\u00e4 ole tapahtumassa, mutta se ei est\u00e4 seisomasta linnan edess\u00e4 siistiss\u00e4 riviss\u00e4.<\/p>\n<p class=\"paragraph\">Poliiseja paikalla n\u00e4kyy muutamia. Kuninkaallisen kaartin sotilaat ovat sen sijaan perjantaita tiukempia.<\/p>\n<p class=\"paragraph\">\u2013 Ei, mene taaksep\u00e4in, kuuluu tiukka kehotus kysytt\u00e4ess\u00e4, ett\u00e4 saisiko linnan eteen j\u00e4tettyj\u00e4 kukkia k\u00e4yd\u00e4 kuvaamassa.<\/p>\n<p class=\"paragraph\">Perjantaina suomalaisen pressikortin heiluttelu auttoi, mutta lauantaina ei.<\/p>\n<p>\u201dTsemppi\u00e4\u201d<\/p>\n<p>Marin, Ole, Axel ja Isak j\u00e4ttiv\u00e4t kukka Haraldille. Mari Pudas<\/p>\n<p class=\"paragraph\">\u00c4iti Marin, isois\u00e4 Ole ja lapset Axel ja Isak ovat l\u00e4hteneet kolmen sukupolven voimin j\u00e4tt\u00e4m\u00e4\u00e4n hyv\u00e4stins\u00e4 ja kiitt\u00e4m\u00e4\u00e4n kuningas Haraldia.<\/p>\n<p class=\"paragraph\">\u2013 H\u00e4n yhdisti maamme. Harald teki todella hienoa ty\u00f6t\u00e4, joten on syyt\u00e4 kiitt\u00e4\u00e4 ja kunnioittaa h\u00e4nt\u00e4 kaikesta siit\u00e4, mit\u00e4 h\u00e4n teki, Ove sanoo.<\/p>\n<p class=\"paragraph\">Kaikki sanovat olleensa surullisia mutta eiv\u00e4t niink\u00e4\u00e4n yll\u00e4ttyneit\u00e4 Haraldin poismenosta. Olihan 89-vuotias kuningas sairastellut jo pitk\u00e4\u00e4n.<\/p>\n<p class=\"paragraph\">\u2013 Meill\u00e4 oli koulussa muistohetki h\u00e4nelle. Minusta se oli hienoa, Axel sanoo.<\/p>\n<p class=\"paragraph\">Uusi hallitsijapari on kuningas <a href=\"https:\/\/www.iltalehti.fi\/henkilot\/Haakon Magnus\" class=\"article-link-person-page\" rel=\"nofollow noopener\" target=\"_blank\">Haakon<\/a> ja kuningatar <a href=\"https:\/\/www.iltalehti.fi\/henkilot\/Mette-Marit\" class=\"article-link-person-page\" rel=\"nofollow noopener\" target=\"_blank\">Mette-Marit<\/a>, joista j\u00e4lkimm\u00e4isell\u00e4 on ollut suuria haasteita t\u00e4n\u00e4 vuonna. Mette-Marit sairastui vakavasti, ja h\u00e4nelle tehtiin keuhkonsiirto, esikoispoika <strong>Marius Borg H\u00f8iby<\/strong> sai vankeustuomion, ja Mette-Maritin tiiviit kytk\u00f6kset rikolliseen liikemieheen <strong>Jeffrey Epsteiniin<\/strong> paljastuivat.<\/p>\n<p class=\"paragraph\">Marinilla, Ovella, Axelilla ja Isakilla on selv\u00e4t terveiset Mette-Maritille.<\/p>\n<p class=\"paragraph\">\u2013 Lykke til (tsemppi\u00e4!), nelikko sanoo yhteen \u00e4\u00e4neen.<\/p>\n<p class=\"paragraph\">\u2013 Uskon, ett\u00e4 kuningaspari tekee hyv\u00e4\u00e4 ty\u00f6t\u00e4, Axel arvelee.<\/p>\n<p class=\"paragraph\">Sanapari lykke til toistuu l\u00e4hes kaikkien Iltalehden haastattelemien norjalaisten puheissa. Haakonin ja Mette-Maritin halutaan onnistuvan.<\/p>\n<p>Norjalaiset seisovat siev\u00e4ss\u00e4 riviss\u00e4 linnan edustalla vaikka mit\u00e4\u00e4n ei tapahdu. Mari Pudas<\/p>\n<p class=\"paragraph\">Kukkien ja kynttil\u00f6iden lis\u00e4ksi varsinkin lapset ovat kirjoittaneet kirjeit\u00e4 Haraldille. Y\u00f6n pimein\u00e4 tunteina hovin ty\u00f6ntekij\u00e4t ker\u00e4\u00e4v\u00e4t kirjeet koreihin, eli hukkaan ne eiv\u00e4t joudu.<\/p>\n<p class=\"paragraph\">N\u00e4in on tehnyt viisivuotias Mogens, joka on is\u00e4ns\u00e4, \u00e4itins\u00e4 ja sisarustensa kanssa liikkeell\u00e4. Mogens on askarrellut korttiin kruunuja. My\u00f6s h\u00e4nen siskollaan Thealla on itse tehty kortti kuninkaalle. Siin\u00e4 lukee Haraldin ja h\u00e4nen seuraajansa Haraldin tunnuslause Alt for Norge (kaikki Norjan puolesta).<\/p>\n<p class=\"paragraph\">\u2013 Kuningas Harald on ollut meid\u00e4n p\u00e4\u00e4miehemme ja h\u00e4n on edustanut Norjaa todella hyvin erityisesti silloin kun Norja on ollut vaikeassa tilanteessa, perheen is\u00e4 Aslan sanoo.<\/p>\n<p class=\"paragraph\">\u2013 My\u00f6s se on t\u00e4rke\u00e4\u00e4, ett\u00e4 kuningas on ep\u00e4poliittinen henkil\u00f6. Se yhdist\u00e4\u00e4, perheen \u00e4iti Kaja sanoo.<\/p>\n<p>Lapset Mogens ja Thea esittelev\u00e4t itsetekemi\u00e4\u00e4n kortteja.  Mari Pudas<\/p>\n<p class=\"paragraph\">Heid\u00e4n terveisens\u00e4 Mette-Maritille ovat samat kuin muillakin.<\/p>\n<p class=\"paragraph\">\u2013 Lykke til!<\/p>\n<p class=\"paragraph\">\u2013 Lykke til, lapsetkin huudahtavat ja esittelev\u00e4t korttejaan.<\/p>\n<p class=\"paragraph\">Kuninkaanlinnan takana pienen lammen \u00e4\u00e4rell\u00e4 on rauhallisempaa. Jotkut kuikuilevat aidan takaa linnan pihamaalle, n\u00e4kyisik\u00f6 siell\u00e4 jotain. Ei n\u00e4y.<\/p>\n<p>Linda Kallestr\u00f8m sanoo kuninkaan kuoleman olleen tietenkin surullista mutta odotettua.  Mari Pudas<\/p>\n<p class=\"paragraph\">\u2013 Kun kuningas kuolee, silloin on l\u00e4hdett\u00e4v\u00e4 k\u00e4velylle, yst\u00e4viens\u00e4 kanssa k\u00e4velyll\u00e4 oleva <strong>Linda Kallestr\u00f8m<\/strong> nauraa.<\/p>\n<p class=\"paragraph\">Haraldin kuolema oli odotettua, olihan Harald sairas.<\/p>\n<p class=\"paragraph\">\u2013 Surullista silti. Uskon, ett\u00e4 uudesta hallitsijaparista tulee hyv\u00e4. Haakon on vahva ja vakaa, h\u00e4n osaa ottaa ohjat!<\/p>\n<p class=\"paragraph\"><strong>Magnus Hovland<\/strong> on kuninkaanlinnalla lastensa kanssa. H\u00e4n pit\u00e4\u00e4 edesmennytt\u00e4 kuningasta koko maata yhdist\u00e4v\u00e4n\u00e4 hahmona.<\/p>\n<p class=\"paragraph\">\u2013 Harald oli my\u00f6s moderni kuningas, josta Norja voi olla eritt\u00e4in ylpe\u00e4. Odotamme my\u00f6s innolla, miten kuningas Haakon kahdeksas tulee olemaan koko maata syleilev\u00e4 kuningas, Hovland sanoo.<\/p>\n<p class=\"paragraph\">\u2013 Uskon, ett\u00e4 Haakonilla ja Mette-Maritilla sujuu eritt\u00e4in hyvin. Uskon heid\u00e4n yhdist\u00e4v\u00e4n kansaa v\u00e4hint\u00e4\u00e4n yht\u00e4 hyvin kuin Norjan aiemmatkin kuninkaat ovat tehneet, Hovland sanoo luottavaisena.<\/p>\n<p>Martin Hovland on luottavainen uuden kuningasparin suhteen. Mari Pudas<\/p>\n","protected":false},"excerpt":{"rendered":"Norjassa elet\u00e4\u00e4n nyt uuden kuningasparin aikaa. Ihmisvirta Oslon kuninkaanlinnalle on katkeamaton. Tuhannet ja tuhannet norjalaiset, my\u00f6s muutama turisti,&hellip;\n","protected":false},"author":2,"featured_media":337019,"comment_status":"","ping_status":"","sticky":false,"template":"","format":"standard","meta":{"footnotes":"","_share_on_mastodon":"0"},"categories":[14],"tags":[35,22,23,26,27,33,31,30,17,101,652,99,100,24,25,28,29,15,18,21,98,32,19,20,56,16,59,60,61],"class_list":["post-337018","post","type-post","status-publish","format-standard","has-post-thumbnail","category-ulkomaat","tag-24h","tag-breaking-news","tag-breakingnews","tag-featured-news","tag-featurednews","tag-fi","tag-finland","tag-finnish","tag-headlines","tag-ihmissuhteet","tag-kuninkaalliset","tag-lapset","tag-lapset-ja-nuoret","tag-latest-news","tag-latestnews","tag-main-news","tag-mainnews","tag-news","tag-otsikot","tag-paauutiset","tag-perhe","tag-suomi","tag-top-stories","tag-topstories","tag-ulkomaat","tag-uutiset","tag-world","tag-world-news","tag-worldnews"],"share_on_mastodon":{"url":"https:\/\/pubeurope.com\/@fi\/117183638577213970","error":""},"_links":{"self":[{"href":"https:\/\/www.europesays.com\/fi\/wp-json\/wp\/v2\/posts\/337018","targetHints":{"allow":["GET"]}}],"collection":[{"href":"https:\/\/www.europesays.com\/fi\/wp-json\/wp\/v2\/posts"}],"about":[{"href":"https:\/\/www.europesays.com\/fi\/wp-json\/wp\/v2\/types\/post"}],"author":[{"embeddable":true,"href":"https:\/\/www.europesays.com\/fi\/wp-json\/wp\/v2\/users\/2"}],"replies":[{"embeddable":true,"href":"https:\/\/www.europesays.com\/fi\/wp-json\/wp\/v2\/comments?post=337018"}],"version-history":[{"count":0,"href":"https:\/\/www.europesays.com\/fi\/wp-json\/wp\/v2\/posts\/337018\/revisions"}],"wp:featuredmedia":[{"embeddable":true,"href":"https:\/\/www.europesays.com\/fi\/wp-json\/wp\/v2\/media\/337019"}],"wp:attachment":[{"href":"https:\/\/www.europesays.com\/fi\/wp-json\/wp\/v2\/media?parent=337018"}],"wp:term":[{"taxonomy":"category","embeddable":true,"href":"https:\/\/www.europesays.com\/fi\/wp-json\/wp\/v2\/categories?post=337018"},{"taxonomy":"post_tag","embeddable":true,"href":"https:\/\/www.europesays.com\/fi\/wp-json\/wp\/v2\/tags?post=337018"}],"curies":[{"name":"wp","href":"https:\/\/api.w.org\/{rel}","templated":true}]}}