{"id":337052,"date":"2026-08-30T09:56:13","date_gmt":"2026-08-30T09:56:13","guid":{"rendered":"https:\/\/www.europesays.com\/fi\/337052\/"},"modified":"2026-08-30T09:56:13","modified_gmt":"2026-08-30T09:56:13","slug":"astronautin-tyokalu-varasti-huomion-avaruuskavelylla","status":"publish","type":"post","link":"https:\/\/www.europesays.com\/fi\/337052\/","title":{"rendered":"Astronautin ty\u00f6kalu varasti huomion avaruusk\u00e4velyll\u00e4"},"content":{"rendered":"<p><strong class=\"typography-bold\">Miten astronautti voi irrottaa pultin py\u00f6r\u00e4ht\u00e4m\u00e4tt\u00e4 itse ymp\u00e4ri? Ratkaisu l\u00f6ytyy akkuk\u00e4ytt\u00f6isest\u00e4 erikoisty\u00f6kalusta.<\/strong><\/p>\n<p>Ranskalaisesta <strong class=\"typography-bold\">Sophie Adenot\u2019sta<\/strong> tuli 18. elokuuta ensimm\u00e4inen ranskalainen naisastronautti, joka teki avaruusk\u00e4velyn.<\/p>\n<p>Adenotin ja yhdysvaltalaisen astronautin <strong class=\"typography-bold\">Anil Menonin<\/strong> teht\u00e4v\u00e4n\u00e4 oli vaihtaa Kansainv\u00e4lisen avaruusaseman (ISS) ulkopuolella ollut rikkoutunut avaruus\u2013maa-antenni.<\/p>\n<p>Ty\u00f6h\u00f6n oli varattu noin kuusi ja puoli tuntia, mutta teht\u00e4v\u00e4 j\u00e4i tuolloin kesken jumittuneiden pulttien ja liittimien vuoksi.<\/p>\n<p>Toisella avaruusk\u00e4velyll\u00e4 tiistaina Adenot ja Menon saivat antenniremontin valmiiksi. Kuuden ja puolen tunnin aikana kaksikko ehti kiert\u00e4\u00e4 Maapallon noin nelj\u00e4 kertaa.<\/p>\n<p>0:56<img alt=\"Avaruusk\u00e4vely saattoi p\u00e4\u00e4t\u00f6kseen Kansainv\u00e4lisen avaruusaseman antenniremontin\" data-testid=\"web-player-broker-image\" fetchpriority=\"low\" loading=\"lazy\" decoding=\"async\" data-nimg=\"fill\" class=\"transition duration-700 ease-in-out hover:scale-[1.05]\" style=\"position:absolute;height:100%;width:100%;left:0;top:0;right:0;bottom:0;color:transparent;background-size:cover;background-position:50% 50%;background-repeat:no-repeat;background-image:url(&quot;data:image\/svg+xml;base64,Cjxzdmcgd2lkdGg9IjcyMCIgaGVpZ2h0PSI0MDUiIHZlcnNpb249IjEuMSIgeG1sbnM9Imh0dHA6Ly93d3cudzMub3JnLzIwMDAvc3ZnIiB4bWxuczp4bGluaz0iaHR0cDovL3d3dy53My5vcmcvMTk5OS94bGluayI+CiAgPGRlZnM+CiAgICA8bGluZWFyR3JhZGllbnQgaWQ9ImciPgogICAgICA8c3RvcCBzdG9wLWNvbG9yPSIjMEIxODIzIiBvZmZzZXQ9IjIwJSIgLz4KICAgICAgPHN0b3Agc3RvcC1jb2xvcj0iIzFBMjczMiIgb2Zmc2V0PSI1MCUiIC8+CiAgICAgIDxzdG9wIHN0b3AtY29sb3I9IiMwQjE4MjMiIG9mZnNldD0iNzAlIiAvPgogICAgPC9saW5lYXJHcmFkaWVudD4KICA8L2RlZnM+CiAgPHJlY3Qgd2lkdGg9IjcyMCIgaGVpZ2h0PSI0MDUiIGZpbGw9IiMwQjE4MjMiIC8+CiAgPHJlY3QgaWQ9InIiIHdpZHRoPSI3MjAiIGhlaWdodD0iNDA1IiBmaWxsPSJ1cmwoI2cpIiAvPgogIDxhbmltYXRlIHhsaW5rOmhyZWY9IiNyIiBhdHRyaWJ1dGVOYW1lPSJ4IiBmcm9tPSItNzIwIiB0bz0iNzIwIiBkdXI9IjFzIiByZXBlYXRDb3VudD0iaW5kZWZpbml0ZSIgIC8+Cjwvc3ZnPg==&quot;)\"   src=\"https:\/\/www.europesays.com\/fi\/wp-content\/uploads\/2026\/08\/1788083773_442_imageproxy.a2d.tv.jpeg\"\/>Tiistain avaruusk\u00e4vely saattoi p\u00e4\u00e4t\u00f6kseen Kansainv\u00e4lisen avaruusaseman antenniremontin.<\/p>\n<p><strong class=\"typography-bold\">Astronauttien oma &#8221;ruuvinv\u00e4\u00e4nnin&#8221;<\/strong><\/p>\n<p>Ensimm\u00e4ist\u00e4 avaruusk\u00e4vely\u00e4 seuranneiden huomio saattoi kiinnitty\u00e4 astronauttien k\u00e4ytt\u00e4m\u00e4\u00e4n akkuk\u00e4ytt\u00f6ist\u00e4 ruuvinv\u00e4\u00e4nnint\u00e4 tai porakonetta muistuttavaan ty\u00f6kaluun.<\/p>\n<p>Videoiden ja kuvien perusteella kyseess\u00e4 oli mit\u00e4 ilmeisimmin niin sanottu Pistol Grip Tool (PGT), jota k\u00e4ytet\u00e4\u00e4n pulttien kirist\u00e4miseen ja irrottamiseen avaruusk\u00e4velyjen aikana.<\/p>\n","protected":false},"excerpt":{"rendered":"Miten astronautti voi irrottaa pultin py\u00f6r\u00e4ht\u00e4m\u00e4tt\u00e4 itse ymp\u00e4ri? Ratkaisu l\u00f6ytyy akkuk\u00e4ytt\u00f6isest\u00e4 erikoisty\u00f6kalusta. Ranskalaisesta Sophie Adenot\u2019sta tuli 18. elokuuta&hellip;\n","protected":false},"author":2,"featured_media":337053,"comment_status":"","ping_status":"","sticky":false,"template":"","format":"standard","meta":{"footnotes":"","_share_on_mastodon":"0"},"categories":[114],"tags":[453,33,31,30,118,452,32,119],"class_list":["post-337052","post","type-post","status-publish","format-standard","has-post-thumbnail","category-avaruus","tag-avaruus","tag-fi","tag-finland","tag-finnish","tag-science","tag-space","tag-suomi","tag-tiede"],"share_on_mastodon":{"url":"https:\/\/pubeurope.com\/@fi\/117183866177097001","error":""},"_links":{"self":[{"href":"https:\/\/www.europesays.com\/fi\/wp-json\/wp\/v2\/posts\/337052","targetHints":{"allow":["GET"]}}],"collection":[{"href":"https:\/\/www.europesays.com\/fi\/wp-json\/wp\/v2\/posts"}],"about":[{"href":"https:\/\/www.europesays.com\/fi\/wp-json\/wp\/v2\/types\/post"}],"author":[{"embeddable":true,"href":"https:\/\/www.europesays.com\/fi\/wp-json\/wp\/v2\/users\/2"}],"replies":[{"embeddable":true,"href":"https:\/\/www.europesays.com\/fi\/wp-json\/wp\/v2\/comments?post=337052"}],"version-history":[{"count":0,"href":"https:\/\/www.europesays.com\/fi\/wp-json\/wp\/v2\/posts\/337052\/revisions"}],"wp:featuredmedia":[{"embeddable":true,"href":"https:\/\/www.europesays.com\/fi\/wp-json\/wp\/v2\/media\/337053"}],"wp:attachment":[{"href":"https:\/\/www.europesays.com\/fi\/wp-json\/wp\/v2\/media?parent=337052"}],"wp:term":[{"taxonomy":"category","embeddable":true,"href":"https:\/\/www.europesays.com\/fi\/wp-json\/wp\/v2\/categories?post=337052"},{"taxonomy":"post_tag","embeddable":true,"href":"https:\/\/www.europesays.com\/fi\/wp-json\/wp\/v2\/tags?post=337052"}],"curies":[{"name":"wp","href":"https:\/\/api.w.org\/{rel}","templated":true}]}}