{"id":337056,"date":"2026-08-30T10:07:12","date_gmt":"2026-08-30T10:07:12","guid":{"rendered":"https:\/\/www.europesays.com\/fi\/337056\/"},"modified":"2026-08-30T10:07:12","modified_gmt":"2026-08-30T10:07:12","slug":"yle-areenaan-lisattiin-viikolla-35-2026-nama-sarjat-ja-elokuvat","status":"publish","type":"post","link":"https:\/\/www.europesays.com\/fi\/337056\/","title":{"rendered":"Yle Areenaan lis\u00e4ttiin viikolla 35\/2026 n\u00e4m\u00e4 sarjat ja elokuvat"},"content":{"rendered":"<p>Viikolla 35\/2026 Yle Areenan uusia lis\u00e4yksi\u00e4 ovat muun muassa elokuva Me Ricardot, uutussarja Kabul ja Ellis-sarjan uusi kausi.<\/p>\n<p><strong>Viikon uudet elokuvat <a href=\"https:\/\/muropaketti.com\/avainsana\/yle-areena\/\" rel=\"noopener nofollow\" target=\"_blank\">Yle Areenassa<\/a>:<\/strong><\/p>\n<ul class=\"wp-block-list\">\n<li>Me Ricardot (Being the Ricardos)<\/li>\n<li>Nimeni on Nobody (My Name Is Nobody)<\/li>\n<li>Titanicin kohtalony\u00f6 (A Night to Remember)<\/li>\n<\/ul>\n<p><strong>Viikon uusia sarjoja ja tuotantokausia:<\/strong><\/p>\n<ul class=\"wp-block-list\">\n<li>Kabul<\/li>\n<li>Ellis, kausi 2<\/li>\n<li>yhdess\u00e4 (tsm), kausi 2<\/li>\n<\/ul>\n<p><strong>Viikon uusia dokumentteja ja asiaohjelmia:<\/strong><\/p>\n<ul class=\"wp-block-list\">\n<li>Vuoroviikoin<\/li>\n<li>Palava maa<\/li>\n<li>Reetta ja Remu \u2013 Et s\u00e4 tied\u00e4 kuka m\u00e4 oon?<\/li>\n<li>Lomittajat, kausi 2<\/li>\n<li>Tuleva diiva<\/li>\n<\/ul>\n","protected":false},"excerpt":{"rendered":"Viikolla 35\/2026 Yle Areenan uusia lis\u00e4yksi\u00e4 ovat muun muassa elokuva Me Ricardot, uutussarja Kabul ja Ellis-sarjan uusi kausi.&hellip;\n","protected":false},"author":2,"featured_media":337057,"comment_status":"","ping_status":"","sticky":false,"template":"","format":"standard","meta":{"footnotes":"","_share_on_mastodon":"0"},"categories":[133],"tags":[137,33,31,30,32,206,156,109,913,2958],"class_list":["post-337056","post","type-post","status-publish","format-standard","has-post-thumbnail","category-televisiot","tag-entertainment","tag-fi","tag-finland","tag-finnish","tag-suomi","tag-televisiot","tag-tv","tag-viihde","tag-yle-areena","tag-yle-areena-elokuvat"],"share_on_mastodon":{"url":"https:\/\/pubeurope.com\/@fi\/117183908541200479","error":""},"_links":{"self":[{"href":"https:\/\/www.europesays.com\/fi\/wp-json\/wp\/v2\/posts\/337056","targetHints":{"allow":["GET"]}}],"collection":[{"href":"https:\/\/www.europesays.com\/fi\/wp-json\/wp\/v2\/posts"}],"about":[{"href":"https:\/\/www.europesays.com\/fi\/wp-json\/wp\/v2\/types\/post"}],"author":[{"embeddable":true,"href":"https:\/\/www.europesays.com\/fi\/wp-json\/wp\/v2\/users\/2"}],"replies":[{"embeddable":true,"href":"https:\/\/www.europesays.com\/fi\/wp-json\/wp\/v2\/comments?post=337056"}],"version-history":[{"count":0,"href":"https:\/\/www.europesays.com\/fi\/wp-json\/wp\/v2\/posts\/337056\/revisions"}],"wp:featuredmedia":[{"embeddable":true,"href":"https:\/\/www.europesays.com\/fi\/wp-json\/wp\/v2\/media\/337057"}],"wp:attachment":[{"href":"https:\/\/www.europesays.com\/fi\/wp-json\/wp\/v2\/media?parent=337056"}],"wp:term":[{"taxonomy":"category","embeddable":true,"href":"https:\/\/www.europesays.com\/fi\/wp-json\/wp\/v2\/categories?post=337056"},{"taxonomy":"post_tag","embeddable":true,"href":"https:\/\/www.europesays.com\/fi\/wp-json\/wp\/v2\/tags?post=337056"}],"curies":[{"name":"wp","href":"https:\/\/api.w.org\/{rel}","templated":true}]}}