{"id":337058,"date":"2026-08-30T10:11:10","date_gmt":"2026-08-30T10:11:10","guid":{"rendered":"https:\/\/www.europesays.com\/fi\/337058\/"},"modified":"2026-08-30T10:11:10","modified_gmt":"2026-08-30T10:11:10","slug":"toyota-tahti-brutaalissa-paikassa-jokainen-piste-ratkaisee","status":"publish","type":"post","link":"https:\/\/www.europesays.com\/fi\/337058\/","title":{"rendered":"Toyota-t\u00e4hti brutaalissa paikassa &#8211; &#8221;Jokainen piste ratkaisee&#8221;"},"content":{"rendered":"<p class=\"wp-block-paragraph\">Evansilla on MM-sarjan tilanne mietitt\u00e4v\u00e4n\u00e4\u00e4n sunnuntaina, joten vauhti on pidett\u00e4v\u00e4 balanssissa. Toisaalta my\u00f6s hyv\u00e4 pistepotti supersunnuntailta ja Power Stage -erikoiskokeelta olisi Evansin kampanjan kannalta t\u00e4rke\u00e4\u00e4.<\/p>\n<p class=\"wp-block-paragraph\">Sen sijaan kolmostilan puolustaminen yleiskilpailussa voi olla iso rasti suoritettavaksi. Hyundain <strong>Adrien Fourmaux <\/strong>nimitt\u00e4in l\u00f6i perjantain ongelmiensa j\u00e4lkeen lauantaina ison vaihteen silm\u00e4\u00e4n ja nousi kaukaa takaa l\u00e4hes Evansin rinnalle. Evans johtaa ranskalaista en\u00e4\u00e4 3,3 sekunnilla ennen sunnuntain viitt\u00e4 viimeist\u00e4 erikoiskoetta.<\/p>\n<p class=\"wp-block-paragraph\">Selv\u00e4\u00e4 on, ett\u00e4 Evansilla riitt\u00e4\u00e4 pohdittavaa aamun aikana, mill\u00e4 taktiikalla h\u00e4n l\u00e4htee sunnuntain lenkille.<\/p>\n<p class=\"wp-block-paragraph\">\u2013 P\u00e4iv\u00e4mme alkoi melko hyvin, kun ajoimme pohjat ensimm\u00e4iselle p\u00e4tk\u00e4lle. Toisella p\u00e4tk\u00e4ll\u00e4 tiell\u00e4 oli jo valtavia kivi\u00e4, joten otin varman p\u00e4\u00e4lle. Sama p\u00e4ti my\u00f6hemmin lenkill\u00e4 mutaisissa olosuhteissa, Evans summasi.<\/p>\n<p class=\"wp-block-paragraph\">\u2013 Iltap\u00e4iv\u00e4ll\u00e4 otimme mukaan kovia renkaita, ja on vaikea sanoa, oliko se oikea ratkaisu vai ei, mutta eilisen j\u00e4lkeen olimme huolissamme renkaiden kulumisesta.<\/p>\n<p class=\"wp-block-paragraph\">Evans h\u00e4mm\u00e4steli varsinkin Fourmaux\u00b4n iskua lauantain p\u00e4\u00e4tt\u00e4neell\u00e4 yleis\u00f6erikoiskokeella, kun Hyundai-kuski lohkaisi yli yhdeks\u00e4n sekuntia Evansin etumatkasta vain reilun kolmen kilometrin mittaisella p\u00e4tk\u00e4ll\u00e4.<\/p>\n<p class=\"wp-block-paragraph\">\u2013 Adrien on hy\u00f6k\u00e4nnyt todella kovaa ja ajoi vahvan p\u00e4iv\u00e4n. Oli yll\u00e4tys, ett\u00e4 menetimme niin paljon aikaa yleis\u00f6erikoiskokeella, mutta huomiseksi on odotettavissa entist\u00e4 vaikeampia olosuhteita. Meid\u00e4n pit\u00e4\u00e4 vain tehd\u00e4 parhaamme, Evans kertoi.<\/p>\n<p class=\"wp-block-paragraph\">\u2013 Jokainen piste ratkaisee kauden lopussa, joten pit\u00e4\u00e4 vain yritt\u00e4\u00e4 saada niit\u00e4 mahdollisimman paljon. Ehk\u00e4 ajoin t\u00e4n\u00e4\u00e4n v\u00e4h\u00e4n liian turvallisella puolella, mutta<\/p>\n","protected":false},"excerpt":{"rendered":"Evansilla on MM-sarjan tilanne mietitt\u00e4v\u00e4n\u00e4\u00e4n sunnuntaina, joten vauhti on pidett\u00e4v\u00e4 balanssissa. Toisaalta my\u00f6s hyv\u00e4 pistepotti supersunnuntailta ja Power&hellip;\n","protected":false},"author":2,"featured_media":337059,"comment_status":"","ping_status":"","sticky":false,"template":"","format":"standard","meta":{"footnotes":"","_share_on_mastodon":"0"},"categories":[158],"tags":[6556,33,31,30,6120,3540,159,32,4600,160],"class_list":["post-337058","post","type-post","status-publish","format-standard","has-post-thumbnail","category-urheilu","tag-elfyn-evans","tag-fi","tag-finland","tag-finnish","tag-paraguayn-mm-ralli","tag-rallin-mm-sarja","tag-sports","tag-suomi","tag-toyota-gazoo-racing","tag-urheilu"],"share_on_mastodon":{"url":"https:\/\/pubeurope.com\/@fi\/117183924455292937","error":""},"_links":{"self":[{"href":"https:\/\/www.europesays.com\/fi\/wp-json\/wp\/v2\/posts\/337058","targetHints":{"allow":["GET"]}}],"collection":[{"href":"https:\/\/www.europesays.com\/fi\/wp-json\/wp\/v2\/posts"}],"about":[{"href":"https:\/\/www.europesays.com\/fi\/wp-json\/wp\/v2\/types\/post"}],"author":[{"embeddable":true,"href":"https:\/\/www.europesays.com\/fi\/wp-json\/wp\/v2\/users\/2"}],"replies":[{"embeddable":true,"href":"https:\/\/www.europesays.com\/fi\/wp-json\/wp\/v2\/comments?post=337058"}],"version-history":[{"count":0,"href":"https:\/\/www.europesays.com\/fi\/wp-json\/wp\/v2\/posts\/337058\/revisions"}],"wp:featuredmedia":[{"embeddable":true,"href":"https:\/\/www.europesays.com\/fi\/wp-json\/wp\/v2\/media\/337059"}],"wp:attachment":[{"href":"https:\/\/www.europesays.com\/fi\/wp-json\/wp\/v2\/media?parent=337058"}],"wp:term":[{"taxonomy":"category","embeddable":true,"href":"https:\/\/www.europesays.com\/fi\/wp-json\/wp\/v2\/categories?post=337058"},{"taxonomy":"post_tag","embeddable":true,"href":"https:\/\/www.europesays.com\/fi\/wp-json\/wp\/v2\/tags?post=337058"}],"curies":[{"name":"wp","href":"https:\/\/api.w.org\/{rel}","templated":true}]}}