{"id":337104,"date":"2026-08-30T11:22:10","date_gmt":"2026-08-30T11:22:10","guid":{"rendered":"https:\/\/www.europesays.com\/fi\/337104\/"},"modified":"2026-08-30T11:22:10","modified_gmt":"2026-08-30T11:22:10","slug":"tom-hanks-on-abraham-lincoln-elokuvassa-mukana-nyt-myos-willem-dafoe-seka-wicked-ja-game-of-thrones-starat","status":"publish","type":"post","link":"https:\/\/www.europesays.com\/fi\/337104\/","title":{"rendered":"Tom Hanks on Abraham Lincoln \u2013\u00a0Elokuvassa mukana nyt my\u00f6s Willem Dafoe sek\u00e4 Wicked- ja Game of Thrones -starat"},"content":{"rendered":"<p class=\"wp-block-paragraph\"><a href=\"https:\/\/deadline.com\/2026\/08\/tom-hanks-lincoln-in-the-bardo-willem-dafoe-jonathan-bailey-1237062219\/\" rel=\"nofollow noopener\" target=\"_blank\">Deadline<\/a> uutisoi, ett\u00e4 tuleva Lincoln in the Bardo -elokuva on saanut lis\u00e4\u00e4 nimi\u00e4. Elokuva\u00a0perustuu\u00a0<strong>George Saundersin\u00a0<\/strong>Booker-palkittuun romaaniin\u00a0Lincoln bardossa. Saunders k\u00e4sikirjoittaa elokuvan, jonka ohjaa Anomalisasta tuttu\u00a0<strong>Duke Johnson<\/strong>.<\/p>\n<p class=\"wp-block-paragraph\">Elokuva keskittyy <strong>Abraham Lincolnin<\/strong> ja presidentin vastik\u00e4\u00e4n menehtyneen 11-vuotiaan poikansa suhteeseen. Elokuva yhdist\u00e4\u00e4 n\u00e4ytelty\u00e4 elokuvaa ja stop motion -animaatiotekniikkaa.<\/p>\n<p class=\"wp-block-paragraph\">Kaksinkertainen Oscar-voittaja\u00a0<strong>Tom Hanks\u00a0<\/strong>n\u00e4hd\u00e4\u00e4n Yhdysvaltain presidentti<strong> <\/strong>Lincolnin\u00a0roolissa. Nyt elokuvan \u00e4\u00e4nirooleihin on lis\u00e4tty <strong>Willem Dafoe<\/strong>, Wicked-t\u00e4hti<strong> Jonathan Bailey <\/strong>ja Game of Thronesista tuttu <strong>Peter Dinklage<\/strong>.<\/p>\n<p>Lue my\u00f6s: <a href=\"https:\/\/www.episodi.fi\/uutiset\/tom-hanks-nayttelee-abraham-lincolnia-tulevassa-elokuvassa\/\" title=\"Tom Hanks n\u00e4yttelee Abraham Lincolnia tulevassa elokuvassa\" class=\"underline-custom !font-heading !font-bold !underline-offset-4 !decoration-4 !decoration-accent !text-md\" rel=\"nofollow noopener\" target=\"_blank\">Tom Hanks n\u00e4yttelee Abraham Lincolnia tulevassa elokuvassa<\/a><\/p>\n<p>Lue my\u00f6s: <a href=\"https:\/\/www.episodi.fi\/uutiset\/varaslahto-oscareihin-ketka-vievat-tana-vuonna-himotut-kultapystit\/\" title=\"Varasl\u00e4ht\u00f6 Oscareihin \u2013 Ketk\u00e4 viev\u00e4t t\u00e4n\u00e4 vuonna himotut kultapystit?\" class=\"underline-custom !font-heading !font-bold !underline-offset-4 !decoration-4 !decoration-accent !text-md\" rel=\"nofollow noopener\" target=\"_blank\">Varasl\u00e4ht\u00f6 Oscareihin \u2013 Ketk\u00e4 viev\u00e4t t\u00e4n\u00e4 vuonna himotut kultapystit?<\/a><\/p>\n","protected":false},"excerpt":{"rendered":"Deadline uutisoi, ett\u00e4 tuleva Lincoln in the Bardo -elokuva on saanut lis\u00e4\u00e4 nimi\u00e4. Elokuva\u00a0perustuu\u00a0George Saundersin\u00a0Booker-palkittuun romaaniin\u00a0Lincoln bardossa. Saunders&hellip;\n","protected":false},"author":2,"featured_media":337105,"comment_status":"","ping_status":"","sticky":false,"template":"","format":"standard","meta":{"footnotes":"","_share_on_mastodon":"0"},"categories":[136],"tags":[407,137,33,31,30,6302,408,32,8838,109,15619],"class_list":["post-337104","post","type-post","status-publish","format-standard","has-post-thumbnail","category-julkkikset","tag-celebrities","tag-entertainment","tag-fi","tag-finland","tag-finnish","tag-ignostot","tag-julkkikset","tag-suomi","tag-tom-hanks","tag-viihde","tag-willem-dafoe"],"share_on_mastodon":{"url":"https:\/\/pubeurope.com\/@fi\/117184203732749103","error":""},"_links":{"self":[{"href":"https:\/\/www.europesays.com\/fi\/wp-json\/wp\/v2\/posts\/337104","targetHints":{"allow":["GET"]}}],"collection":[{"href":"https:\/\/www.europesays.com\/fi\/wp-json\/wp\/v2\/posts"}],"about":[{"href":"https:\/\/www.europesays.com\/fi\/wp-json\/wp\/v2\/types\/post"}],"author":[{"embeddable":true,"href":"https:\/\/www.europesays.com\/fi\/wp-json\/wp\/v2\/users\/2"}],"replies":[{"embeddable":true,"href":"https:\/\/www.europesays.com\/fi\/wp-json\/wp\/v2\/comments?post=337104"}],"version-history":[{"count":0,"href":"https:\/\/www.europesays.com\/fi\/wp-json\/wp\/v2\/posts\/337104\/revisions"}],"wp:featuredmedia":[{"embeddable":true,"href":"https:\/\/www.europesays.com\/fi\/wp-json\/wp\/v2\/media\/337105"}],"wp:attachment":[{"href":"https:\/\/www.europesays.com\/fi\/wp-json\/wp\/v2\/media?parent=337104"}],"wp:term":[{"taxonomy":"category","embeddable":true,"href":"https:\/\/www.europesays.com\/fi\/wp-json\/wp\/v2\/categories?post=337104"},{"taxonomy":"post_tag","embeddable":true,"href":"https:\/\/www.europesays.com\/fi\/wp-json\/wp\/v2\/tags?post=337104"}],"curies":[{"name":"wp","href":"https:\/\/api.w.org\/{rel}","templated":true}]}}