{"id":337114,"date":"2026-08-30T11:35:16","date_gmt":"2026-08-30T11:35:16","guid":{"rendered":"https:\/\/www.europesays.com\/fi\/337114\/"},"modified":"2026-08-30T11:35:16","modified_gmt":"2026-08-30T11:35:16","slug":"suora-lahetys-suomen-ennatys-vaarassa-jere-tiihosen-se-yritys-hylattiin","status":"publish","type":"post","link":"https:\/\/www.europesays.com\/fi\/337114\/","title":{"rendered":"Suora l\u00e4hetys: Suomen enn\u00e4tys vaarassa! Jere Tiihosen SE-yritys hyl\u00e4ttiin"},"content":{"rendered":"<p>Iltalehti n\u00e4ytt\u00e4\u00e4 hauisk\u00e4\u00e4nn\u00f6n SM-kisat t\u00e4ss\u00e4 jutussa suorana.<\/p>\n<p><a href=\"https:\/\/www.iltalehti.fi\/kirjoittajat\/Harri Hepoj\u00e4rvi\" rel=\"nofollow noopener\" target=\"_blank\"><img decoding=\"async\" class=\"author-image-img\" alt=\"Tekij\u00e4n kuva\" src=\"https:\/\/www.europesays.com\/fi\/wp-content\/uploads\/2026\/08\/1788089714_40_f0674b05c2a3af505fa7a031625c145f1d3b1c15ab6b58ca8f19cfc98c51e8dd.png\"\/><\/a><a href=\"https:\/\/www.iltalehti.fi\/kirjoittajat\/Pekka Kumpula\" rel=\"nofollow noopener\" target=\"_blank\"><img decoding=\"async\" class=\"author-image-img\" alt=\"Tekij\u00e4n kuva\" src=\"https:\/\/www.europesays.com\/fi\/wp-content\/uploads\/2026\/08\/461b3a1824fc0ee2f6e36c7a079e3de5fedf67e507d52ed32b3f06da86cee7e0.png\"\/><\/a><\/p>\n<p>T\u00e4n\u00e4\u00e4n klo 13:00 (p\u00e4ivitetty klo 14:28)<\/p>\n<p>Liveseuranta<\/p>\n<p>Uusin ensinVanhin ensin<\/p>\n<p>Ei vanhempia p\u00e4ivityksi \u00e4<\/p>\n<p><img decoding=\"async\" class=\"image image-show image-preview\" src=\"https:\/\/www.europesays.com\/fi\/wp-content\/uploads\/2026\/08\/86b34a77240837c25d3fdae1e94e9644baa4a7ba8eed336f8028476111d2022e.jpg\" alt=\"\"\/><img decoding=\"async\" class=\"image image-show\" src=\"https:\/\/www.europesays.com\/fi\/wp-content\/uploads\/2026\/08\/1788089716_908_86b34a77240837c25d3fdae1e94e9644baa4a7ba8eed336f8028476111d2022e.jpg\" alt=\"\"\/><\/p>\n<p>Jere Tiihonen kyseli tuomarilta mik\u00e4 meni pieleen. Henri K\u00e4rkk\u00e4inen<\/p>\n<p>Pauli M\u00e4enp\u00e4\u00e4 teki alle 80-kiloisten uuden Suomen enn\u00e4tyksen. Henri K\u00e4rkk\u00e4inen<\/p>\n<p>Katariina Kurjenmaa jys\u00e4ytti lauantaina SE-tuloksen. Henri K\u00e4rkk\u00e4inen<\/p>\n","protected":false},"excerpt":{"rendered":"Iltalehti n\u00e4ytt\u00e4\u00e4 hauisk\u00e4\u00e4nn\u00f6n SM-kisat t\u00e4ss\u00e4 jutussa suorana. T\u00e4n\u00e4\u00e4n klo 13:00 (p\u00e4ivitetty klo 14:28) Liveseuranta Uusin ensinVanhin ensin Ei&hellip;\n","protected":false},"author":2,"featured_media":337115,"comment_status":"","ping_status":"","sticky":false,"template":"","format":"standard","meta":{"footnotes":"","_share_on_mastodon":"0"},"categories":[12],"tags":[35,5566,22,23,26,27,33,31,30,17,1511,3646,24,25,41,28,29,15,18,21,2294,32,19,20,16],"class_list":["post-337114","post","type-post","status-publish","format-standard","has-post-thumbnail","category-suomi","tag-24h","tag-alpress-oy","tag-breaking-news","tag-breakingnews","tag-featured-news","tag-featurednews","tag-fi","tag-finland","tag-finnish","tag-headlines","tag-joukkoviestinta","tag-kustantamo","tag-latest-news","tag-latestnews","tag-liikunta-ja-urheilu","tag-main-news","tag-mainnews","tag-news","tag-otsikot","tag-paauutiset","tag-sanomalehdet","tag-suomi","tag-top-stories","tag-topstories","tag-uutiset"],"share_on_mastodon":{"url":"https:\/\/pubeurope.com\/@fi\/117184255520326832","error":""},"_links":{"self":[{"href":"https:\/\/www.europesays.com\/fi\/wp-json\/wp\/v2\/posts\/337114","targetHints":{"allow":["GET"]}}],"collection":[{"href":"https:\/\/www.europesays.com\/fi\/wp-json\/wp\/v2\/posts"}],"about":[{"href":"https:\/\/www.europesays.com\/fi\/wp-json\/wp\/v2\/types\/post"}],"author":[{"embeddable":true,"href":"https:\/\/www.europesays.com\/fi\/wp-json\/wp\/v2\/users\/2"}],"replies":[{"embeddable":true,"href":"https:\/\/www.europesays.com\/fi\/wp-json\/wp\/v2\/comments?post=337114"}],"version-history":[{"count":0,"href":"https:\/\/www.europesays.com\/fi\/wp-json\/wp\/v2\/posts\/337114\/revisions"}],"wp:featuredmedia":[{"embeddable":true,"href":"https:\/\/www.europesays.com\/fi\/wp-json\/wp\/v2\/media\/337115"}],"wp:attachment":[{"href":"https:\/\/www.europesays.com\/fi\/wp-json\/wp\/v2\/media?parent=337114"}],"wp:term":[{"taxonomy":"category","embeddable":true,"href":"https:\/\/www.europesays.com\/fi\/wp-json\/wp\/v2\/categories?post=337114"},{"taxonomy":"post_tag","embeddable":true,"href":"https:\/\/www.europesays.com\/fi\/wp-json\/wp\/v2\/tags?post=337114"}],"curies":[{"name":"wp","href":"https:\/\/api.w.org\/{rel}","templated":true}]}}