{"id":337158,"date":"2026-08-30T12:54:17","date_gmt":"2026-08-30T12:54:17","guid":{"rendered":"https:\/\/www.europesays.com\/fi\/337158\/"},"modified":"2026-08-30T12:54:17","modified_gmt":"2026-08-30T12:54:17","slug":"eversti-osti-huutokaupasta-10-000-kirjaa-saikin-40-000-pojille-kavi-pieni-virhe-kotimaa","status":"publish","type":"post","link":"https:\/\/www.europesays.com\/fi\/337158\/","title":{"rendered":"Eversti osti huutokaupasta 10\u00a0000 kirjaa \u2013 saikin 40\u00a0000: \u201dPojille k\u00e4vi pieni virhe\u201d | Kotimaa"},"content":{"rendered":"<p class=\"aw__sc-1qwuw0s-0 aw__sc-ngllmo-0 epAWpq fzYpjk yle__article__paragraph\">Entisen kyl\u00e4kaupan julkisivu loistaa elokuun auringossa. 50 vuotta tyhjill\u00e4\u00e4n ollut kauppa on her\u00e4nnyt uuteen eloon.<\/p>\n<p class=\"aw__sc-1qwuw0s-0 aw__sc-ngllmo-0 epAWpq fzYpjk yle__article__paragraph\">Kaupan ovesta astuu ulos mies, jolla on kuuluva \u00e4\u00e4ni ja j\u00e4m\u00e4kk\u00e4 puhetyyli. 75-vuotias <strong class=\"aw__sc-ngllmo-2 gdRrun yle__article__strong\">Ismo Talka<\/strong> on eversti ja el\u00e4kkeell\u00e4 oleva maanpuolustuskorkeakoulun opettaja.<\/p>\n<p class=\"aw__sc-1qwuw0s-0 aw__sc-ngllmo-0 epAWpq fzYpjk yle__article__paragraph\">Hetken mielijohde mullisti Talkan el\u00e4kep\u00e4iv\u00e4t. Vuosi sitten mies sijoitti tuhat euroa ja p\u00e4\u00e4tyi puolivahingossa 40\u00a0000 kirjan omistajaksi. Nyt h\u00e4nell\u00e4 on oma yritys ja useita kirjoja, joiden kappalehinnassa on nelj\u00e4 numeroa.<\/p>\n<p><img decoding=\"async\" alt=\"Keltainen puutalo, jonka julkisivussa on teksti &quot;Antikvariaatti Talka&quot;. Ovi ja kaksi isoa ikkunaa etusein\u00e4ll\u00e4.\" src=\"https:\/\/www.europesays.com\/fi\/wp-content\/uploads\/2026\/08\/1787833099.jpeg\" loading=\"lazy\" class=\"aw__sc-dklauk-0 LPzKX\"\/><\/p>\n<p>Avaa kuvien katselu<\/p>\n<p>Ismo Talkan is\u00e4 osti kyl\u00e4kaupan vuonna 1963. Se kerkesi olemaan 50 vuotta tyhjill\u00e4\u00e4n, mutta nyt kauppa avautui antikvariaattina. Kuva: Mikko Savolainen \/ YleOsti vahingossa 40 000 teosta<\/p>\n<p class=\"aw__sc-1qwuw0s-0 aw__sc-ngllmo-0 epAWpq fzYpjk yle__article__paragraph\">\u2013 Ei ole oikeastaan mink\u00e4\u00e4nn\u00e4k\u00f6ist\u00e4 suhdetta kirjoihin. Siskokin ihmetteli, mit\u00e4 menin tekem\u00e4\u00e4n, Talka naurahtaa.<\/p>\n<p class=\"aw__sc-1qwuw0s-0 aw__sc-ngllmo-0 epAWpq fzYpjk yle__article__paragraph\">Kaikki alkoi vuosi sitten, kun Talka p\u00e4\u00e4tti l\u00e4hte\u00e4 sateisena elokuun p\u00e4iv\u00e4n\u00e4 huutokauppaan Lemille. H\u00e4n ei aikonut ostaa mit\u00e4\u00e4n, vaan meni paikalle vain katsomaan, kun lopettava antikvariaatti Taikalyhty myi kirjojaan.<\/p>\n<p class=\"aw__sc-1qwuw0s-0 aw__sc-ngllmo-0 epAWpq fzYpjk yle__article__paragraph\">Huutokaupassa myytiin 10\u00a0000 painotuotetta. Ensimm\u00e4inen huuto oli euron, toinen kymmenen.<\/p>\n<p class=\"aw__sc-1qwuw0s-0 aw__sc-ngllmo-0 epAWpq fzYpjk yle__article__paragraph\">Talka katsoi ymp\u00e4rilleen ja teki sitten sotilaan nopean johtop\u00e4\u00e4t\u00f6ksen: paikalla ei ole yht\u00e4\u00e4n oikeaa ostajaa. \u201dTuhat euroa\u201d, h\u00e4n tarjosi. Ensimm\u00e4inen, toinen, kolmas kerta \u2013 myyty!<\/p>\n<p class=\"aw__sc-1qwuw0s-0 aw__sc-ngllmo-0 epAWpq fzYpjk yle__article__paragraph\">\u2013 Kysymyksess\u00e4 on kulttuuriteko. Muuten n\u00e4m\u00e4 kirjat olisivat menneet kaatopaikalle, Talka perustelee ostop\u00e4\u00e4t\u00f6st\u00e4\u00e4n.<\/p>\n<p><img decoding=\"async\" alt=\"Mies ruudullisessa paidassa seisoo huoneessa, jonka keltaisella sein\u00e4ll\u00e4 on kirjoja ja valokuvia.\" src=\"https:\/\/www.europesays.com\/fi\/wp-content\/uploads\/2026\/08\/1787833091.jpeg\" loading=\"lazy\" class=\"aw__sc-dklauk-0 LPzKX\"\/><\/p>\n<p>Avaa kuvien katselu<\/p>\n<p>Ismo Talka kertoo, ett\u00e4 h\u00e4nell\u00e4 ei ollut ennen kirjojen ostoa mink\u00e4\u00e4nlaista asiantuntemusta kirjoista ja niiden arvoista. Nyt h\u00e4n on opetellut alaa netin avulla. Kuva: Mikko Savolainen \/ Yle<\/p>\n<p class=\"aw__sc-1qwuw0s-0 aw__sc-ngllmo-0 epAWpq fzYpjk yle__article__paragraph\">Antikvariaatti Taikalyhdyn varasto oli tyhjennett\u00e4v\u00e4 kahdessa viikossa. Talka ryhtyi t\u00f6ihin.<\/p>\n<p class=\"aw__sc-1qwuw0s-0 aw__sc-ngllmo-0 epAWpq fzYpjk yle__article__paragraph\">Kirjojen todellisen m\u00e4\u00e4r\u00e4n h\u00e4n tajusi tyhjennyksen toiseksi viimeisen\u00e4 p\u00e4iv\u00e4n\u00e4, kun ovesta asteli sis\u00e4\u00e4n 89-vuotias <strong class=\"aw__sc-ngllmo-2 gdRrun yle__article__strong\">Heikki Pekari<\/strong>. H\u00e4n oli lopettaneen antikvariaatin omistajan sukulainen.<\/p>\n<p class=\"aw__sc-1qwuw0s-0 aw__sc-ngllmo-0 epAWpq fzYpjk yle__article__paragraph\">\u2013 Siin\u00e4 puhuimme kaikkea ja lopuksi h\u00e4n sanoi hymyss\u00e4 suin, ett\u00e4 pojille k\u00e4vi pieni virhe. Eih\u00e4n n\u00e4it\u00e4 ole 10\u00a0000 vaan 40\u00a0000, Talka kertoo.<\/p>\n<p><img decoding=\"async\" alt=\"N\u00e4yteikkunassa kaksi valokuvakirjaa, joissa on ihmisten kasvokuvia, sek\u00e4 Stefan Bremerin kirja nimelt\u00e4 &quot;Ecce Homo&quot; 1992.\" src=\"https:\/\/www.europesays.com\/fi\/wp-content\/uploads\/2026\/08\/1787833043.jpeg\" loading=\"lazy\" class=\"aw__sc-dklauk-0 LPzKX\"\/><\/p>\n<p>Avaa kuvien katselu<\/p>\n<p>Kyl\u00e4kaupan lihatiskill\u00e4 on auki valokuvakirja, jossa on kuvia naisista sek\u00e4 vieress\u00e4 suuri Stefan Bremenin Ecce Homo- valokuvateos. Kuva: Mikko Savolainen \/ YleArvokkaita kirjoja l\u00f6ytyy p\u00e4ivitt\u00e4in<\/p>\n<p class=\"aw__sc-1qwuw0s-0 aw__sc-ngllmo-0 epAWpq fzYpjk yle__article__paragraph\">Nyt Ismo Talka seisoo tiskin takana entisess\u00e4 kyl\u00e4kaupassa Taipalsaaren Merenlahdella, ymp\u00e4rill\u00e4\u00e4n vuonna 1962 perustetun kaupan alkuper\u00e4iset kalusteet.<\/p>\n<p class=\"aw__sc-1qwuw0s-0 aw__sc-ngllmo-0 epAWpq fzYpjk yle__article__paragraph\">Lihatiskill\u00e4 eiv\u00e4t en\u00e4\u00e4 lep\u00e4\u00e4 makkarapalat vaan arvokkaita valokuvateoksia, joiden hinta-arvio ylitt\u00e4\u00e4 tonnin. Jauholaareissa on eroottista kirjallisuutta.<\/p>\n<p><img decoding=\"async\" alt=\"Valkoisessa kylm\u00e4kaapissa on kirjoja ja taustalla vihre\u00e4 sein\u00e4, hyllyj\u00e4 ja kello.\" src=\"https:\/\/www.europesays.com\/fi\/wp-content\/uploads\/2026\/08\/1787833036.jpeg\" loading=\"lazy\" class=\"aw__sc-dklauk-0 LPzKX\"\/><\/p>\n<p>Avaa kuvien katselu<\/p>\n<p>\u201dKyl\u00e4kaupassa arvokkaimmat tuotteet olivat aikoinaan tietysti lihatiskill\u00e4. K\u00e4yt\u00e4n my\u00f6s nyt lihatiski\u00e4 arvokkaimpien myyntituotteiden esille tuontiin\u201d, Talka kertoo. Kuva: Mikko Savolainen \/ Yle<\/p>\n<p class=\"aw__sc-1qwuw0s-0 aw__sc-ngllmo-0 epAWpq fzYpjk yle__article__paragraph\">T\u00e4h\u00e4n menness\u00e4 arvokkain kirja on lihatiskill\u00e4 oleva \u201dEcce Homo 1992 Opus\u201d. Se sis\u00e4lt\u00e4\u00e4 kahdeksan valokuvataiteilija <strong class=\"aw__sc-ngllmo-2 gdRrun yle__article__strong\">Stefan Bremerin<\/strong> ottamaa kuvaa. Teosta on painettu 120 kappaletta. Yhden kirjan arvo on noin tuhat euroa. Talkalla Ecce Homo -teoksia on kolme.<\/p>\n<p class=\"aw__sc-1qwuw0s-0 aw__sc-ngllmo-0 epAWpq fzYpjk yle__article__paragraph\">\u2013 Viime vuonna k\u00e4vin ensimm\u00e4ist\u00e4 kertaa Helsingin kirjamessuilla. Siell\u00e4 arvioitsija sanoi, ett\u00e4 vie ne Bukowskin taidehuutokauppaa, mutta \u00e4l\u00e4 pid\u00e4 mit\u00e4\u00e4n kiirett\u00e4, n\u00e4ill\u00e4 arvo kasvaa, Talka kertoo.<\/p>\n<p class=\"aw__sc-1qwuw0s-0 aw__sc-ngllmo-0 epAWpq fzYpjk yle__article__paragraph\">Talka nostaa esiin my\u00f6s Suomen Kuvalehden vuodelta 1894, joka on kuin suoraan painokoneesta tullut. Lehte\u00e4 ei ole nidottu, vaan se on kotelossa.<\/p>\n<p class=\"aw__sc-1qwuw0s-0 aw__sc-ngllmo-0 epAWpq fzYpjk yle__article__paragraph\">\u2013 Kirjamessuilla arvioitsija sanoi, ettei ole ikin\u00e4 n\u00e4hnyt vastaavaa.<\/p>\n<p><img decoding=\"async\" alt=\"Kirjakaupan sis\u00e4tila, hyllyiss\u00e4 ja p\u00f6ydill\u00e4 runsaasti kirjoja, seinill\u00e4 ikkunoita ja kello.\" src=\"https:\/\/www.europesays.com\/fi\/wp-content\/uploads\/2026\/08\/1787833058.jpeg\" loading=\"lazy\" class=\"aw__sc-dklauk-0 LPzKX\"\/><\/p>\n<p>Avaa kuvien katselu<\/p>\n<p>Talkan antikvariaatti on auki syyskuun puoleen v\u00e4liin asti s\u00e4ist\u00e4 riippuen. Jatkossa se on auki l\u00e4hinn\u00e4 kes\u00e4isin, mutta verkkomyynti on tarkoitus aloittaa jossain vaiheessa.  Kuva: Mikko Savolainen \/ YlePikkukyl\u00e4n kauppa kiinnostaa \u2013 arvokirjoja l\u00f6ytyy p\u00e4ivitt\u00e4in<\/p>\n<p class=\"aw__sc-1qwuw0s-0 aw__sc-ngllmo-0 epAWpq fzYpjk yle__article__paragraph\">Kirjakauppa on auki seitsem\u00e4tt\u00e4 p\u00e4iv\u00e4\u00e4. Talka arvioi, ett\u00e4 asiakkaita on k\u00e4ynyt noin 500. Se on paljon, sill\u00e4 kauppa sijaitsee pieness\u00e4, 220 asukkaan kyl\u00e4ss\u00e4.<\/p>\n<p class=\"aw__sc-1qwuw0s-0 aw__sc-ngllmo-0 epAWpq fzYpjk yle__article__paragraph\">Kes\u00e4m\u00f6kkil\u00e4iset Helsingist\u00e4, Espoosta ja Vantaalta ovat l\u00f6yt\u00e4neet Talkan kirjojen aarreaitan, jossa halvin kirja maksaa euron ja kallein yli tuhat.<\/p>\n<p class=\"aw__sc-1qwuw0s-0 aw__sc-ngllmo-0 epAWpq fzYpjk yle__article__paragraph\">\u2013 Yll\u00e4tt\u00e4v\u00e4n hyvin kauppa on k\u00e4ynyt. Merenlahden ymp\u00e4rist\u00f6ss\u00e4 on noin 600\u2013700 huvilaa. Suurin ostajakunta on tullut huviloilta.<\/p>\n<p><img decoding=\"async\" alt=\"Puisessa varastotilassa on paljon pahvilaatikoita ja kirjakasoja, valaistuksena kattolamppu.\" src=\"https:\/\/www.europesays.com\/fi\/wp-content\/uploads\/2026\/08\/1787833073.jpeg\" loading=\"lazy\" class=\"aw__sc-dklauk-0 LPzKX\"\/><\/p>\n<p>Avaa kuvien katselu<\/p>\n<p>Kirjakauppaa on tarkoitus laajentaan nyt tupaten t\u00e4ynn\u00e4 olevaan kaupan varastoon. Talka arvioi, ett\u00e4 varasto tulee myym\u00e4l\u00e4k\u00e4ytt\u00f6\u00f6n vuonna 2028. Kuva: Mikko Savolainen \/ Yle<\/p>\n<p class=\"aw__sc-1qwuw0s-0 aw__sc-ngllmo-0 epAWpq fzYpjk yle__article__paragraph\">Talkan omistama teosm\u00e4\u00e4r\u00e4 on huima. Kaiken l\u00e4pik\u00e4yminen vie valtavasti aikaa, mutta Talkan mukaan se on my\u00f6s palkitsevaa.<\/p>\n<p class=\"aw__sc-1qwuw0s-0 aw__sc-ngllmo-0 epAWpq fzYpjk yle__article__paragraph\">\u2013 Olen purkanut nyt suurin piirtein 30 prosenttia kirjoista, ja 70 prosenttia on purkamatta. Ja v\u00e4it\u00e4n, ett\u00e4 joka p\u00e4iv\u00e4 l\u00f6yd\u00e4n arvokirjoja.<\/p>\n<p><img decoding=\"async\" alt=\"Mies seisoo nurmikolla, taustalla keltainen rakennus.\" src=\"https:\/\/www.europesays.com\/fi\/wp-content\/uploads\/2026\/08\/1788094457_576_1787833099.jpeg\" loading=\"lazy\" class=\"aw__sc-dklauk-0 LPzKX\"\/><\/p>\n<p>Avaa kuvien katselu<\/p>\n<p>Ismo Talka on my\u00f6s paikallishistorian tuntija ja kirjailija. Parhaillaan h\u00e4n kirjoittaa kirjaa etel\u00e4isen Saimaan matkustajah\u00f6yrylaivaliikenteest\u00e4. Kuva: Mikko Savolainen \/ YleAarre banaanilaatikosta<\/p>\n<p class=\"aw__sc-1qwuw0s-0 aw__sc-ngllmo-0 epAWpq fzYpjk yle__article__paragraph\">Taikalyhdyn yl\u00e4kerrasta l\u00f6ytyi painava banaanilaatikko, jota Talka ei meinannut edes jaksaa kantaa. Kotona laatikosta paljastui aarre.<\/p>\n<p class=\"aw__sc-1qwuw0s-0 aw__sc-ngllmo-0 epAWpq fzYpjk yle__article__paragraph\">\u2013 Siell\u00e4 oli 5\u00a0000 kappaletta kuvataiteilija <strong class=\"aw__sc-ngllmo-2 gdRrun yle__article__strong\">Anni Soldan-Nissisen<\/strong> tekemi\u00e4 joulu- ja uudenvuodenkortteja. T\u00e4ysin iskem\u00e4tt\u00f6mi\u00e4.<\/p>\n<p><img decoding=\"async\" alt=\"Postikortteja myyntitelineess\u00e4, etualalla kortti, jossa kaksi lasta tekee lumiukkoa ja teksti &quot;Onnellista uutta vuotta&quot;.\" src=\"https:\/\/www.europesays.com\/fi\/wp-content\/uploads\/2026\/08\/1787833081.jpeg\" loading=\"lazy\" class=\"aw__sc-dklauk-0 LPzKX\"\/><\/p>\n<p>Avaa kuvien katselu<\/p>\n<p>Talkan mukaan Anni Soldan-Nissisen nostalgiset taidepostikortit ovat k\u00e4yneet hyvin kaupaksi. Kuva: Mikko Savolainen \/ Yle<\/p>\n<p class=\"aw__sc-1qwuw0s-0 aw__sc-ngllmo-0 epAWpq fzYpjk yle__article__paragraph\">H\u00e4n aloitti heti korttimyynnin ja pani kappalehinnaksi euron. Ja kauppa k\u00e4vi. H\u00e4n sai nopeasti sijoittamansa tonnin takaisin.<\/p>\n<p class=\"aw__sc-1qwuw0s-0 aw__sc-ngllmo-0 epAWpq fzYpjk yle__article__paragraph\">\u2013 Pelk\u00e4st\u00e4\u00e4n kortit myym\u00e4ll\u00e4 saan 5\u00a0000 euroa. Laskin, ett\u00e4 maksoin laatikollisesta korttia 2,5 sentti\u00e4, naurahtaa Talka.<\/p>\n<p class=\"aw__sc-1qwuw0s-0 aw__sc-ngllmo-0 epAWpq fzYpjk yle__article__paragraph\">Mutta eversti ei ole t\u00e4ss\u00e4 rikastuakseen.<\/p>\n<p class=\"aw__sc-1qwuw0s-0 aw__sc-ngllmo-0 epAWpq fzYpjk yle__article__paragraph\">Kun kysyt\u00e4\u00e4n, miksi kirjoja ei voi heitt\u00e4\u00e4 roskiin, Talka katsoo suoraan silmiin ja sanoo: \u201dKysymyksess\u00e4 on kulttuuriteko.\u201d<\/p>\n<p class=\"aw__sc-1qwuw0s-0 aw__sc-ngllmo-0 epAWpq fzYpjk yle__article__paragraph\">Ja niin 40\u00a0000 kirjaa sai uuden kodin \u2013 ja eversti uuden el\u00e4m\u00e4nteht\u00e4v\u00e4n.<\/p>\n","protected":false},"excerpt":{"rendered":"Entisen kyl\u00e4kaupan julkisivu loistaa elokuun auringossa. 50 vuotta tyhjill\u00e4\u00e4n ollut kauppa on her\u00e4nnyt uuteen eloon. Kaupan ovesta astuu&hellip;\n","protected":false},"author":2,"featured_media":337159,"comment_status":"","ping_status":"","sticky":false,"template":"","format":"standard","meta":{"footnotes":"","_share_on_mastodon":"0"},"categories":[12],"tags":[12948,22,23,1302,26,27,33,31,30,17,3009,440,378,71,108,24,25,28,29,15,41744,18,21,32,3666,19,20,16,41743],"class_list":["post-337158","post","type-post","status-publish","format-standard","has-post-thumbnail","category-suomi","tag-antikvariaatit","tag-breaking-news","tag-breakingnews","tag-etela-karjala","tag-featured-news","tag-featurednews","tag-fi","tag-finland","tag-finnish","tag-headlines","tag-huutokauppa","tag-ihmiset","tag-kirjat","tag-kotimaa","tag-kulttuuri","tag-latest-news","tag-latestnews","tag-main-news","tag-mainnews","tag-news","tag-osto-ja-myyntiliikkeet","tag-otsikot","tag-paauutiset","tag-suomi","tag-taipalsaari","tag-top-stories","tag-topstories","tag-uutiset","tag-vanhat-kirjat"],"share_on_mastodon":{"url":"https:\/\/pubeurope.com\/@fi\/117184566282368044","error":""},"_links":{"self":[{"href":"https:\/\/www.europesays.com\/fi\/wp-json\/wp\/v2\/posts\/337158","targetHints":{"allow":["GET"]}}],"collection":[{"href":"https:\/\/www.europesays.com\/fi\/wp-json\/wp\/v2\/posts"}],"about":[{"href":"https:\/\/www.europesays.com\/fi\/wp-json\/wp\/v2\/types\/post"}],"author":[{"embeddable":true,"href":"https:\/\/www.europesays.com\/fi\/wp-json\/wp\/v2\/users\/2"}],"replies":[{"embeddable":true,"href":"https:\/\/www.europesays.com\/fi\/wp-json\/wp\/v2\/comments?post=337158"}],"version-history":[{"count":0,"href":"https:\/\/www.europesays.com\/fi\/wp-json\/wp\/v2\/posts\/337158\/revisions"}],"wp:featuredmedia":[{"embeddable":true,"href":"https:\/\/www.europesays.com\/fi\/wp-json\/wp\/v2\/media\/337159"}],"wp:attachment":[{"href":"https:\/\/www.europesays.com\/fi\/wp-json\/wp\/v2\/media?parent=337158"}],"wp:term":[{"taxonomy":"category","embeddable":true,"href":"https:\/\/www.europesays.com\/fi\/wp-json\/wp\/v2\/categories?post=337158"},{"taxonomy":"post_tag","embeddable":true,"href":"https:\/\/www.europesays.com\/fi\/wp-json\/wp\/v2\/tags?post=337158"}],"curies":[{"name":"wp","href":"https:\/\/api.w.org\/{rel}","templated":true}]}}