{"id":337184,"date":"2026-08-30T13:46:11","date_gmt":"2026-08-30T13:46:11","guid":{"rendered":"https:\/\/www.europesays.com\/fi\/337184\/"},"modified":"2026-08-30T13:46:11","modified_gmt":"2026-08-30T13:46:11","slug":"juhani-nosti-hauiksillaan-jarisyttavat-raudat","status":"publish","type":"post","link":"https:\/\/www.europesays.com\/fi\/337184\/","title":{"rendered":"Juhani nosti hauiksillaan j\u00e4risytt\u00e4v\u00e4t raudat"},"content":{"rendered":"<p>TULOKSET<\/p>\n<p class=\"paragraph\">Miesten hauisk\u00e4\u00e4nn\u00f6n SM-finaali Nordic Fitness Expo<\/p>\n<p class=\"paragraph\"><strong>Miehet alle 80 kg<\/strong><\/p>\n<p class=\"paragraph\">1.Pauli M\u00e4enp\u00e4\u00e4, Klaukkala, 76 kg SE<\/p>\n<p class=\"paragraph\">2.Antti Salmi, Espoo, 73,5 kg *<\/p>\n<p class=\"paragraph\">3.Joonatan Parkkonen, Jyv\u00e4skyl\u00e4, 73,5 kg*<\/p>\n<p class=\"paragraph\">4.Marko Laitinen, Varkaus, 70,5 kg<\/p>\n<p class=\"paragraph\">5.Toni Lehtinen, Yl\u00f6j\u00e4rvi, 70 kg<\/p>\n<p class=\"paragraph\">6.Armas Humalajoki, Perho, 67,5 kg<\/p>\n<p class=\"paragraph\">7.Kasper Sirkka, Oulu, 55 kg<\/p>\n<p class=\"paragraph\">*Kilpailijat nostaneet saman tuloksen, kevyempi kilpailija sijoittui korkeammalle<\/p>\n<p class=\"paragraph\"><strong>Miehet alle 90 kg<\/strong><\/p>\n<p class=\"paragraph\">1.Jere Tiihonen, Lahti, 77,5 kg<\/p>\n<p class=\"paragraph\">2.Jouni Saastamoinen, Kuopio, 65 kg<\/p>\n<p class=\"paragraph\">3.Petter Antman, Porvoo, 60 kg<\/p>\n<p class=\"paragraph\"><strong>Miehet alle 100 kg<\/strong><\/p>\n<p class=\"paragraph\">1.Toni Oinas, Tornio, 86 kg SE<\/p>\n<p class=\"paragraph\">2.Teemu Aho, Kokkola, 82,5 kg*<\/p>\n<p class=\"paragraph\">3.Jaakko Lievonen, Hyvink\u00e4\u00e4, 82,5 kg*<\/p>\n<p class=\"paragraph\">4.Vesa Timperi, Kouvola, 78,5 kg<\/p>\n<p class=\"paragraph\">5.Elmo Joutsimo, Espoo, 70 kg<\/p>\n<p class=\"paragraph\">6.Mika Herrainsilta, Tampere, 65 kg<\/p>\n<p class=\"paragraph\">*Kilpailijat nostaneet saman tuloksen, kevyempi kilpailija sijoittui korkeammalle<\/p>\n<p class=\"paragraph\"><strong>Miehet alle 110 kg<\/strong><\/p>\n<p class=\"paragraph\">1.Waltteri Viitanen, Tampere, 81 kg<\/p>\n<p class=\"paragraph\">2.Lauri Pasanen, Tuusula, 80 kg<\/p>\n<p class=\"paragraph\">3.Leif Keskevaari, Lahti, 79 kg<\/p>\n<p class=\"paragraph\">4.Miika Heikkil\u00e4, Helsinki, 75 kg<\/p>\n<p class=\"paragraph\"><strong>Miehet yli 110 kg<\/strong><\/p>\n<p class=\"paragraph\">1.Juhani Pajunen, Turku, 95 kg SE<\/p>\n<p class=\"paragraph\">2.Joni Jokela, Kuusamo, 85 kg<\/p>\n","protected":false},"excerpt":{"rendered":"TULOKSET Miesten hauisk\u00e4\u00e4nn\u00f6n SM-finaali Nordic Fitness Expo Miehet alle 80 kg 1.Pauli M\u00e4enp\u00e4\u00e4, Klaukkala, 76 kg SE 2.Antti&hellip;\n","protected":false},"author":2,"featured_media":337185,"comment_status":"","ping_status":"","sticky":false,"template":"","format":"standard","meta":{"footnotes":"","_share_on_mastodon":"0"},"categories":[12],"tags":[35,22,23,26,27,33,31,30,17,24,25,720,41,28,29,5546,15,18,21,32,78,19,20,161,16,162],"class_list":["post-337184","post","type-post","status-publish","format-standard","has-post-thumbnail","category-suomi","tag-24h","tag-breaking-news","tag-breakingnews","tag-featured-news","tag-featurednews","tag-fi","tag-finland","tag-finnish","tag-headlines","tag-latest-news","tag-latestnews","tag-liiketoiminta-ja-rahoitus","tag-liikunta-ja-urheilu","tag-main-news","tag-mainnews","tag-naisten-yleisurheilu","tag-news","tag-otsikot","tag-paauutiset","tag-suomi","tag-talous","tag-top-stories","tag-topstories","tag-urheilutapahtumat","tag-uutiset","tag-yleisurheilu"],"share_on_mastodon":{"url":"","error":""},"_links":{"self":[{"href":"https:\/\/www.europesays.com\/fi\/wp-json\/wp\/v2\/posts\/337184","targetHints":{"allow":["GET"]}}],"collection":[{"href":"https:\/\/www.europesays.com\/fi\/wp-json\/wp\/v2\/posts"}],"about":[{"href":"https:\/\/www.europesays.com\/fi\/wp-json\/wp\/v2\/types\/post"}],"author":[{"embeddable":true,"href":"https:\/\/www.europesays.com\/fi\/wp-json\/wp\/v2\/users\/2"}],"replies":[{"embeddable":true,"href":"https:\/\/www.europesays.com\/fi\/wp-json\/wp\/v2\/comments?post=337184"}],"version-history":[{"count":0,"href":"https:\/\/www.europesays.com\/fi\/wp-json\/wp\/v2\/posts\/337184\/revisions"}],"wp:featuredmedia":[{"embeddable":true,"href":"https:\/\/www.europesays.com\/fi\/wp-json\/wp\/v2\/media\/337185"}],"wp:attachment":[{"href":"https:\/\/www.europesays.com\/fi\/wp-json\/wp\/v2\/media?parent=337184"}],"wp:term":[{"taxonomy":"category","embeddable":true,"href":"https:\/\/www.europesays.com\/fi\/wp-json\/wp\/v2\/categories?post=337184"},{"taxonomy":"post_tag","embeddable":true,"href":"https:\/\/www.europesays.com\/fi\/wp-json\/wp\/v2\/tags?post=337184"}],"curies":[{"name":"wp","href":"https:\/\/api.w.org\/{rel}","templated":true}]}}