{"id":337188,"date":"2026-08-30T14:00:09","date_gmt":"2026-08-30T14:00:09","guid":{"rendered":"https:\/\/www.europesays.com\/fi\/337188\/"},"modified":"2026-08-30T14:00:09","modified_gmt":"2026-08-30T14:00:09","slug":"niina-lahtinen-paljastaa-kovan-viikon-ilta-ohjelman-kulissien-takaiset-salaisuudet","status":"publish","type":"post","link":"https:\/\/www.europesays.com\/fi\/337188\/","title":{"rendered":"Niina Lahtinen paljastaa Kovan viikon ilta -ohjelman kulissien takaiset salaisuudet"},"content":{"rendered":"<p class=\"article-content article-content-width !bg-background\">N\u00e4yttelij\u00e4-k\u00e4sikirjoittaja <a alt=\"Haku\" class=\"text-primary-red font-extrabold\" href=\"https:\/\/www.seiska.fi\/haku?q=Niina Lahtinen\" rel=\"nofollow noopener\" target=\"_blank\">Niina Lahtinen<\/a> hypp\u00e4si mukaan Ylen Kovan viikon ilta -nimiseen politiikkasatiiriohjelmaan vuonna 2023.<\/p>\n<p class=\"font-weight-bold m-font-weight-bold article-content article-content-width !bg-background\">Katso my\u00f6s! Niina Lahtinen kes\u00e4isess\u00e4 Kumpi mielummin? -haasteessa:<\/p>\n<p class=\"article-content article-content-width !bg-background\">Niinan mukaan katsojien suhtautuminen h\u00e4neen yhten\u00e4 vakiopanelistina on ollut vaihtelevaa.<\/p>\n<p class=\"article-content article-content-width !bg-background\"> \u2013 Toiset tykk\u00e4\u00e4 ja toiset inhoaa, Niina summaa.<\/p>\n<p class=\"article-content article-content-width !bg-background\">Ohjelman ydin on k\u00e4sitell\u00e4 ajankohtaisia politiikan uutisia ja -ilmi\u00f6it\u00e4\u00a0 kevyen humoristiseen tyyliin yhdess\u00e4 panelistien kanssa.<\/p>\n<p>                <img decoding=\"async\" src=\"https:\/\/www.europesays.com\/fi\/wp-content\/uploads\/2026\/08\/2241289.webp\" width=\"576\" height=\"720\" alt=\"Niinan syksyst\u00e4 ei vauhtia puutu. Niinan ja Joonas Nordmanin yhteinen teatterikomedia Kotijoukot py\u00f6rii Helsingin Kaupunginteatterissa l\u00e4pi syksyn, jonka ohella Niina n\u00e4hd\u00e4\u00e4n j\u00e4lleen tulevan Kovan viikon ilta -tuotantokauden panelistossa.\" loading=\"lazy\" \/>            <\/p>\n<p>\n            Niinan syksyst\u00e4 ei vauhtia puutu. Niinan ja Joonas Nordmanin yhteinen teatterikomedia Kotijoukot py\u00f6rii Helsingin Kaupunginteatterissa l\u00e4pi syksyn, jonka ohella Niina n\u00e4hd\u00e4\u00e4n j\u00e4lleen tulevan Kovan viikon ilta -tuotantokauden panelistossa.<br \/>\n            Kai Joronen\n        <\/p>\n<p class=\"article-content article-content-width !bg-background\">Niina kertoo seuraavansa politiikkaa, mutta paljastaa panelistien saavan tiet\u00e4\u00e4 jaksoissa k\u00e4sitelt\u00e4v\u00e4t aiheet ennakkoon.<\/p>\n<p class=\"article-content article-content-width !bg-background\"> \u2013 Jos on joku aihe mit\u00e4 en ole seurannut,\u00a0niin taustatoimittajat l\u00e4hett\u00e4v\u00e4t onneksi meille jokaista jaksoa varten oleellisimmat uutisjutut.<\/p>\n<p class=\"article-content article-content-width !bg-background\"> \u2013 En ole kuitenkaan mik\u00e4\u00e4n intohimoisin uutisten seuraaja, minulla on enemm\u00e4n sellainen maallikon n\u00e4k\u00f6kulma, Niina summaa. <\/p>\n<p class=\"article-content article-content-width !bg-background\">Toisinaan ennalta kirjoitetut vitsit saattavat kuitenkin kuvaustilanteessa unohtua.<\/p>\n<p class=\"article-content article-content-width !bg-background\"> \u2013 Sitten t\u00e4ytyy vain improvisoida ja nyk\u00e4ist\u00e4 vieress\u00e4 istuvaa panelistia hihasta!<\/p>\n","protected":false},"excerpt":{"rendered":"N\u00e4yttelij\u00e4-k\u00e4sikirjoittaja Niina Lahtinen hypp\u00e4si mukaan Ylen Kovan viikon ilta -nimiseen politiikkasatiiriohjelmaan vuonna 2023. Katso my\u00f6s! Niina Lahtinen kes\u00e4isess\u00e4&hellip;\n","protected":false},"author":2,"featured_media":337189,"comment_status":"","ping_status":"","sticky":false,"template":"","format":"standard","meta":{"footnotes":"","_share_on_mastodon":"0"},"categories":[136],"tags":[407,137,33,31,30,408,17826,3669,7125,41748,32,109,1149],"class_list":["post-337188","post","type-post","status-publish","format-standard","has-post-thumbnail","category-julkkikset","tag-celebrities","tag-entertainment","tag-fi","tag-finland","tag-finnish","tag-julkkikset","tag-kovan-viikon-ilta","tag-niina-lahtinen","tag-panelisti","tag-politiikkasatiiri","tag-suomi","tag-viihde","tag-yle"],"share_on_mastodon":{"url":"https:\/\/pubeurope.com\/@fi\/117184825371933053","error":""},"_links":{"self":[{"href":"https:\/\/www.europesays.com\/fi\/wp-json\/wp\/v2\/posts\/337188","targetHints":{"allow":["GET"]}}],"collection":[{"href":"https:\/\/www.europesays.com\/fi\/wp-json\/wp\/v2\/posts"}],"about":[{"href":"https:\/\/www.europesays.com\/fi\/wp-json\/wp\/v2\/types\/post"}],"author":[{"embeddable":true,"href":"https:\/\/www.europesays.com\/fi\/wp-json\/wp\/v2\/users\/2"}],"replies":[{"embeddable":true,"href":"https:\/\/www.europesays.com\/fi\/wp-json\/wp\/v2\/comments?post=337188"}],"version-history":[{"count":0,"href":"https:\/\/www.europesays.com\/fi\/wp-json\/wp\/v2\/posts\/337188\/revisions"}],"wp:featuredmedia":[{"embeddable":true,"href":"https:\/\/www.europesays.com\/fi\/wp-json\/wp\/v2\/media\/337189"}],"wp:attachment":[{"href":"https:\/\/www.europesays.com\/fi\/wp-json\/wp\/v2\/media?parent=337188"}],"wp:term":[{"taxonomy":"category","embeddable":true,"href":"https:\/\/www.europesays.com\/fi\/wp-json\/wp\/v2\/categories?post=337188"},{"taxonomy":"post_tag","embeddable":true,"href":"https:\/\/www.europesays.com\/fi\/wp-json\/wp\/v2\/tags?post=337188"}],"curies":[{"name":"wp","href":"https:\/\/api.w.org\/{rel}","templated":true}]}}