{"id":337198,"date":"2026-08-30T14:13:10","date_gmt":"2026-08-30T14:13:10","guid":{"rendered":"https:\/\/www.europesays.com\/fi\/337198\/"},"modified":"2026-08-30T14:13:10","modified_gmt":"2026-08-30T14:13:10","slug":"mauri-peltokangas-kohussa-kaanne","status":"publish","type":"post","link":"https:\/\/www.europesays.com\/fi\/337198\/","title":{"rendered":"Mauri Peltokangas -kohussa k\u00e4\u00e4nne"},"content":{"rendered":"<p>Mauri Peltokankaan kohu alkoi jo orastavasti n\u00e4ytt\u00e4\u00e4 hallituspuolueissa loppuun k\u00e4sitellylt\u00e4. RKP:ll\u00e4 on kuitenkin viel\u00e4 vaatimus.<\/p>\n<p class=\"paragraph\">Kohu kansanedustaja <a href=\"https:\/\/www.iltalehti.fi\/henkilot\/Mauri Peltokangas\" class=\"article-link-person-page\" rel=\"nofollow noopener\" target=\"_blank\">Mauri Peltokankaan<\/a> Facebook-t\u00f6r\u00e4ytyksest\u00e4 jatkuu. Kokoomus pit\u00e4\u00e4 asiaa k\u00e4siteltyn\u00e4, mutta RKP ei.<\/p>\n<p class=\"paragraph\">Ryhm\u00e4johtaja <a href=\"https:\/\/www.iltalehti.fi\/henkilot\/Jani M\u00e4kel\u00e4\" class=\"article-link-person-page\" rel=\"nofollow noopener\" target=\"_blank\">Jani M\u00e4kel\u00e4<\/a> (ps) kertoi toissap\u00e4iv\u00e4n\u00e4 Iltalehdelle perussuomalaisten eduskuntaryhm\u00e4n k\u00e4sitelleen kansanedustaja <a href=\"https:\/\/www.iltalehti.fi\/henkilot\/Mauri Peltokangas\" class=\"article-link-person-page\" rel=\"nofollow noopener\" target=\"_blank\">Mauri Peltokankaan<\/a> (ps) kohua her\u00e4tt\u00e4nytt\u00e4 tapausta ryhm\u00e4n kes\u00e4kokouksessa Imatralla aiemmin t\u00e4ll\u00e4 viikolla.<\/p>\n<p class=\"paragraph\">M\u00e4kel\u00e4n mukaan henkil\u00f6\u00f6n eli t\u00e4ss\u00e4 tapauksessa Peltokankaaseen eik\u00e4 h\u00e4nen kirjoitukseensa kuitenkaan menty.<\/p>\n<p class=\"paragraph\">\u2013 Asioista k\u00e4ytiin keskustelua ja todettiin yleisen\u00e4 n\u00e4kemyksen\u00e4, ett\u00e4 oma tilannekuvani ja <a href=\"https:\/\/www.iltalehti.fi\/henkilot\/Riikka Purra\" class=\"article-link-person-page\" rel=\"nofollow noopener\" target=\"_blank\">[Riikka] Purran<\/a> tilannekuva jaetaan, eli ett\u00e4 on parempi keskustella asioista kuin niiden ilmaisutavoista, M\u00e4kel\u00e4 kertoi.<\/p>\n<p class=\"paragraph\">Peltokangas ei saanut ryhm\u00e4lt\u00e4 rangaistusta.<\/p>\n<p class=\"paragraph\">Peltokankaan v\u00e4itet\u00e4\u00e4n kirjoittaneen rasistisesti edustajakollegastaan <a href=\"https:\/\/www.iltalehti.fi\/henkilot\/Nasima Razmyar\" class=\"article-link-person-page\" rel=\"nofollow noopener\" target=\"_blank\">Nasima Razmyarista<\/a> (sd). Peltokangas <a href=\"https:\/\/www.iltalehti.fi\/politiikka\/96ded0bb-32fc-4563-b2a3-16bd3cfbca70\" rel=\"nofollow noopener\" target=\"_blank\">itse on kiist\u00e4nyt<\/a> edes puhuneensa Razmyarista.<\/p>\n<p>\u201dN\u00e4in sanoin\u201d<\/p>\n<p class=\"paragraph\">Kokoomuksen ryhm\u00e4johtaja <a href=\"https:\/\/www.iltalehti.fi\/henkilot\/Jukka Kopra\" class=\"article-link-person-page\" rel=\"nofollow noopener\" target=\"_blank\">Jukka Kopra<\/a> oli vaatinut viime viikon tiistaina, ett\u00e4 PS:n eduskuntaryhm\u00e4n t\u00e4ytyy k\u00e4sitell\u00e4 Peltokankaan kirjoitus.<\/p>\n<p class=\"paragraph\">\u2013 Edustaja Peltokankaan kirjoittelu on t\u00e4ysin asiatonta eik\u00e4 kuulu kansanedustajan arvovallan mukaiseen toimintaan. Perussuomalaisten eduskuntaryhm\u00e4n teht\u00e4v\u00e4 on arvioida, miten se suhtautuu t\u00e4llaiseen toimintaan ja ryhtyyk\u00f6 se asiassa toimenpiteisiin, Kopra kirjoitti X:\u00e4\u00e4n tiistaina.<\/p>\n<p class=\"paragraph\">Kopra kertoi Iltalehdelle perjantaina saaneensa PS-ryhm\u00e4st\u00e4 tiedon, ett\u00e4 asiaa on \u201dvakavasti\u201d k\u00e4sitelty ja ett\u00e4 \u201dt\u00e4m\u00e4 riitt\u00e4\u00e4 asian osalta t\u00e4ll\u00e4 er\u00e4\u00e4\u201d.<\/p>\n<p>Olen keskustellut M\u00e4kel\u00e4n kanssa, sanoo Jukka Kopra (kok). Timur Yilmaz<\/p>\n<p class=\"paragraph\">Lauantaina Kopra sanoo Iltalehdelle, ett\u00e4 kokoomukselle riitt\u00e4\u00e4 se, miten perussuomalaiset k\u00e4sitteli asian.<\/p>\n<p class=\"paragraph\">\u2013 Olen keskustellut M\u00e4kel\u00e4n kanssa ja he ovat k\u00e4yneet t\u00e4m\u00e4n asian siell\u00e4 l\u00e4pi. Se riitt\u00e4\u00e4 meille t\u00e4ll\u00e4 er\u00e4\u00e4.<\/p>\n<p class=\"paragraph\"><strong>Eli t\u00e4llainen anonyymi k\u00e4sittely, jossa ei mainita Peltokangasta nimell\u00e4 eik\u00e4 h\u00e4nelle tule seuraamuksia, on riitt\u00e4v\u00e4?<\/strong><\/p>\n<p class=\"paragraph\">\u2013 N\u00e4in sanoin.<\/p>\n<p class=\"paragraph\">Toisin sanoen Kopra ei n\u00e4e en\u00e4\u00e4 tarvetta sille, ett\u00e4 hallituspuolueiden eduskuntaryhmien johto k\u00e4sittelisi asiaa viel\u00e4 yhdess\u00e4 hallituksen aiemmin t\u00e4m\u00e4nkaltaisiin asioihin luoman <a href=\"https:\/\/www.iltalehti.fi\/politiikka\/96ded0bb-32fc-4563-b2a3-16bd3cfbca70\" rel=\"nofollow noopener\" target=\"_blank\">sanktiomekanismin mukaisesti<\/a>.<\/p>\n<p class=\"paragraph\">Kopra sanoo, ett\u00e4 h\u00e4nen puolestaan tarvetta mekanismin soveltamiselle ryhmien yhteisell\u00e4 k\u00e4sittelyll\u00e4 ei ole.<\/p>\n<p class=\"paragraph\">Kun Kopralta kysyy, onko hallituskauden loppua kohti kuljettaessa suhtautuminen miedontunut t\u00e4m\u00e4nkaltaisiin asioihin, h\u00e4n toteaa, ett\u00e4 h\u00e4nell\u00e4 ei ole t\u00e4h\u00e4n enemp\u00e4\u00e4 kommentoitavaa.<\/p>\n<p>\u201dIlmiselv\u00e4sti he haluavat&#8230;\u201d<\/p>\n<p class=\"paragraph\">Ent\u00e4 onko asia taputeltu RKP:n ryhm\u00e4johtaja <a href=\"https:\/\/www.iltalehti.fi\/henkilot\/Otto Andersson\" class=\"article-link-person-page\" rel=\"nofollow noopener\" target=\"_blank\">Otto Anderssonin<\/a> mielest\u00e4? Ei ole, ilmenee.<\/p>\n<p class=\"paragraph\">Andersson aloittaa sanomalla, ett\u00e4 on viime p\u00e4ivien aikana joutunut miettim\u00e4\u00e4n, \u201dmiten vaikeaa voi olla se, ett\u00e4 olisi vain ihan ihmisiksi\u201d.<\/p>\n<p>RKP:n eduskuntaryhm\u00e4n puheenjohtaja Otto Andersson katsoo, ett\u00e4 perussuomalaisten toiminnan taustalla on ilmiselv\u00e4 julkisuustrategia. Timur Yilmaz<\/p>\n<p class=\"paragraph\">H\u00e4n painottaa kommentoivansa tapausta julkisuudessa olleiden tietojen pohjalta.<\/p>\n<p class=\"paragraph\">Kun ensi viikolla on hallituspuolueiden eduskuntaryhmien puheenjohtajien kokous, Andersson sanoo, ett\u00e4 siell\u00e4 kollega M\u00e4kel\u00e4 varmaan kertoo perussuomalaisten ajatusmaailmasta.<\/p>\n<p class=\"paragraph\">\u2013 On hyv\u00e4 huomioida, ett\u00e4 kyll\u00e4h\u00e4n n\u00e4iden jatkuvien ulostulojen tarkoitus on maksimoida tietoisesti perussuomalaisille julkisuutta. Se pit\u00e4\u00e4 koko ajan pit\u00e4\u00e4 t\u00e4ss\u00e4 mieless\u00e4. Ilmiselv\u00e4sti he haluavat t\u00e4llaisen hyvin t\u00f6rke\u00e4n kielenk\u00e4yt\u00f6n ja muun ep\u00e4asiallisen k\u00e4yt\u00f6ksen avulla siirt\u00e4\u00e4 huomiota politiikan isoista kysymyksist\u00e4, jotka ihmisi\u00e4 kiinnostavat, jonnekin muualle, Andersson sanoo.<\/p>\n<p class=\"paragraph\">\u2013 Sen sijaan, ett\u00e4 teht\u00e4isiin joka kuukausi jotain uusia lippalakkeja, itse n\u00e4kisin, ett\u00e4 meid\u00e4n pit\u00e4isi politiikassa keskitty\u00e4 siihen, miten saadaan vanhustenhuollon ongelmat korjattua, suomalaisille t\u00f6it\u00e4 ja nuorten tulevaisuudenusko vahvistettua. T\u00e4ss\u00e4 on j\u00e4\u00e4nyt v\u00e4h\u00e4n itsellekin ep\u00e4selv\u00e4ksi, mitk\u00e4 perussuomalaisten ratkaisut n\u00e4ihin asioihin ovat.<\/p>\n<p class=\"paragraph\">Anderssonin mielest\u00e4 perussuomalaisilla on selke\u00e4 ja ilmiselv\u00e4 strategia vied\u00e4 keskustelua toisille urille.<\/p>\n<p>\u201dT\u00e4ss\u00e4h\u00e4n on ollut kaikenlaista muutakin\u201d<\/p>\n<p class=\"paragraph\">Kun Anderssonilta pyyt\u00e4\u00e4 viel\u00e4 tarkennusta RKP:n vaatimuksista Peltokankaan tapauksessa, h\u00e4n sanoo, ett\u00e4 asian asianmukainen k\u00e4sittely tarkoittaa sit\u00e4, ett\u00e4 Jani M\u00e4kel\u00e4lle annetaan mahdollisuus kertoa ryhm\u00e4johtajien tapaamisessa, miten he n\u00e4kev\u00e4t asian.<\/p>\n<p class=\"paragraph\">\u2013 En ole M\u00e4kel\u00e4n kanssa t\u00e4st\u00e4 asiasta keskustellut heid\u00e4n eduskuntaryhm\u00e4n kes\u00e4kokouksensa j\u00e4lkeen. J\u00e4\u00e4n odottamaan, miten h\u00e4n ja he n\u00e4kev\u00e4t heid\u00e4n tilanteensa yleens\u00e4. T\u00e4ss\u00e4h\u00e4n on ollut kaikenlaista muutakin, mautonta lippisviestint\u00e4\u00e4 esimerkiksi. Kiinnostaisi yleisesti kuulla, miss\u00e4 nyt menn\u00e4\u00e4n.<\/p>\n<p>Otto Andersson haluaa viel\u00e4 kuulla Jani M\u00e4kel\u00e4 (ps, kuvassa) n\u00e4kemyksi\u00e4. Miia Sir\u00e9n<\/p>\n<p class=\"paragraph\">Hiljattain sosiaali- ja terveysministeri <a href=\"https:\/\/www.iltalehti.fi\/henkilot\/Wille Rydman\" class=\"article-link-person-page\" rel=\"nofollow noopener\" target=\"_blank\">Wille Rydman<\/a> (ps) julkaisi viestipalvelu X:ss\u00e4 kuvan, jossa h\u00e4n poseerasi hymy kasvoillaan sis\u00e4ministeri <a href=\"https:\/\/www.iltalehti.fi\/henkilot\/Mari Rantanen\" class=\"article-link-person-page\" rel=\"nofollow noopener\" target=\"_blank\">Mari Rantasen<\/a> (ps) kanssa.<\/p>\n<p class=\"paragraph\">Ministereill\u00e4 oli valkoiset lippikset, joihin on painettu teksti \u201dSend them back\u201d, mik\u00e4 suomentuu \u201dl\u00e4hett\u00e4k\u00e4\u00e4 heid\u00e4t takaisin\u201d.<\/p>\n<p class=\"paragraph\">Andersson painottaa, ettei h\u00e4n viel\u00e4 ennakoi, mit\u00e4 ryhm\u00e4johtajien tapaamisesta seuraa.<\/p>\n<p class=\"paragraph\">Kysytt\u00e4ess\u00e4 sanktiomekanismin k\u00e4yt\u00f6st\u00e4, h\u00e4n muistuttaa, ett\u00e4 RKP ei ole p\u00e4\u00e4ministeripuolue.<\/p>\n<p class=\"paragraph\">\u2013 Kyll\u00e4 p\u00e4\u00e4ministeripuolue johtaa hallitusta.<\/p>\n<p>\u201dEhk\u00e4 v\u00e4\u00e4r\u00e4ss\u00e4 paikassa\u201d<\/p>\n<p class=\"paragraph\">RKP:n eduskuntaryhm\u00e4n varapuheenjohtaja <a href=\"https:\/\/www.iltalehti.fi\/henkilot\/Anders Norrback\" class=\"article-link-person-page\" rel=\"nofollow noopener\" target=\"_blank\">Anders Norrback<\/a> sanoo Iltalehdelle henkil\u00f6kohtaisena kantanaan, ett\u00e4 h\u00e4nen mielest\u00e4\u00e4n Peltokangas on eduskunnassa \u201dehk\u00e4 v\u00e4\u00e4r\u00e4ss\u00e4 paikassa, jos haluaa n\u00e4ytell\u00e4\u201d.<\/p>\n<p class=\"paragraph\">\u2013 Jos olisi teatteriesitys, se olisi eritt\u00e4in huono.<\/p>\n<p class=\"paragraph\">\u2013 Eduskunnassa yritet\u00e4\u00e4n ratkaista maan ja yhteiskunnan ongelmia sek\u00e4 tehd\u00e4 yhteiskunnasta niin hyv\u00e4 kuin mahdollista. Se on minun n\u00e4kemykseni eduskuntaty\u00f6st\u00e4.<\/p>\n<p class=\"paragraph\">Kristillisdemokraattisen eduskuntaryhm\u00e4n puheenjohtaja <a href=\"https:\/\/www.iltalehti.fi\/henkilot\/Peter \u00d6stman\" class=\"article-link-person-page\" rel=\"nofollow noopener\" target=\"_blank\">Peter \u00d6stman<\/a> tyytyy toistamaan Peltokankaan tapauksesta <a href=\"https:\/\/www.ksml.fi\/uutissuomalainen\/9694227\" target=\"_blank\" rel=\"noopener nofollow\">jo reilu pari viikkoa julkisuuteen lausumaansa<\/a>.<\/p>\n<p class=\"paragraph\">Tuolloin \u00d6stman katsoi, ett\u00e4 Peltokankaan kirjoitukset pit\u00e4\u00e4 k\u00e4sitell\u00e4 asianmukaisesti ja hallituspuolueiden yhdess\u00e4 sopimien pelis\u00e4\u00e4nt\u00f6jen mukaisesti korostaen, ett\u00e4 vastuu asian k\u00e4sittelyst\u00e4 on ensisijaisesti perussuomalaisilla.<\/p>\n<p>Keskustelun pit\u00e4\u00e4 olla avointa mutta asiallista, sanoo Peter \u00d6stman (kd). Jani Korpela<\/p>\n<p class=\"paragraph\">\u00d6stman sanoi my\u00f6s, ett\u00e4 Suomessa pit\u00e4\u00e4 voida keskustella avoimesti esimerkiksi maahanmuutosta, islamista ja ministerivalinnoista, mutta keskustelun pit\u00e4\u00e4 pysy\u00e4 asiallisena.<\/p>\n<p class=\"paragraph\">H\u00e4nen mukaansa ihmisi\u00e4 pit\u00e4isi arvioida heid\u00e4n toimintansa, n\u00e4kemystens\u00e4 ja politiikkansa perusteella, ei taustan tai uskonnon perusteella.<\/p>\n","protected":false},"excerpt":{"rendered":"Mauri Peltokankaan kohu alkoi jo orastavasti n\u00e4ytt\u00e4\u00e4 hallituspuolueissa loppuun k\u00e4sitellylt\u00e4. RKP:ll\u00e4 on kuitenkin viel\u00e4 vaatimus. Kohu kansanedustaja Mauri&hellip;\n","protected":false},"author":2,"featured_media":337199,"comment_status":"","ping_status":"","sticky":false,"template":"","format":"standard","meta":{"footnotes":"","_share_on_mastodon":"0"},"categories":[12],"tags":[35,22,23,26,27,33,31,30,17,24,25,28,29,15,18,21,637,886,888,885,887,32,19,20,16],"class_list":["post-337198","post","type-post","status-publish","format-standard","has-post-thumbnail","category-suomi","tag-24h","tag-breaking-news","tag-breakingnews","tag-featured-news","tag-featurednews","tag-fi","tag-finland","tag-finnish","tag-headlines","tag-latest-news","tag-latestnews","tag-main-news","tag-mainnews","tag-news","tag-otsikot","tag-paauutiset","tag-politiikka","tag-puolueet","tag-suomalaiset-poliitikot","tag-suomen-poliittiset-puolueet","tag-suomen-politiikka","tag-suomi","tag-top-stories","tag-topstories","tag-uutiset"],"share_on_mastodon":{"url":"https:\/\/pubeurope.com\/@fi\/117184876145745977","error":""},"_links":{"self":[{"href":"https:\/\/www.europesays.com\/fi\/wp-json\/wp\/v2\/posts\/337198","targetHints":{"allow":["GET"]}}],"collection":[{"href":"https:\/\/www.europesays.com\/fi\/wp-json\/wp\/v2\/posts"}],"about":[{"href":"https:\/\/www.europesays.com\/fi\/wp-json\/wp\/v2\/types\/post"}],"author":[{"embeddable":true,"href":"https:\/\/www.europesays.com\/fi\/wp-json\/wp\/v2\/users\/2"}],"replies":[{"embeddable":true,"href":"https:\/\/www.europesays.com\/fi\/wp-json\/wp\/v2\/comments?post=337198"}],"version-history":[{"count":0,"href":"https:\/\/www.europesays.com\/fi\/wp-json\/wp\/v2\/posts\/337198\/revisions"}],"wp:featuredmedia":[{"embeddable":true,"href":"https:\/\/www.europesays.com\/fi\/wp-json\/wp\/v2\/media\/337199"}],"wp:attachment":[{"href":"https:\/\/www.europesays.com\/fi\/wp-json\/wp\/v2\/media?parent=337198"}],"wp:term":[{"taxonomy":"category","embeddable":true,"href":"https:\/\/www.europesays.com\/fi\/wp-json\/wp\/v2\/categories?post=337198"},{"taxonomy":"post_tag","embeddable":true,"href":"https:\/\/www.europesays.com\/fi\/wp-json\/wp\/v2\/tags?post=337198"}],"curies":[{"name":"wp","href":"https:\/\/api.w.org\/{rel}","templated":true}]}}